{"id":496411,"date":"2021-03-05T12:36:39","date_gmt":"2021-03-05T16:36:39","guid":{"rendered":"https:\/\/diarioelpopular.com\/?p=496411"},"modified":"2021-03-05T12:36:39","modified_gmt":"2021-03-05T16:36:39","slug":"latinoamerica-mas-pobres-y-vulnerables","status":"publish","type":"post","link":"https:\/\/diarioelpopular.com\/index.php\/2021\/03\/05\/latinoamerica-mas-pobres-y-vulnerables\/","title":{"rendered":"Latinoam\u00e9rica: M\u00e1s pobres y vulnerables"},"content":{"rendered":"<div id=\"attachment_496412\" style=\"width: 310px\" class=\"wp-caption alignnone\"><img loading=\"lazy\" decoding=\"async\" aria-describedby=\"caption-attachment-496412\" class=\"size-medium wp-image-496412\" src=\"https:\/\/diarioelpopular.com\/wp-content\/uploads\/2021\/03\/2c9d5a7cf168b07af8fd7e1be4a326aa-300x200.jpg\" alt=\"\" width=\"300\" height=\"200\" srcset=\"https:\/\/diarioelpopular.com\/wp-content\/uploads\/2021\/03\/2c9d5a7cf168b07af8fd7e1be4a326aa-300x200.jpg 300w, https:\/\/diarioelpopular.com\/wp-content\/uploads\/2021\/03\/2c9d5a7cf168b07af8fd7e1be4a326aa-110x73.jpg 110w, https:\/\/diarioelpopular.com\/wp-content\/uploads\/2021\/03\/2c9d5a7cf168b07af8fd7e1be4a326aa.jpg 476w\" sizes=\"auto, (max-width: 300px) 100vw, 300px\" \/><p id=\"caption-attachment-496412\" class=\"wp-caption-text\"><em>Pobreza y desolaci\u00f3n, una imagen de Hait\u00ed<\/em><\/p><\/div>\n<h4><strong><em>La pandemia empeor\u00f3 situaci\u00f3n de millones de personas, CEPAL<\/em><\/strong><\/h4>\n<p><em><strong>SANTIAGO DE CHILE, 05 MAR &#8211;<\/strong> <\/em>Millones de latinoamericanos y caribe\u00f1os empeoraron su situaci\u00f3n econ\u00f3mica debido a la pandemia de Covid-19, en una regi\u00f3n que ha sufrido la mayor cantidad de muertes producto del virus, inform\u00f3 la Comisi\u00f3n Econ\u00f3mica para Am\u00e9rica latina y el Caribe (CEPAL).<br \/>\nLo sostuvo al hacer p\u00fablico el Panorama Social de la regi\u00f3n, en la cual &#8220;la tasa de pobreza extrema alcanzar\u00eda el 12,5% y la tasa de pobreza el 33,7%. Esto significar\u00eda un total de 209 millones de personas pobres a finales de 2020, 22 millones m\u00e1s que el a\u00f1o anterior&#8221;.<br \/>\nDe ese total, 78 millones de personas se encontrar\u00edan en situaci\u00f3n de pobreza extrema, 8 millones m\u00e1s que en 2019.<br \/>\nEl documento de 262 p\u00e1ginas anot\u00f3 que &#8220;en t\u00e9rminos de tasas de pobreza, es necesario remontarse hasta 2008 para encontrar una tasa similar (33,5%), lo que implica un retroceso de 12 a\u00f1os para la regi\u00f3n. Este retroceso es a\u00fan mayor en el caso de la pobreza extrema, pues se debe retroceder 20 a\u00f1os, hasta 2000, para encontrar una tasa similar (12,4%)&#8221;.<br \/>\nEl sombr\u00edo Panorama advierte que &#8220;dado que no se prev\u00e9 claramente una r\u00e1pida y plena recuperaci\u00f3n del mercado de trabajo a corto plazo, es necesario prestar atenci\u00f3n a los procesos de reactivaci\u00f3n econ\u00f3mica y al efectivo aumento y mantenimiento de la cobertura de los programas de protecci\u00f3n social de emergencia&#8221;.<br \/>\nLa CEPAL propone que estos programas de protecci\u00f3n social de emergencia incluyan &#8220;transferencias suficientes, u otras medidas como el congelamiento de los gastos b\u00e1sicos o el aplazamiento de las deudas, para evitar que una gran proporci\u00f3n de hogares vulnerables sufra p\u00e9rdidas patrimoniales significativas&#8221;.<br \/>\nRecalca la necesidad de &#8220;avanzar hacia la construcci\u00f3n de sistemas de protecci\u00f3n social universales e integrales&#8221;.<br \/>\nEl informe da cuenta, asimismo, de la ca\u00edda del empleo provocado por la pandemia en la mayor\u00eda de los pa\u00edses de la regi\u00f3n, aunque \u00e9sta es menor a la esperada debido a la disminuci\u00f3n de la fuerza de trabajo que redujo la presi\u00f3n sobre el mercado laboral.<br \/>\n&#8220;Al comparar la variaci\u00f3n interanual de los indicadores laborales en el segundo trimestre para 14 pa\u00edses de la regi\u00f3n, se observa un incremento en la tasa de desocupaci\u00f3n de 2,6 puntos porcentuales y una reducci\u00f3n de las tasas de ocupaci\u00f3n y participaci\u00f3n de 10,0 y 9,5 puntos porcentuales, respectivamente&#8221;, precisa el texto.<br \/>\nSeg\u00fan la CEPAL, la reducci\u00f3n del empleo a nivel regional fue mayor para las mujeres (18,1%) que para los hombres (15,1%).<br \/>\nEn 9 de los 12 pa\u00edses examinados, la reducci\u00f3n interanual de la tasa de participaci\u00f3n laboral de las mujeres en el segundo trimestre de 2020 es mayor que para los hombres.<br \/>\nOtro sector muy afectado son los trabajadores migrantes internacionales, por su inserci\u00f3n laboral precaria, el menor acceso a los sistemas de protecci\u00f3n social, la carencia de redes de apoyo como aquellas con las que cuentan en su pa\u00eds de origen, la discriminaci\u00f3n, la exclusi\u00f3n legal y el desconocimiento de procedimientos administrativos.<br \/>\nEl documento reconoce la importancia de las medidas de protecci\u00f3n social que han adoptado los pa\u00edses de la regi\u00f3n &#8220;pese a su limitada suficiencia y temporalidad&#8221; y que &#8220;la mayor\u00eda de las medidas han tenido como finalidad satisfacer necesidades b\u00e1sicas y sostener el consumo&#8221;.<br \/>\nLa CEPAL abog\u00f3 por considerar m\u00e1s que nunca un ingreso b\u00e1sico universal, las transferencias universales para la infancia y la expansi\u00f3n de las pensiones sociales, adem\u00e1s de garantizar el derecho a un trabajo decente, con acceso a protecci\u00f3n social para todos los trabajadores.<br \/>\nEn otro cap\u00edtulo analiz\u00f3 el gasto social, constatando una gran heterogeneidad.<br \/>\n&#8220;Ocho pa\u00edses asignan menos del 10% del PIB al gasto p\u00fablico social del gobierno central y tres que superan el 17% (Brasil, Chile y Uruguay). En Am\u00e9rica del Sur y en el Caribe solo un pa\u00eds se mantiene en el grupo de menor gasto del gobierno central, mientras que solo dos pa\u00edses superan este umbral en Centroam\u00e9rica\u00f9, ejemplific\u00f3.<br \/>\nLa cantidad de recursos por persona tambi\u00e9n es un indicador de dicha heterogeneidad. Chile y Uruguay destinan m\u00e1s de 2.500 d\u00f3lares por persona al a\u00f1o, Barbados, las Bahamas y Trinidad y Tobago m\u00e1s de 2.000 d\u00f3lares. Entretanto, Bolivia, El Salvador, Guatemala, Nicaragua y Honduras destinan montos per c\u00e1pita que van de 351 a 175 d\u00f3lares al a\u00f1o.<br \/>\nOtro aspecto relevante que menciona el documento, y que reafirm\u00f3 Alicia B\u00e1rcena hoy, es que &#8220;la pandemia de COVID-19 est\u00e1 agudizando las desigualdades de g\u00e9nero en el mercado laboral&#8221;.<br \/>\n&#8220;La tasa de desocupaci\u00f3n de las mujeres a nivel regional podr\u00eda ubicarse en alrededor del 15,2% y la de los hombres, en un 12,3%, al cierre de 2020, comparadas con un 9,6% y un 7,1%, respectivamente en 2019. Se proyectaba adem\u00e1s que el n\u00famero de mujeres en situaci\u00f3n de pobreza alcanzar\u00eda la cifra de 118 millones en 2020&#8221;, indic\u00f3 el documento.<br \/>\nEl coronavirus afecta especialmente a las mujeres, agrega, quienes se encuentran en la primera l\u00ednea de respuesta para realizar las tareas de cuidado y prevenir la propagaci\u00f3n del virus. &#8220;En la regi\u00f3n, un 73,2% de quienes se ocupan en el sector de la salud son mujeres&#8221;, afirm\u00f3.<br \/>\nEl organismo de la ONU tambi\u00e9n postula &#8220;la creaci\u00f3n de puestos de trabajo para atender las demandas de cuidado infantil y de educaci\u00f3n oportuna (que) puede considerarse otra herramienta potente que contribuir\u00eda a revertir la crisis mediante la inversi\u00f3n en la econom\u00eda del cuidado. Con la creaci\u00f3n de empleos tambi\u00e9n se produce un aumento de la demanda agregada, lo que dinamiza la econom\u00eda&#8221;.<br \/>\nPor \u00faltimo, advierte los riesgos que implica para la democracia la crisis desatada por la pandemia.<br \/>\n&#8220;La proporci\u00f3n de quienes est\u00e1n de acuerdo con que se gobierna para unos cuantos grupos poderosos pas\u00f3 del 60,9% en 2009 al 78,8% en 2018, lo que da cuenta de un aumento en la percepci\u00f3n de falta de representaci\u00f3n y protecci\u00f3n del inter\u00e9s de la ciudadan\u00eda&#8221;, subray\u00f3.<\/p>\n","protected":false},"excerpt":{"rendered":"<p>La pandemia empeor\u00f3 situaci\u00f3n de millones de personas, CEPAL SANTIAGO DE CHILE, 05 MAR &#8211; Millones de latinoamericanos y caribe\u00f1os empeoraron su situaci\u00f3n econ\u00f3mica debido&hellip;<\/p>\n","protected":false},"author":99,"featured_media":496412,"comment_status":"open","ping_status":"open","sticky":false,"template":"","format":"standard","meta":{"footnotes":""},"categories":[11358],"tags":[],"class_list":["post-496411","post","type-post","status-publish","format-standard","has-post-thumbnail","hentry","category-especiales"],"_links":{"self":[{"href":"https:\/\/diarioelpopular.com\/index.php\/wp-json\/wp\/v2\/posts\/496411","targetHints":{"allow":["GET"]}}],"collection":[{"href":"https:\/\/diarioelpopular.com\/index.php\/wp-json\/wp\/v2\/posts"}],"about":[{"href":"https:\/\/diarioelpopular.com\/index.php\/wp-json\/wp\/v2\/types\/post"}],"author":[{"embeddable":true,"href":"https:\/\/diarioelpopular.com\/index.php\/wp-json\/wp\/v2\/users\/99"}],"replies":[{"embeddable":true,"href":"https:\/\/diarioelpopular.com\/index.php\/wp-json\/wp\/v2\/comments?post=496411"}],"version-history":[{"count":1,"href":"https:\/\/diarioelpopular.com\/index.php\/wp-json\/wp\/v2\/posts\/496411\/revisions"}],"predecessor-version":[{"id":496413,"href":"https:\/\/diarioelpopular.com\/index.php\/wp-json\/wp\/v2\/posts\/496411\/revisions\/496413"}],"wp:featuredmedia":[{"embeddable":true,"href":"https:\/\/diarioelpopular.com\/index.php\/wp-json\/wp\/v2\/media\/496412"}],"wp:attachment":[{"href":"https:\/\/diarioelpopular.com\/index.php\/wp-json\/wp\/v2\/media?parent=496411"}],"wp:term":[{"taxonomy":"category","embeddable":true,"href":"https:\/\/diarioelpopular.com\/index.php\/wp-json\/wp\/v2\/categories?post=496411"},{"taxonomy":"post_tag","embeddable":true,"href":"https:\/\/diarioelpopular.com\/index.php\/wp-json\/wp\/v2\/tags?post=496411"}],"curies":[{"name":"wp","href":"https:\/\/api.w.org\/{rel}","templated":true}]}}