{"id":496414,"date":"2021-03-05T12:38:47","date_gmt":"2021-03-05T16:38:47","guid":{"rendered":"https:\/\/diarioelpopular.com\/?p=496414"},"modified":"2021-03-05T12:38:47","modified_gmt":"2021-03-05T16:38:47","slug":"brasil-podria-tener-3-mil-muertes-diarias","status":"publish","type":"post","link":"https:\/\/diarioelpopular.com\/index.php\/2021\/03\/05\/brasil-podria-tener-3-mil-muertes-diarias\/","title":{"rendered":"Brasil podr\u00eda tener 3 mil muertes diarias"},"content":{"rendered":"<div id=\"attachment_496415\" style=\"width: 310px\" class=\"wp-caption alignnone\"><img loading=\"lazy\" decoding=\"async\" aria-describedby=\"caption-attachment-496415\" class=\"size-medium wp-image-496415\" src=\"https:\/\/diarioelpopular.com\/wp-content\/uploads\/2021\/03\/cb17740b5ab42923d3cc5f4bdab7450f-300x200.jpg\" alt=\"\" width=\"300\" height=\"200\" srcset=\"https:\/\/diarioelpopular.com\/wp-content\/uploads\/2021\/03\/cb17740b5ab42923d3cc5f4bdab7450f-300x200.jpg 300w, https:\/\/diarioelpopular.com\/wp-content\/uploads\/2021\/03\/cb17740b5ab42923d3cc5f4bdab7450f-110x73.jpg 110w, https:\/\/diarioelpopular.com\/wp-content\/uploads\/2021\/03\/cb17740b5ab42923d3cc5f4bdab7450f.jpg 476w\" sizes=\"auto, (max-width: 300px) 100vw, 300px\" \/><p id=\"caption-attachment-496415\" class=\"wp-caption-text\"><em>Entierro en un camposanto de San Pablo<\/em><\/p><\/div>\n<h4><em><strong>Colapso de hospitales y aumento de casos, proyecciones<\/strong><\/em><\/h4>\n<p><em><strong>SAN PABLO, 05 MAR &#8211;<\/strong><\/em> Los miembros de los ministerios de Salud de los distintos estados brasile\u00f1os ya se preparan para el peor momento de la pandemia Covid-19, seg\u00fan informaci\u00f3n publicada hoy por el diario Valor Econ\u00f3mico, con el riesgo de tres mil decesos diarios pr\u00f3ximamente.<br \/>\nLas autoridades sanitarias estiman que en marzo habr\u00e1 una explosi\u00f3n de infecciones y muertes, con muertes que superan la marca de 3.000 por d\u00eda.<br \/>\nSeg\u00fan el diario, el gobierno de Jair Bolsonaro predijo esta cifra debido al vertiginoso aumento de casos en todo el pa\u00eds, tambi\u00e9n vinculado a la circulaci\u00f3n de nuevas variantes m\u00e1s agresivas.<br \/>\nEntre las razones enumeradas, tambi\u00e9n estar\u00eda el colapso del sistema hospitalario en varios estados al mismo tiempo y la falta de vacunas suficientes para toda la poblaci\u00f3n.<br \/>\nEl art\u00edculo se\u00f1ala que los ejecutivos del ministerio no tienen mucho que hacer en este momento m\u00e1s que alentar la reapertura de hospitales de campa\u00f1a en los estados.<\/p>\n","protected":false},"excerpt":{"rendered":"<p>Colapso de hospitales y aumento de casos, proyecciones SAN PABLO, 05 MAR &#8211; Los miembros de los ministerios de Salud de los distintos estados brasile\u00f1os&hellip;<\/p>\n","protected":false},"author":99,"featured_media":496415,"comment_status":"open","ping_status":"open","sticky":false,"template":"","format":"standard","meta":{"footnotes":""},"categories":[23],"tags":[],"class_list":["post-496414","post","type-post","status-publish","format-standard","has-post-thumbnail","hentry","category-latinoamerica"],"_links":{"self":[{"href":"https:\/\/diarioelpopular.com\/index.php\/wp-json\/wp\/v2\/posts\/496414","targetHints":{"allow":["GET"]}}],"collection":[{"href":"https:\/\/diarioelpopular.com\/index.php\/wp-json\/wp\/v2\/posts"}],"about":[{"href":"https:\/\/diarioelpopular.com\/index.php\/wp-json\/wp\/v2\/types\/post"}],"author":[{"embeddable":true,"href":"https:\/\/diarioelpopular.com\/index.php\/wp-json\/wp\/v2\/users\/99"}],"replies":[{"embeddable":true,"href":"https:\/\/diarioelpopular.com\/index.php\/wp-json\/wp\/v2\/comments?post=496414"}],"version-history":[{"count":1,"href":"https:\/\/diarioelpopular.com\/index.php\/wp-json\/wp\/v2\/posts\/496414\/revisions"}],"predecessor-version":[{"id":496416,"href":"https:\/\/diarioelpopular.com\/index.php\/wp-json\/wp\/v2\/posts\/496414\/revisions\/496416"}],"wp:featuredmedia":[{"embeddable":true,"href":"https:\/\/diarioelpopular.com\/index.php\/wp-json\/wp\/v2\/media\/496415"}],"wp:attachment":[{"href":"https:\/\/diarioelpopular.com\/index.php\/wp-json\/wp\/v2\/media?parent=496414"}],"wp:term":[{"taxonomy":"category","embeddable":true,"href":"https:\/\/diarioelpopular.com\/index.php\/wp-json\/wp\/v2\/categories?post=496414"},{"taxonomy":"post_tag","embeddable":true,"href":"https:\/\/diarioelpopular.com\/index.php\/wp-json\/wp\/v2\/tags?post=496414"}],"curies":[{"name":"wp","href":"https:\/\/api.w.org\/{rel}","templated":true}]}}