{"id":496418,"date":"2021-03-05T12:58:00","date_gmt":"2021-03-05T16:58:00","guid":{"rendered":"https:\/\/diarioelpopular.com\/?p=496418"},"modified":"2021-03-05T12:58:00","modified_gmt":"2021-03-05T16:58:00","slug":"una-campana-argentina-para-celebrar-a-francisco","status":"publish","type":"post","link":"https:\/\/diarioelpopular.com\/index.php\/2021\/03\/05\/una-campana-argentina-para-celebrar-a-francisco\/","title":{"rendered":"Una campa\u00f1a argentina para celebrar a Francisco"},"content":{"rendered":"<div id=\"attachment_496419\" style=\"width: 310px\" class=\"wp-caption alignnone\"><img loading=\"lazy\" decoding=\"async\" aria-describedby=\"caption-attachment-496419\" class=\"size-medium wp-image-496419\" src=\"https:\/\/diarioelpopular.com\/wp-content\/uploads\/2021\/03\/8a64054484648caacf0f8cb6a15bc231-300x220.jpg\" alt=\"\" width=\"300\" height=\"220\" srcset=\"https:\/\/diarioelpopular.com\/wp-content\/uploads\/2021\/03\/8a64054484648caacf0f8cb6a15bc231-300x220.jpg 300w, https:\/\/diarioelpopular.com\/wp-content\/uploads\/2021\/03\/8a64054484648caacf0f8cb6a15bc231-100x73.jpg 100w, https:\/\/diarioelpopular.com\/wp-content\/uploads\/2021\/03\/8a64054484648caacf0f8cb6a15bc231.jpg 476w\" sizes=\"auto, (max-width: 300px) 100vw, 300px\" \/><p id=\"caption-attachment-496419\" class=\"wp-caption-text\"><em>Francisco y la bandera argentina. Saludos y afectos que llega desde su tierra<\/em><br \/><em>(foto: ANSA)<\/em><\/p><\/div>\n<h4><em><strong>Impulsan muestra de afecto virtual para el octavo a\u00f1o del papado<\/strong><\/em><\/h4>\n<p><em><strong>BUENOS AIRES 05 MAR &#8211;<\/strong> <\/em>Una emotiva e impactante campa\u00f1a para celebrar el octavo aniversario de la elecci\u00f3n del Papa Francisco, ocurrida el 13 de marzo de 2013, se est\u00e1 desarrollando en Argentina bajo el eslogan &#8220;profeta en su tierra&#8221; y consiste en mensajes y videos que ser\u00e1n enviados al pont\u00edfice.<br \/>\nLa convocatoria es organizada por Generaci\u00f3n Francisco, una ONG que impulsa la &#8220;cultura del encuentro&#8221; y los Curas de la Periferia, que agrupa en lo que en Argentina se llama &#8220;curas villeros&#8221;, los sacerdotes que trabajan arduamente en \u00e1reas perif\u00e9ricas y vulnerables, conocidas como villas.<br \/>\n&#8220;Lo que busca la campa\u00f1a es hacerle llegar al Santo Padre el saludo de quienes quieran demostrar su afecto y adhesi\u00f3n, para que vuelva a sentir el cari\u00f1o de su pueblo que se mantiene intacto&#8221;, afirm\u00f3 V\u00edctor Lupo, ex secretario de Deportes de Argentina y exfuncionario, uno de los impulsores de este programa.<br \/>\n&#8220;Lo hacemos junto a la Pastoral Villera de los Curas de la Periferia&#8221;, aclar\u00f3 el dirigente, que resalt\u00f3 que &#8220;se trata del pueblo que lo quiere&#8221; porque &#8220;la campa\u00f1a se hace sin ning\u00fan apoyo de los estados.<br \/>\n&#8220;Entre los miles de mensajes que ya llegaron, hay muchos de intendentes de pueblitos peque\u00f1os perdidos en la enorme geograf\u00eda argentina&#8221; -desde las Periferias al decir de Jorge Bergoglio-, resalt\u00f3 Lupo.<br \/>\nOtro gran impulsor es el cura villero Pepe, cercano a Francisco, quien resalta que Bergoglio &#8220;nos acerca a Dios al tiempo que une a toda la Humanidad&#8221;.<br \/>\nDesde las p\u00e1ginas online de Mundo Amateur (https:\/\/elmundoamateur.com.ar\/), un portal deportivo y pol\u00edtico, se invita a todos para que, en forma individual o colectiva, env\u00eden al Santo Padre un saludo.<br \/>\n&#8220;Hagan participar a sus amigos, familiares, vecinos, compa\u00f1eros de trabajo o estudio para que el saludo sea realmente colectivo, intergeneracional y federal&#8221;, proclama el sitio.<br \/>\n&#8220;Francisco les pide a todos los hombres, creyentes o no, que recen por \u00e9l, comprometi\u00e9ndose \u00e9l mismo a hacerlo por todos.<br \/>\nExpresarle nuestro afecto es una manera de rezar y desearle lo mejor para su enorme tarea para el mundo entero&#8221;, resalt\u00f3 Lupo en di\u00e1logo con ANSA.<br \/>\nLos organizadores piden enviar un video (de no m\u00e1s de 2 minutos) por Whatsapp o un saludo escrito con foto al correo electr\u00f3nico aniversariofrancisco2021@gmail.com. Se debe indicar el nombre y lugar desde donde ese remite.<br \/>\n&#8220;Ser\u00e1 una expresi\u00f3n de afecto del pueblo argentino y latinoamericano a su compatriota y maestro&#8221;, dijo Lupo.<br \/>\nUna gran cantidad de dirigentes de todo el pa\u00eds ya hicieron llegar sus saludos, as\u00ed como funcionarios y afamados deportistas y tambi\u00e9n escritores, actores y periodistas.<br \/>\nEntre ellos la Secretaria de Deportes de Santa Fe, Claudia Giaccone; el presidente de la C\u00e1mara de diputados de Chaco, Hugo Sager y el vicegobernador de Salta, Antonio Marocco; as\u00ed como deportistas de la talla de la campeona del mundo de boxeo, Marcela &#8220;Tigresa&#8221; Acu\u00f1a; el exjugador y entrenador de v\u00f3leibol Jon Uriarte; la integrante del seleccionado argentino de h\u00f3ckey Paolina Carrizo o la mejor gimnasta de la historia naciona, Romina Plataroti, entre muchos.<br \/>\nEn los videos, a los que accedi\u00f3 ANSA de forma exclusiva, tambi\u00e9n aparecen numerosos dirigentes de Schollas Ocurrentes.<br \/>\nEl futbol tiene fuerte presencia con los exfutbolistas Oscar Rendo, Juan Ram\u00f3n &#8220;Lagarto&#8221; Fleita, Juan C. Guzm\u00e1n, Rafael Albretch, Osvaldo Potente y los &#8220;Matadores&#8221; campeones con San Lorenzo de Almagro en 1968, el club del cual el papa es hincha.<br \/>\nA estos hay que sumar decenas de presidentes de clubes de barrio de todo el pa\u00eds y el afamado actor Gast\u00f3n Pauls.<br \/>\nSobresale un mensaje emotivo del experimentado periodista y escritor Horacio Del Prado, quien en clave futbolera llama al papa &#8220;director t\u00e9cnico espiritual de todos nosotros&#8221; y le valora que &#8220;impulse el di\u00e1logo con el tiempo y la paciencia&#8221; &#8220;Que sigan los \u00e9xitos, entendi\u00e9ndose por \u00e9xito algo as\u00ed como ese abrazo extraordinario y amoroso como el que dio en Lapedusa&#8221;, completa Del Prado, en referencia a su encuentro sentido con inmigrantes en la isla italiana en 2013.<br \/>\n&#8220;\u00bfQui\u00e9n de nosotros ha llorado por la muerte de estos hermanos y hermanas, de todos aquellos que viajaban sobre las barcas, por las j\u00f3venes madres que llevaban a sus hijos, por estos hombres que buscaban cualquier cosa para mantener a sus familias? Somos una sociedad que ha olvidado la experiencia del llanto&#8230;&#8221;, indic\u00f3 Jorge Bergoglio entonces.<br \/>\n&#8220;La ilusi\u00f3n por lo insignificante, por lo provisional, nos lleva hacia la indiferencia hacia los otros, nos lleva a la globalizaci\u00f3n de la indiferencia&#8221;, complet\u00f3 en directo y preciso mensaje al mundo.<\/p>\n","protected":false},"excerpt":{"rendered":"<p>Impulsan muestra de afecto virtual para el octavo a\u00f1o del papado BUENOS AIRES 05 MAR &#8211; Una emotiva e impactante campa\u00f1a para celebrar el octavo&hellip;<\/p>\n","protected":false},"author":99,"featured_media":496419,"comment_status":"open","ping_status":"open","sticky":false,"template":"","format":"standard","meta":{"footnotes":""},"categories":[23],"tags":[],"class_list":["post-496418","post","type-post","status-publish","format-standard","has-post-thumbnail","hentry","category-latinoamerica"],"_links":{"self":[{"href":"https:\/\/diarioelpopular.com\/index.php\/wp-json\/wp\/v2\/posts\/496418","targetHints":{"allow":["GET"]}}],"collection":[{"href":"https:\/\/diarioelpopular.com\/index.php\/wp-json\/wp\/v2\/posts"}],"about":[{"href":"https:\/\/diarioelpopular.com\/index.php\/wp-json\/wp\/v2\/types\/post"}],"author":[{"embeddable":true,"href":"https:\/\/diarioelpopular.com\/index.php\/wp-json\/wp\/v2\/users\/99"}],"replies":[{"embeddable":true,"href":"https:\/\/diarioelpopular.com\/index.php\/wp-json\/wp\/v2\/comments?post=496418"}],"version-history":[{"count":1,"href":"https:\/\/diarioelpopular.com\/index.php\/wp-json\/wp\/v2\/posts\/496418\/revisions"}],"predecessor-version":[{"id":496420,"href":"https:\/\/diarioelpopular.com\/index.php\/wp-json\/wp\/v2\/posts\/496418\/revisions\/496420"}],"wp:featuredmedia":[{"embeddable":true,"href":"https:\/\/diarioelpopular.com\/index.php\/wp-json\/wp\/v2\/media\/496419"}],"wp:attachment":[{"href":"https:\/\/diarioelpopular.com\/index.php\/wp-json\/wp\/v2\/media?parent=496418"}],"wp:term":[{"taxonomy":"category","embeddable":true,"href":"https:\/\/diarioelpopular.com\/index.php\/wp-json\/wp\/v2\/categories?post=496418"},{"taxonomy":"post_tag","embeddable":true,"href":"https:\/\/diarioelpopular.com\/index.php\/wp-json\/wp\/v2\/tags?post=496418"}],"curies":[{"name":"wp","href":"https:\/\/api.w.org\/{rel}","templated":true}]}}