{"id":496421,"date":"2021-03-06T10:57:59","date_gmt":"2021-03-06T14:57:59","guid":{"rendered":"https:\/\/diarioelpopular.com\/?p=496421"},"modified":"2021-03-06T10:59:08","modified_gmt":"2021-03-06T14:59:08","slug":"medicos-de-ontario-frustrados-por-el-plan-de-lanzamiento-de-vacunas-del-gobierno-de-ford","status":"publish","type":"post","link":"https:\/\/diarioelpopular.com\/index.php\/2021\/03\/06\/medicos-de-ontario-frustrados-por-el-plan-de-lanzamiento-de-vacunas-del-gobierno-de-ford\/","title":{"rendered":"M\u00e9dicos de Ontario &#8220;frustrados&#8221; por el plan de lanzamiento de vacunas del gobierno de Ford"},"content":{"rendered":"<p>&nbsp;<\/p>\n<h4><img loading=\"lazy\" decoding=\"async\" class=\"alignnone size-medium wp-image-496425\" src=\"https:\/\/diarioelpopular.com\/wp-content\/uploads\/2021\/03\/1.Screen-Shot-2021-03-06-at-9.41-300x164.gif\" alt=\"\" width=\"300\" height=\"164\" srcset=\"https:\/\/diarioelpopular.com\/wp-content\/uploads\/2021\/03\/1.Screen-Shot-2021-03-06-at-9.41-300x164.gif 300w, https:\/\/diarioelpopular.com\/wp-content\/uploads\/2021\/03\/1.Screen-Shot-2021-03-06-at-9.41-768x420.gif 768w, https:\/\/diarioelpopular.com\/wp-content\/uploads\/2021\/03\/1.Screen-Shot-2021-03-06-at-9.41-1200x656.gif 1200w, https:\/\/diarioelpopular.com\/wp-content\/uploads\/2021\/03\/1.Screen-Shot-2021-03-06-at-9.41-636x348.gif 636w, https:\/\/diarioelpopular.com\/wp-content\/uploads\/2021\/03\/1.Screen-Shot-2021-03-06-at-9.41-133x73.gif 133w\" sizes=\"auto, (max-width: 300px) 100vw, 300px\" \/><\/h4>\n<h4><em><strong>&#8211; Los m\u00e9dicos de familia dicen que est\u00e1n frustrados por la falta de comunicaci\u00f3n y claridad sobre el plan de implementaci\u00f3n de la vacuna COVID-19 de la provincia, ya que sus cl\u00ednicas contin\u00faan inundadas de llamadas telef\u00f3nicas de pacientes que solicitan detalles sobre la inoculaci\u00f3n.<\/strong><\/em><\/h4>\n<h4><em><strong>&#8211; Toronto, Peel ingresar\u00e1 a la &#8216;Zona Gris&#8217; este lunes, el comercio minorista puede reabrir con l\u00edmites de capacidad<\/strong><\/em><\/h4>\n<p><em><strong>TORONTO.-<\/strong> <\/em>\u201cEl personal est\u00e1 abrumado por esto\u201d, dijo el Dr. Yoel Abells de su cl\u00ednica de este ciudad ubicada en Eglinton Avenue West.<\/p>\n<p>\u201cExiste una enorme frustraci\u00f3n entre los m\u00e9dicos, hay incertidumbre sobre el tema de la comunicaci\u00f3n, hay incertidumbre sobre qu\u00e9 decirle a los pacientes y el impacto de eso es m\u00e1s que solo para nosotros. La gente de la comunidad est\u00e1 preocupada &#8220;.<\/p>\n<p>\u201cNuestros tel\u00e9fonos han estado sonando con preguntas sobre las vacunas COVID\u201d, agreg\u00f3 la Dra. Farah Jetha del Crosstown Family Health Team.<\/p>\n<p>&#8220;A\u00fan no hemos recibido orientaci\u00f3n sobre el suministro de vacunas en nuestra oficina, pero tambi\u00e9n se espera que proporcionemos esta orientaci\u00f3n a nuestros pacientes a medida que la escuchan en las noticias&#8221;.<\/p>\n<p>Abells cree que la culpa es del gobierno de Doug Ford, que dijo que tuvo meses para preparar y transmitir un plan de distribuci\u00f3n para los m\u00e9dicos de la provincia, pero reci\u00e9n ahora est\u00e1 dando a conocer detalles sobre el papel que desempe\u00f1ar\u00e1n los m\u00e9dicos en el proceso de vacunaci\u00f3n.<\/p>\n<p>&#8220;Es reactivo en lugar de proactivo&#8221;, dijo Abells. &#8220;El mayor error es que sab\u00edamos que la vacuna llegar\u00eda hace tres o cuatro meses y hace tres o cuatro meses deber\u00edan haber comenzado a implementar un plan&#8221;.<\/p>\n<p>Dijo que sus pacientes ahora se est\u00e1n inscribiendo en varios sitios, sin estar seguros de qu\u00e9 ubicaci\u00f3n les garantizar\u00e1 la vacuna, lo que tambi\u00e9n est\u00e1 creando un gran retraso en el sistema.<\/p>\n<p>Abells tambi\u00e9n afirma que la confusi\u00f3n podr\u00eda haberse evitado si la provincia hubiera incluido un m\u00e9dico de familia en el grupo de trabajo de vacunaci\u00f3n anunciado a principios de diciembre del a\u00f1o pasado.<\/p>\n<p>&#8220;Somos los que administramos la mayor\u00eda de las vacunas contra la influenza, la mayor\u00eda de las vacunas generales&#8221;, dijo. \u201cSabemos c\u00f3mo funciona, sabemos qu\u00e9 van a preguntar los pacientes, sabemos qu\u00e9 les preocupa. No nos llevaron a la mesa, a la discusi\u00f3n, hasta hace relativamente poco tiempo &#8220;.<\/p>\n<p>El viernes, el general retirado Rick Hillier, jefe del grupo de trabajo de distribuci\u00f3n de vacunas de Ontario, dio algo de claridad a los m\u00e9dicos de familia que buscan comenzar con las vacunas.<\/p>\n<p>\u201cSer\u00e1n parte del lanzamiento de AstraZeneca que comenzar\u00e1 literalmente la pr\u00f3xima semana\u201d, dijo Hillier.<\/p>\n<p>Agreg\u00f3 que los m\u00e9dicos podr\u00e1n vacunar a los pacientes de tres maneras: ya sea en sus propias cl\u00ednicas, en un sitio de vacunaci\u00f3n masiva mientras se asocian con varios otros m\u00e9dicos, o mediante lo que \u00e9l llam\u00f3 un enfoque de &#8216;equipo SWAT&#8217;, donde los m\u00e9dicos van. directamente a las residencias para vacunar a las personas con enfermedades cr\u00f3nicas.<\/p>\n<p>Hillier no especific\u00f3 cu\u00e1ndo los m\u00e9dicos sabr\u00edan en qu\u00e9 proceso de inoculaci\u00f3n participar\u00e1n o qui\u00e9n decidir\u00e1 por ellos. Tampoco proporcion\u00f3 una fecha exacta en la que los m\u00e9dicos recibir\u00edan las dosis para administrar a sus pacientes.<\/p>\n<p>\u201cLos m\u00e9dicos de familia son parte del despliegue aqu\u00ed\u201d, dijo. \u201cTendr\u00e1n m\u00e1s y m\u00e1s informaci\u00f3n en los pr\u00f3ximos d\u00edas y semanas a medida que vayan apareciendo las vacunas\u201d.<\/p>\n<p>Abells dijo que el gobierno ahora se est\u00e1 moviendo en la direcci\u00f3n correcta al brindar cierta claridad esta semana, pero se pregunta por qu\u00e9 los planes de vacunaci\u00f3n en las cl\u00ednicas de m\u00e9dicos de familia no estaban ya firmemente establecidos antes de que llegaran las vacunas.<\/p>\n<p>Mientras tanto, est\u00e1 implorando a sus pacientes y a otras personas que no se registren en m\u00faltiples cl\u00ednicas de vacunaci\u00f3n debido al p\u00e1nico.<\/p>\n<p>\u201cAverig\u00fce qu\u00e9 hospital es responsable de su regi\u00f3n y luego reg\u00edstrese all\u00ed\u201d, dijo. \u201cNo se registre en varios lugares. No solo no aumentar\u00e1 sus posibilidades de recibir la vacuna, o si lo hace, es m\u00ednima, sino que tambi\u00e9n sobrecargar\u00e1 el sistema &#8220;.<\/p>\n<p>Mientras tanto, ni Abells ni Jetha han sabido cu\u00e1ndo sus cl\u00ednicas recibir\u00e1n la vacuna AstraZeneca, a pesar de que Hillier dijo en su conferencia de prensa que ser\u00eda la pr\u00f3xima semana.<\/p>\n<p>\u201cEsperamos que con la nueva aprobaci\u00f3n de las vacunas AstraZeneca y Johnson and Johnson estaremos m\u00e1s involucrados en el proceso de implementaci\u00f3n y podamos vacunar a nuestros pacientes pronto\u201d, dijo Jetha.<\/p>\n<p>&nbsp;<\/p>\n<h4><em><strong>Toronto, Peel ingresar\u00e1 a la &#8216;Zona Gris&#8217; este lunes, el comercio minorista puede reabrir con l\u00edmites de capacidad<\/strong><\/em><\/h4>\n<div id=\"attachment_496422\" style=\"width: 310px\" class=\"wp-caption alignnone\"><img loading=\"lazy\" decoding=\"async\" aria-describedby=\"caption-attachment-496422\" class=\"size-medium wp-image-496422\" src=\"https:\/\/diarioelpopular.com\/wp-content\/uploads\/2021\/03\/kW03xvoxAwyaPVj0-300x169.jpg\" alt=\"\" width=\"300\" height=\"169\" srcset=\"https:\/\/diarioelpopular.com\/wp-content\/uploads\/2021\/03\/kW03xvoxAwyaPVj0-300x169.jpg 300w, https:\/\/diarioelpopular.com\/wp-content\/uploads\/2021\/03\/kW03xvoxAwyaPVj0-768x432.jpg 768w, https:\/\/diarioelpopular.com\/wp-content\/uploads\/2021\/03\/kW03xvoxAwyaPVj0-1200x675.jpg 1200w, https:\/\/diarioelpopular.com\/wp-content\/uploads\/2021\/03\/kW03xvoxAwyaPVj0-636x358.jpg 636w, https:\/\/diarioelpopular.com\/wp-content\/uploads\/2021\/03\/kW03xvoxAwyaPVj0-130x73.jpg 130w, https:\/\/diarioelpopular.com\/wp-content\/uploads\/2021\/03\/kW03xvoxAwyaPVj0.jpg 1024w\" sizes=\"auto, (max-width: 300px) 100vw, 300px\" \/><p id=\"caption-attachment-496422\" class=\"wp-caption-text\"><em>La alcaldesa de Mississauga, Bonnie Crombie. (Twitter \/ @ BonnieCrombie).<\/em><\/p><\/div>\n<p><em><strong>TORONTO.-<\/strong><\/em> El gobierno de Ford est\u00e1 trasladando a esta ciudad y la regi\u00f3n de Peel a la zona de &#8220;bloqueo gris&#8221; del marco de respuesta provincial de COVID-19, y ha optado por permitir que algunas empresas vuelvan a abrir por primera vez desde 2020.<\/p>\n<p>Ambas regiones se trasladar\u00e1n a la Zona Gris a partir de este lunes 8 de marzo.<\/p>\n<p>Viene siguiendo recomendaciones separadas de Toronto y el director m\u00e9dico de salud de Peel, la Dra. Eileen de Villa y Lawrence Loh.<\/p>\n<p>\u201cNuestro gobierno est\u00e1 adoptando un enfoque seguro y cauteloso para regresar al Marco y debido a nuestro progreso, todas las regiones de la provincia pronto saldr\u00e1n del cierre provincial\u201d, dijo Christine Elliott, Vicepremier y Ministra de Salud.<\/p>\n<p>\u201cA pesar de este positivo paso adelante, un regreso al Marco no es un regreso a la normalidad. A medida que continuamos vacunando a m\u00e1s habitantes de Ontario, sigue siendo fundamental que todos sigan cumpliendo las medidas de salud p\u00fablica y se queden en casa tanto como sea posible para protegerse a s\u00ed mismos, a sus seres queridos y a sus comunidades \u201d.<\/p>\n<p>La Zona Gris ve algunos l\u00edmites de espacio, incluido el 50 por ciento de capacidad para supermercados y otras tiendas que venden principalmente comestibles, tiendas de conveniencia, farmacias y el 25 por ciento para todos los dem\u00e1s minoristas, incluidos, entre otros, los minoristas de descuento y grandes, licorer\u00edas, ferreter\u00edas y centros de jardiner\u00eda.<\/p>\n<p>Se permite la recogida y entrega en la acera y las tiendas deben publicar el l\u00edmite de capacidad p\u00fablicamente.<\/p>\n<p>El distrito de North Bay Parry Sound regresar\u00e1 al nivel &#8220;Red-Control&#8221;. Las tres unidades de salud fueron las \u00fanicas de la provincia que permanecieron bajo orden de permanencia en casa.<\/p>\n<p>Adem\u00e1s, seg\u00fan los datos m\u00e1s recientes, las siguientes siete regiones de salud p\u00fablica tambi\u00e9n pasar\u00e1n a los siguientes niveles en el Marco:<\/p>\n<p><em><strong>Control rojo<\/strong><\/em><\/p>\n<p>Salud P\u00fablica de Peterborough;<\/p>\n<p>Salud P\u00fablica Sudbury y Distritos; y<\/p>\n<p>Unidad de Salud del Distrito de Simcoe-Muskoka.<\/p>\n<p><em><strong>Restringir naranja<\/strong><\/em><\/p>\n<p>Unidad de Salud de Haldimand-Norfolk; y<\/p>\n<p>Unidad de Salud Timiskaming.<\/p>\n<p><strong><em>Amarillo-Proteger<\/em><\/strong><\/p>\n<p>Haliburton, Kawartha, Unidad de Salud del Distrito de Pine Ridge; y<\/p>\n<p>Unidad de Salud del Condado y Distrito de Renfrew.<\/p>\n<p>El director m\u00e9dico de la provincia, el Dr. David Williams, dijo que est\u00e1 preocupado por las tasas de positividad de las pruebas y m\u00e1s variantes infecciosas en esas regiones, y que la reapertura debe ser cautelosa.<\/p>\n<p>&#8220;Otras 678 variantes confirmadas de preocupaci\u00f3n&#8221;, dijo Williams. &#8220;As\u00ed que tenemos que tener mucho cuidado mientras esperamos las vacunas&#8221;.<\/p>\n<p>El alcalde de Toronto, John Tory, ha seguido respaldando las recomendaciones del principal m\u00e9dico de la ciudad y cree que la &#8220;zona gris&#8221; es donde pertenece la ciudad.<\/p>\n<p>&#8220;Creo que este es el enfoque correcto&#8221;, dijo Tory. &#8220;Y se basa en los consejos de salud p\u00fablica en los que hemos confiado durante esta pandemia&#8221;.<\/p>\n<p>En declaraciones a Breakfast Television, Tory dijo que le habr\u00eda gustado que el traslado a la &#8220;zona gris&#8221; ocurriera lo antes posible para brindar alivio a algunas empresas.<\/p>\n<p>&#8220;Me alegrar\u00eda si la &#8216;zona gris&#8217; comenzara el s\u00e1bado para que la gente pudiera salir y frecuentar algunas de estas tiendas que abrir\u00e1n con restricciones de capacidad&#8221;, dijo Tory.<\/p>\n<p>Toronto ha estado bajo estrictas medidas de cierre durante m\u00e1s de 100 d\u00edas y un cambio al marco de color de la provincia traer\u00eda restricciones menos severas.<\/p>\n<p>\u201cEsta es, con mucho, la medida de bloqueo m\u00e1s severa que se ha utilizado en Am\u00e9rica del Norte\u201d, dice Dan Kelly de la Federaci\u00f3n Canadiense de Negocios Independientes. &#8220;A pesar del hecho de que Canad\u00e1, Ontario y Toronto no se acercan al nivel m\u00e1s alto de cifras de COVID&#8221;.<\/p>\n<p>La ciudad entr\u00f3 en su segundo bloqueo el 23 de noviembre del a\u00f1o pasado y el primer ministro Doug Ford emiti\u00f3 otro estado de emergencia y finalmente transfiri\u00f3 la provincia al bloqueo en el Boxing Day con una orden de quedarse en casa que entr\u00f3 en vigencia el 14 de enero.<\/p>\n<p>El Dr. de Villa dijo el mi\u00e9rcoles que las variantes de inter\u00e9s en la ciudad se hab\u00edan duplicado en la \u00faltima semana y que abrir bajo la zona de &#8220;Control Rojo&#8221; no es aconsejable en este momento.<\/p>\n<p>En general, los recuentos de casos en la actualidad requieren un enfoque cauteloso que nos permita reabrir y hacerlo de la manera m\u00e1s segura posible \u201d, dijo de Villa. &#8220;El n\u00famero de variante no est\u00e1 donde quiero que est\u00e9&#8221;.<\/p>\n<p>La alcaldesa Bonnie Crombie de Mississauga est\u00e1 decepcionada con la decisi\u00f3n del gobierno, ya que hab\u00eda estado abogando por que la regi\u00f3n de Peel ingresara a la Zona de Control Rojo, en lugar de la Zona Gris.<\/p>\n<p>Public\u00f3 un comunicado en Twitter, en el que dijo que \u201cnuestra comunidad de peque\u00f1as empresas ha tenido que pagar un precio incre\u00edble durante esta pandemia\u201d, mientras que las regiones vecinas han podido reabrir varios negocios al ingresar a la Zona Roja.<\/p>\n<p>La alcaldesa de Mississauga agrega que seguir\u00e1 siguiendo los consejos del Dr. Loh y &#8220;seguir\u00e1 la ciencia para proteger la salud y el bienestar de todos los habitantes de Mississauga&#8221;. Ella se hace eco del consejo del Dr. Loh, diciendo que &#8220;mudarnos a la Zona Gris puede darnos la mejor oportunidad de mantener a raya las variantes&#8221;.<\/p>\n<p>El Dr. Loh se hizo eco de los sentimientos de De Villa diciendo que las cifras en la regi\u00f3n de Peel no han mejorado lo suficiente como para justificar la flexibilizaci\u00f3n de las restricciones, y que la regi\u00f3n ha experimentado una &#8220;reversi\u00f3n de las tendencias favorables&#8221; en las \u00faltimas semanas.<\/p>\n<p>Loh cit\u00f3 n\u00fameros particularmente problem\u00e1ticos en Brampton y la semana pasada, la alcaldesa de Mississauga, Bonnie Crombie, dijo que quer\u00eda que su ciudad se pusiera en la zona de &#8220;control rojo&#8221; cuando expirara la orden, incluso si el resto de la regi\u00f3n permanec\u00eda encerrado.<\/p>\n<p>Tanto el Dr. Loh como el alcalde de Brampton, Patrick Brown, rechazaron la idea de tener diferentes medidas de salud p\u00fablica dentro de la misma regi\u00f3n.<\/p>\n<p>&#8220;Ahora entiendo por qu\u00e9 el Dr. Loh no le pide a la provincia que nos mueva a la zona roja&#8221;, dijo Crombie el jueves.<\/p>\n<p>La regi\u00f3n de York entr\u00f3 en la zona de &#8220;control rojo&#8221; la semana pasada, uni\u00e9ndose a Durham, Halton, Hamilton y otras regiones en el proceso. El gobierno decidi\u00f3 detener a Toronto y Peel despu\u00e9s de la preocupaci\u00f3n expresada por los funcionarios de salud en ambas regiones.<\/p>\n<p>&nbsp;<\/p>\n<p>&nbsp;<\/p>\n<p>&nbsp;<\/p>\n","protected":false},"excerpt":{"rendered":"<p>&nbsp; &#8211; Los m\u00e9dicos de familia dicen que est\u00e1n frustrados por la falta de comunicaci\u00f3n y claridad sobre el plan de implementaci\u00f3n de la vacuna&hellip;<\/p>\n","protected":false},"author":99,"featured_media":496423,"comment_status":"open","ping_status":"open","sticky":false,"template":"","format":"standard","meta":{"footnotes":""},"categories":[21,11191],"tags":[],"class_list":["post-496421","post","type-post","status-publish","format-standard","has-post-thumbnail","hentry","category-canada","category-top-news"],"_links":{"self":[{"href":"https:\/\/diarioelpopular.com\/index.php\/wp-json\/wp\/v2\/posts\/496421","targetHints":{"allow":["GET"]}}],"collection":[{"href":"https:\/\/diarioelpopular.com\/index.php\/wp-json\/wp\/v2\/posts"}],"about":[{"href":"https:\/\/diarioelpopular.com\/index.php\/wp-json\/wp\/v2\/types\/post"}],"author":[{"embeddable":true,"href":"https:\/\/diarioelpopular.com\/index.php\/wp-json\/wp\/v2\/users\/99"}],"replies":[{"embeddable":true,"href":"https:\/\/diarioelpopular.com\/index.php\/wp-json\/wp\/v2\/comments?post=496421"}],"version-history":[{"count":2,"href":"https:\/\/diarioelpopular.com\/index.php\/wp-json\/wp\/v2\/posts\/496421\/revisions"}],"predecessor-version":[{"id":496426,"href":"https:\/\/diarioelpopular.com\/index.php\/wp-json\/wp\/v2\/posts\/496421\/revisions\/496426"}],"wp:featuredmedia":[{"embeddable":true,"href":"https:\/\/diarioelpopular.com\/index.php\/wp-json\/wp\/v2\/media\/496423"}],"wp:attachment":[{"href":"https:\/\/diarioelpopular.com\/index.php\/wp-json\/wp\/v2\/media?parent=496421"}],"wp:term":[{"taxonomy":"category","embeddable":true,"href":"https:\/\/diarioelpopular.com\/index.php\/wp-json\/wp\/v2\/categories?post=496421"},{"taxonomy":"post_tag","embeddable":true,"href":"https:\/\/diarioelpopular.com\/index.php\/wp-json\/wp\/v2\/tags?post=496421"}],"curies":[{"name":"wp","href":"https:\/\/api.w.org\/{rel}","templated":true}]}}