{"id":496427,"date":"2021-03-07T11:59:48","date_gmt":"2021-03-07T15:59:48","guid":{"rendered":"https:\/\/diarioelpopular.com\/?p=496427"},"modified":"2021-03-07T11:59:48","modified_gmt":"2021-03-07T15:59:48","slug":"el-coronavirus-impulsa-a-algunos-recien-llegados-a-abandonar-canada-hacia-sus-paises-de-origen","status":"publish","type":"post","link":"https:\/\/diarioelpopular.com\/index.php\/2021\/03\/07\/el-coronavirus-impulsa-a-algunos-recien-llegados-a-abandonar-canada-hacia-sus-paises-de-origen\/","title":{"rendered":"El coronavirus impulsa a algunos reci\u00e9n llegados a abandonar Canad\u00e1 hacia sus pa\u00edses de origen"},"content":{"rendered":"<p><img loading=\"lazy\" decoding=\"async\" class=\"alignnone size-medium wp-image-496430\" src=\"https:\/\/diarioelpopular.com\/wp-content\/uploads\/2021\/03\/pearsoninterior-300x169.jpg\" alt=\"\" width=\"300\" height=\"169\" srcset=\"https:\/\/diarioelpopular.com\/wp-content\/uploads\/2021\/03\/pearsoninterior-300x169.jpg 300w, https:\/\/diarioelpopular.com\/wp-content\/uploads\/2021\/03\/pearsoninterior-636x360.jpg 636w, https:\/\/diarioelpopular.com\/wp-content\/uploads\/2021\/03\/pearsoninterior-130x73.jpg 130w, https:\/\/diarioelpopular.com\/wp-content\/uploads\/2021\/03\/pearsoninterior.jpg 640w\" sizes=\"auto, (max-width: 300px) 100vw, 300px\" \/><\/p>\n<h4><em><strong>&#8211; El trastorno econ\u00f3mico y vital causado por la pandemia de COVID-19 ha llevado a muchos inmigrantes recientes a abandonar Canad\u00e1 y regresar a sus pa\u00edses de origen, donde tienen m\u00e1s conexiones sociales y familiares.<\/strong><\/em><\/h4>\n<h4><em><strong>&#8211; Ontario reporta casi 1300 nuevos casos de coronavirus, 15 muertes m\u00e1s<\/strong><\/em><\/h4>\n<h4><em><strong>&#8211; Salud p\u00fablica de Hamilton investiga vacunas COVID-19 administradas a destinatarios no elegibles<\/strong><\/em><\/h4>\n<p><em><strong>OTTAWA.-<\/strong> <\/em>El n\u00famero de residentes permanentes que han estado en Canad\u00e1 por menos de cinco a\u00f1os disminuy\u00f3 en un cuatro por ciento a 1.019.000 para fines de 2020 de 1.060.000 el a\u00f1o anterior, seg\u00fan un an\u00e1lisis de la encuesta de poblaci\u00f3n activa de Statistics Canada que mide el n\u00famero de trabajadores entre 15 y 65 a\u00f1os por su situaci\u00f3n migratoria.<\/p>\n<p>El n\u00famero hab\u00eda aumentado un tres por ciento anual, en promedio, en los diez a\u00f1os anteriores.<\/p>\n<p>Los datos muestran que el n\u00famero de residentes permanentes que han estado en Canad\u00e1 durante cinco a 10 a\u00f1os tambi\u00e9n se redujo de 1.170.000 en 2019 a 1.146.000 en 2020.<\/p>\n<p>\u201cEn realidad, no es raro que los inmigrantes regresen a su pa\u00eds de origen durante los per\u00edodos de recesi\u00f3n\u201d, dijo Robert Falconer, investigador de la Escuela de Pol\u00edticas P\u00fablicas de la Universidad de Calgary.<\/p>\n<p>\u201cSi han perdido su trabajo, pueden irse a vivir con su familia y no pagar el alquiler. Tal vez puedan encontrar algunas conexiones sociales y trabajar en casa &#8220;.<\/p>\n<p>Dijo que el n\u00famero de nuevos inmigrantes se redujo en aproximadamente un tres por ciento entre 2008 y 2009 durante la crisis financiera y la recesi\u00f3n que sigui\u00f3.<\/p>\n<p>Dijo que muchos de los que se fueron el a\u00f1o pasado podr\u00edan no regresar si la econom\u00eda no se recupera r\u00e1pidamente.<\/p>\n<p>&#8220;Cuanto m\u00e1s tiempo permanezcan en casa en sus pa\u00edses de origen, es menos probable que regresen a Canad\u00e1&#8221;.<\/p>\n<p>Un estudio de Statistics Canada publicado en agosto mostr\u00f3 que en los primeros meses de la pandemia, los inmigrantes recientes en Canad\u00e1 ten\u00edan m\u00e1s probabilidades que los trabajadores nacidos en Canad\u00e1 de perder sus trabajos, principalmente porque los hab\u00edan retenido por menos tiempo y, en general, est\u00e1n sobrerrepresentados en empleos con salarios m\u00e1s bajos. Eso incluye en los trabajos del sector de servicios.<\/p>\n<p>Julien Berard-Chagnon, analista de Statistics Canada, dijo que la agencia no lleva un recuento mensual de los inmigrantes que abandonan el pa\u00eds, pero un grupo de sus analistas est\u00e1 trabajando en un documento para examinar el problema durante la pandemia de COVID-19.<\/p>\n<p>\u201cLa literatura indica que los inmigrantes, especialmente los inmigrantes recientes, tienen m\u00e1s probabilidades de emigrar que la poblaci\u00f3n nacida en Canad\u00e1\u201d, dijo.<\/p>\n<p>Si bien la pandemia tambi\u00e9n ha reducido la inmigraci\u00f3n a Canad\u00e1 en aproximadamente un 40 por ciento en 2020 en comparaci\u00f3n con 2019, el gobierno liberal anunci\u00f3 en octubre que Canad\u00e1 est\u00e1 buscando admitir a m\u00e1s de 1.2 millones de nuevos residentes permanentes en los pr\u00f3ximos tres a\u00f1os, incluidos 401,000 este a\u00f1o. .<\/p>\n<p>Pero este n\u00famero parece optimista ya que persisten las restricciones de viaje y el fuerte centro econ\u00f3mico.<\/p>\n<p>&#8220;Dudo que alcancen su objetivo este a\u00f1o&#8221;, dijo Falconer.<\/p>\n<p>Un portavoz del ministro de Inmigraci\u00f3n, Marco Mendicino, dijo que el gobierno est\u00e1 muy seguro de que cumplir\u00e1 sus objetivos de inmigraci\u00f3n en los pr\u00f3ximos tres a\u00f1os.<\/p>\n<p>&#8220;En enero de 2021, dimos la bienvenida a m\u00e1s nuevos residentes permanentes que en enero de 2020, cuando no hab\u00eda una pandemia&#8221;, dijo Alexander Cohen en un comunicado.<\/p>\n<p>&#8220;Ya nos adelantamos a lo programado y damos la bienvenida a nuevos residentes permanentes a una tasa un 37 por ciento m\u00e1s alta que nuestras proyecciones&#8221;.<\/p>\n<p>Falconer dijo que el gobierno se est\u00e1 enfocando en la transici\u00f3n de los residentes temporales en Canad\u00e1 a un estatus permanente.<\/p>\n<p>&#8220;Es lo mejor que se puede hacer por las personas que viven aqu\u00ed&#8221;, dijo. &#8220;Pero en t\u00e9rminos de este crecimiento de la poblaci\u00f3n, es un lavado, lo que significa que en realidad no estamos aumentando nuestra poblaci\u00f3n&#8221;.<\/p>\n<p>Dijo que esta pol\u00edtica es necesaria pero no suficiente para ayudar al gobierno a alcanzar su objetivo de alta inmigraci\u00f3n este a\u00f1o.<\/p>\n<p>\u201cNo todo residente temporal quiere convertirse en residente permanente canadiense o ciudadano canadiense. Algunos de ellos est\u00e1n aqu\u00ed para trabajar, para estudiar y est\u00e1n perfectamente felices de volver a casa &#8220;.<\/p>\n<p>Dijo que el incentivo para el gobierno sigue siendo tratar de aumentar el n\u00famero de inmigrantes, especialmente en trabajos relacionados con el cuidado de la salud y la tecnolog\u00eda porque tener menos inmigrantes da\u00f1ar\u00e1 a estos dos sectores m\u00e1s que a otros.<\/p>\n<p>Andrew Griffith, exdirector de ciudadan\u00eda y multiculturalismo en el Departamento de Inmigraci\u00f3n, dice que los inmigrantes que llegan durante una recesi\u00f3n econ\u00f3mica tienden a sufrir econ\u00f3micamente, al menos en el corto plazo, m\u00e1s que aquellos que llegan cuando la econom\u00eda est\u00e1 creciendo.<\/p>\n<p>Dijo que mantener altos niveles de inmigraci\u00f3n en un momento en que la econom\u00eda es d\u00e9bil y sectores como la hosteler\u00eda, el comercio minorista y el turismo est\u00e1n devastados tiene un elemento de irresponsabilidad.<\/p>\n<p>Griffith dijo que los inmigrantes que abandonan Canad\u00e1 pueden reflejar un fracaso de las pol\u00edticas de integraci\u00f3n canadienses.<\/p>\n<p>Dijo que el gobierno debe centrarse m\u00e1s en los inmigrantes que ya est\u00e1n aqu\u00ed, ya que enfrentamos cambios estructurales en sectores como la hoteler\u00eda, los viajes y las industrias de servicios que afectar\u00e1n principalmente a las mujeres, las minor\u00edas visibles y los inmigrantes recientes.<\/p>\n<p>&#8220;Es posible que estemos en un cambio bastante estructural que eliminar\u00e1 algunos trabajos o reducir\u00e1 dr\u00e1sticamente algunos trabajos, y luego qu\u00e9 tipo de programas de reentrenamiento u otros programas necesitamos para apoyar a las personas en su transici\u00f3n&#8221;.<\/p>\n<p>Cohen dijo que el gobierno ha invertido en servicios de asentamiento durante la pandemia de COVID-19 al aumentar los fondos para ayudar a aumentar los salarios en un 15 por ciento. Ha ayudado a comprar equipo de protecci\u00f3n personal para mantener la seguridad del personal, as\u00ed como tel\u00e9fonos celulares y computadoras port\u00e1tiles para garantizar que los servicios, incluida la capacitaci\u00f3n en idiomas y la ayuda para la b\u00fasqueda de empleo, se puedan ofrecer de forma remota.<\/p>\n<p>Falconer dijo que el gobierno deber\u00eda abordar los problemas con las licencias y el desarrollo profesional que enfrentan muchos reci\u00e9n llegados en Canad\u00e1.<\/p>\n<p>&#8220;Hacemos que sea muy, muy dif\u00edcil para alguien que trabaj\u00f3 en una profesi\u00f3n en su pa\u00eds de origen venir aqu\u00ed y trabajar en la misma profesi\u00f3n&#8221;.<\/p>\n<p>&#8220;Los inmigrantes vienen aqu\u00ed con aspiraciones o esperanzas de poder trabajar y ganarse una vida mucho mejor aqu\u00ed en Canad\u00e1 que en su pa\u00eds de origen y descubren que en realidad van a estar trabajando en un trabajo no remunerado y subempleado&#8221;.<\/p>\n<p>&nbsp;<\/p>\n<h4><em><strong>Ontario reporta casi 1300 nuevos casos de coronavirus, 15 muertes m\u00e1s<\/strong><\/em><\/h4>\n<p><img loading=\"lazy\" decoding=\"async\" class=\"alignnone size-medium wp-image-496429\" src=\"https:\/\/diarioelpopular.com\/wp-content\/uploads\/2021\/03\/Screen-Shot-2021-03-07-at-10.49.08-AM-300x154.png\" alt=\"\" width=\"300\" height=\"154\" srcset=\"https:\/\/diarioelpopular.com\/wp-content\/uploads\/2021\/03\/Screen-Shot-2021-03-07-at-10.49.08-AM-300x154.png 300w, https:\/\/diarioelpopular.com\/wp-content\/uploads\/2021\/03\/Screen-Shot-2021-03-07-at-10.49.08-AM-768x393.png 768w, https:\/\/diarioelpopular.com\/wp-content\/uploads\/2021\/03\/Screen-Shot-2021-03-07-at-10.49.08-AM-636x325.png 636w, https:\/\/diarioelpopular.com\/wp-content\/uploads\/2021\/03\/Screen-Shot-2021-03-07-at-10.49.08-AM-143x73.png 143w, https:\/\/diarioelpopular.com\/wp-content\/uploads\/2021\/03\/Screen-Shot-2021-03-07-at-10.49.08-AM.png 1024w\" sizes=\"auto, (max-width: 300px) 100vw, 300px\" \/><\/p>\n<p><em>Publicado dominfgo 7 de marzo de 2021 10:39 am<\/em><\/p>\n<p>TORONTO.- Ontario inform\u00f3 este domingo 1.299 casos del nuevo coronavirus, lo que eleva el n\u00famero total de casos en la provincia a 308.296.<\/p>\n<p>Un total de 290,840 casos de COVID-19 se consideran resueltos, lo que representa un aumento de 1,105.<\/p>\n<p>Tambi\u00e9n se reportaron quince muertes adicionales este domingo, con lo que la cifra provincial de muertos asciende a 7.067.<\/p>\n<p>Se completaron casi 46,600 pruebas adicionales. Ontario ha completado un total de 11,398,354 pruebas y 20,057 siguen bajo investigaci\u00f3n.<\/p>\n<p>La provincia indic\u00f3 que la tasa de positividad para el \u00faltimo d\u00eda fue del 3,1 por ciento, que es superior al informe del s\u00e1bado, cuando fue del 2,3 por ciento, y est\u00e1 por encima del informe del domingo pasado cuando fue del 2,4 por ciento.<\/p>\n<p>Las cifras provinciales mostraron que hay 606 personas hospitalizadas con el virus (una disminuci\u00f3n de 14), con 273 en cuidados intensivos (una disminuci\u00f3n de cinco), de las cuales 179 est\u00e1n en un ventilador (una disminuci\u00f3n de dos).<\/p>\n<p>A partir de las 8 p.m. El s\u00e1bado, se administraron 890,604 dosis de la vacuna COVID-19 en Ontario, lo que representa un aumento de 30,192 en 24 horas. Hasta el momento, se considera que 271.807 personas en la provincia est\u00e1n completamente vacunadas.<\/p>\n<p>&nbsp;<\/p>\n<h4><em><strong>Salud p\u00fablica de Hamilton investiga vacunas COVID-19 administradas a destinatarios no elegibles<\/strong><\/em><\/h4>\n<p><img loading=\"lazy\" decoding=\"async\" class=\"alignnone size-medium wp-image-496428\" src=\"https:\/\/diarioelpopular.com\/wp-content\/uploads\/2021\/03\/Screen-Shot-2021-03-07-at-10.51.12-AM-300x180.png\" alt=\"\" width=\"300\" height=\"180\" srcset=\"https:\/\/diarioelpopular.com\/wp-content\/uploads\/2021\/03\/Screen-Shot-2021-03-07-at-10.51.12-AM-300x180.png 300w, https:\/\/diarioelpopular.com\/wp-content\/uploads\/2021\/03\/Screen-Shot-2021-03-07-at-10.51.12-AM-768x461.png 768w, https:\/\/diarioelpopular.com\/wp-content\/uploads\/2021\/03\/Screen-Shot-2021-03-07-at-10.51.12-AM-636x380.png 636w, https:\/\/diarioelpopular.com\/wp-content\/uploads\/2021\/03\/Screen-Shot-2021-03-07-at-10.51.12-AM-122x73.png 122w, https:\/\/diarioelpopular.com\/wp-content\/uploads\/2021\/03\/Screen-Shot-2021-03-07-at-10.51.12-AM.png 1024w\" sizes=\"auto, (max-width: 300px) 100vw, 300px\" \/><\/p>\n<p><em><strong>HAMILTON.-<\/strong> <\/em>El departamento de salud p\u00fablica de esa localidad est\u00e1 investigando despu\u00e9s de que los empleados de una cl\u00ednica de vacunaci\u00f3n m\u00f3vil supuestamente administraron dosis de la vacuna COVID-19 a personas que no eran elegibles para la inyecci\u00f3n.<\/p>\n<p>En un comunicado emitidos este s\u00e1bado por la tarde, la ciudad dijo que se notific\u00f3 el viernes que tres de los trabajadores de su cl\u00ednica m\u00f3vil de vacunaci\u00f3n &#8220;administraron incorrectamente&#8221; alrededor de 15 dosis de vacuna a personas que no cumplen con los criterios de vacunaci\u00f3n, lo que actualmente incluye a personas mayores de 85 a\u00f1os en adelante.<\/p>\n<p>Los presuntos incidentes fueron reportados por otros empleados que trabajaban en la cl\u00ednica y la ciudad dijo que los tres empleados en cuesti\u00f3n fueron puestos en licencia con salario mientras se realiza una investigaci\u00f3n.<\/p>\n<p>Salud p\u00fablica dijo que se recordar\u00e1 al personal sobre sus \u201cobligaciones profesionales\u201d de seguir las pol\u00edticas establecidas y el marco de priorizaci\u00f3n de la vacuna COVID-19.<\/p>\n<p>&#8220;La ciudad se compromete a garantizar que las vacunas COVID-19 se administren de una manera justa, equitativa y basada en criterios que prioricen a los m\u00e1s necesitados&#8221;, dijo la Dra. Elizabeth Richardson, directora m\u00e9dica de salud de la ciudad. , en el comunicado.<\/p>\n<p>&#8220;Cualquier acci\u00f3n dise\u00f1ada para eludir los criterios de elegibilidad del programa de vacunas es poco \u00e9tica e inaceptable&#8221;.<\/p>\n<p>Las cl\u00ednicas de vacunaci\u00f3n m\u00f3viles emergentes comenzaron a operar el mi\u00e9rcoles y est\u00e1n disponibles solo para mayores de 85 a\u00f1os a trav\u00e9s de una cita reservada.<\/p>\n","protected":false},"excerpt":{"rendered":"<p>&#8211; El trastorno econ\u00f3mico y vital causado por la pandemia de COVID-19 ha llevado a muchos inmigrantes recientes a abandonar Canad\u00e1 y regresar a sus&hellip;<\/p>\n","protected":false},"author":99,"featured_media":496430,"comment_status":"open","ping_status":"open","sticky":false,"template":"","format":"standard","meta":{"footnotes":""},"categories":[21,11191],"tags":[],"class_list":["post-496427","post","type-post","status-publish","format-standard","has-post-thumbnail","hentry","category-canada","category-top-news"],"_links":{"self":[{"href":"https:\/\/diarioelpopular.com\/index.php\/wp-json\/wp\/v2\/posts\/496427","targetHints":{"allow":["GET"]}}],"collection":[{"href":"https:\/\/diarioelpopular.com\/index.php\/wp-json\/wp\/v2\/posts"}],"about":[{"href":"https:\/\/diarioelpopular.com\/index.php\/wp-json\/wp\/v2\/types\/post"}],"author":[{"embeddable":true,"href":"https:\/\/diarioelpopular.com\/index.php\/wp-json\/wp\/v2\/users\/99"}],"replies":[{"embeddable":true,"href":"https:\/\/diarioelpopular.com\/index.php\/wp-json\/wp\/v2\/comments?post=496427"}],"version-history":[{"count":1,"href":"https:\/\/diarioelpopular.com\/index.php\/wp-json\/wp\/v2\/posts\/496427\/revisions"}],"predecessor-version":[{"id":496431,"href":"https:\/\/diarioelpopular.com\/index.php\/wp-json\/wp\/v2\/posts\/496427\/revisions\/496431"}],"wp:featuredmedia":[{"embeddable":true,"href":"https:\/\/diarioelpopular.com\/index.php\/wp-json\/wp\/v2\/media\/496430"}],"wp:attachment":[{"href":"https:\/\/diarioelpopular.com\/index.php\/wp-json\/wp\/v2\/media?parent=496427"}],"wp:term":[{"taxonomy":"category","embeddable":true,"href":"https:\/\/diarioelpopular.com\/index.php\/wp-json\/wp\/v2\/categories?post=496427"},{"taxonomy":"post_tag","embeddable":true,"href":"https:\/\/diarioelpopular.com\/index.php\/wp-json\/wp\/v2\/tags?post=496427"}],"curies":[{"name":"wp","href":"https:\/\/api.w.org\/{rel}","templated":true}]}}