{"id":496456,"date":"2021-03-08T12:47:33","date_gmt":"2021-03-08T16:47:33","guid":{"rendered":"https:\/\/diarioelpopular.com\/?p=496456"},"modified":"2021-03-08T12:47:33","modified_gmt":"2021-03-08T16:47:33","slug":"mexico-y-guatemala-acuerdan-repatriacion-de-migrantes-masacrados","status":"publish","type":"post","link":"https:\/\/diarioelpopular.com\/index.php\/2021\/03\/08\/mexico-y-guatemala-acuerdan-repatriacion-de-migrantes-masacrados\/","title":{"rendered":"M\u00e9xico y Guatemala acuerdan repatriaci\u00f3n de migrantes masacrados"},"content":{"rendered":"<h4><img loading=\"lazy\" decoding=\"async\" class=\"alignnone size-medium wp-image-496457\" src=\"https:\/\/diarioelpopular.com\/wp-content\/uploads\/2021\/03\/migrantes-guatemala-300x169.jpg\" alt=\"\" width=\"300\" height=\"169\" srcset=\"https:\/\/diarioelpopular.com\/wp-content\/uploads\/2021\/03\/migrantes-guatemala-300x169.jpg 300w, https:\/\/diarioelpopular.com\/wp-content\/uploads\/2021\/03\/migrantes-guatemala-636x360.jpg 636w, https:\/\/diarioelpopular.com\/wp-content\/uploads\/2021\/03\/migrantes-guatemala-130x73.jpg 130w, https:\/\/diarioelpopular.com\/wp-content\/uploads\/2021\/03\/migrantes-guatemala.jpg 640w\" sizes=\"auto, (max-width: 300px) 100vw, 300px\" \/><\/h4>\n<h4><em><strong>Este viernes 12 de marzo de 2021 se realizar\u00e1n los procedimientos para la repatriaci\u00f3n digna a Guatemala de los restos de las v\u00edctimas<\/strong><\/em><\/h4>\n<p>Los Gobiernos de M\u00e9xico y Guatemala acordaron concretar, el 12 de marzo, la repatriaci\u00f3n de los cuerpos de los 16 migrantes guatemaltecos que fueron incinerados en un camino vecinal del municipio de Camargo, en Tamaulipas, el 22 de enero, inform\u00f3 este s\u00e1bado la Canciller\u00eda mexicana<\/p>\n<p>En una declaraci\u00f3n conjunta, se inform\u00f3 que, mediante el mecanismo de acompa\u00f1amiento binacional, establecido para coadyuvar en la investigaci\u00f3n del caso de Camargo e integrado por autoridades de ambos pa\u00edses, \u201cha concluido el proceso de identificaci\u00f3n de las v\u00edctimas de esta tragedia\u201d<\/p>\n<p>En ese sentido, \u201cel pr\u00f3ximo viernes 12 de marzo de 2021 se realizar\u00e1n los procedimientos para la repatriaci\u00f3n digna a Guatemala de los restos de las v\u00edctimas de este lamentable hecho\u201d, se apunt\u00f3 en la nota.<\/p>\n<p>Ambos Gobiernos se\u00f1alaron que a trav\u00e9s de las instituciones encargadas, \u201ccumplir\u00e1n con los protocolos y honras f\u00fanebres correspondientes\u201d, adem\u00e1s del brindar apoyo y acompa\u00f1amiento psicol\u00f3gico a los familiares de las v\u00edctimas.<\/p>\n<p>Tambi\u00e9n reafirman su compromiso por continuar el trabajo de manera conjunta para el esclarecimiento del caso.<\/p>\n<p>El estado de Tamulipas, frontera con Estados Unidos, es un paso obligado para los migrantes centroamericanos que entran a M\u00e9xico con la intenci\u00f3n de llegar a la frontera norte.<\/p>\n<p>El pasado 22 de enero, las autoridades hallaron dos camionetas calcinadas, una de ellas con 19 cad\u00e1veres en el interior, en el poblado de Santa Anita, en el municipio de Camargo, fronterizo con Texas y Nuevo Le\u00f3n.<\/p>\n<p>Una llamada an\u00f3nima alert\u00f3 a las autoridades de Tamaulipas sobre dos veh\u00edculos que se encontraban abandonados e incendiados en un camino vecinal del municipio de Camargo, en donde estaban 19 cuerpos quemados, la mayor\u00eda migrantes guatemaltecos originarios de las comunidades de Comitancillos y San Marcos.<\/p>\n<p>Seg\u00fan los testimonios, aquel d\u00eda por la tarde ingres\u00f3 un comando de pistoleros del Cartel del Noreste (CDN), los antiguos Zetas, para buscar a un mando del grupo rival, el Cartel del Golfo (CDG), la organizaci\u00f3n criminal que controla la zona de Tamaulipas.<\/p>\n<p>Despu\u00e9s de un enfrentamiento los sicarios del CDN localizaron a 19 personas, a quienes asesinaron en ese lugar y luego abandonaron en los l\u00edmites con Nuevo Le\u00f3n.<\/p>\n<p>El CDG y el CDN mantienen una disputa por el control de los estados del noreste de M\u00e9xico desde marzo de 2010, conflicto que ha provocado desde esa fecha m\u00e1s de 15,000 desaparecidos y miles de muertes.<\/p>\n","protected":false},"excerpt":{"rendered":"<p>Este viernes 12 de marzo de 2021 se realizar\u00e1n los procedimientos para la repatriaci\u00f3n digna a Guatemala de los restos de las v\u00edctimas Los Gobiernos&hellip;<\/p>\n","protected":false},"author":99,"featured_media":496457,"comment_status":"open","ping_status":"open","sticky":false,"template":"","format":"standard","meta":{"footnotes":""},"categories":[23],"tags":[],"class_list":["post-496456","post","type-post","status-publish","format-standard","has-post-thumbnail","hentry","category-latinoamerica"],"_links":{"self":[{"href":"https:\/\/diarioelpopular.com\/index.php\/wp-json\/wp\/v2\/posts\/496456","targetHints":{"allow":["GET"]}}],"collection":[{"href":"https:\/\/diarioelpopular.com\/index.php\/wp-json\/wp\/v2\/posts"}],"about":[{"href":"https:\/\/diarioelpopular.com\/index.php\/wp-json\/wp\/v2\/types\/post"}],"author":[{"embeddable":true,"href":"https:\/\/diarioelpopular.com\/index.php\/wp-json\/wp\/v2\/users\/99"}],"replies":[{"embeddable":true,"href":"https:\/\/diarioelpopular.com\/index.php\/wp-json\/wp\/v2\/comments?post=496456"}],"version-history":[{"count":1,"href":"https:\/\/diarioelpopular.com\/index.php\/wp-json\/wp\/v2\/posts\/496456\/revisions"}],"predecessor-version":[{"id":496458,"href":"https:\/\/diarioelpopular.com\/index.php\/wp-json\/wp\/v2\/posts\/496456\/revisions\/496458"}],"wp:featuredmedia":[{"embeddable":true,"href":"https:\/\/diarioelpopular.com\/index.php\/wp-json\/wp\/v2\/media\/496457"}],"wp:attachment":[{"href":"https:\/\/diarioelpopular.com\/index.php\/wp-json\/wp\/v2\/media?parent=496456"}],"wp:term":[{"taxonomy":"category","embeddable":true,"href":"https:\/\/diarioelpopular.com\/index.php\/wp-json\/wp\/v2\/categories?post=496456"},{"taxonomy":"post_tag","embeddable":true,"href":"https:\/\/diarioelpopular.com\/index.php\/wp-json\/wp\/v2\/tags?post=496456"}],"curies":[{"name":"wp","href":"https:\/\/api.w.org\/{rel}","templated":true}]}}