{"id":496467,"date":"2021-03-09T12:41:33","date_gmt":"2021-03-09T16:41:33","guid":{"rendered":"https:\/\/diarioelpopular.com\/?p=496467"},"modified":"2021-03-09T12:41:33","modified_gmt":"2021-03-09T16:41:33","slug":"cuba-alarma-sanitaria-1041-nuevos-contagios","status":"publish","type":"post","link":"https:\/\/diarioelpopular.com\/index.php\/2021\/03\/09\/cuba-alarma-sanitaria-1041-nuevos-contagios\/","title":{"rendered":"Cuba, alarma sanitaria, .1041 nuevos contagios"},"content":{"rendered":"<div id=\"attachment_496468\" style=\"width: 310px\" class=\"wp-caption alignnone\"><img loading=\"lazy\" decoding=\"async\" aria-describedby=\"caption-attachment-496468\" class=\"size-medium wp-image-496468\" src=\"https:\/\/diarioelpopular.com\/wp-content\/uploads\/2021\/03\/84a612a7269bea7796003c4570de69b1-300x195.jpg\" alt=\"\" width=\"300\" height=\"195\" srcset=\"https:\/\/diarioelpopular.com\/wp-content\/uploads\/2021\/03\/84a612a7269bea7796003c4570de69b1-300x195.jpg 300w, https:\/\/diarioelpopular.com\/wp-content\/uploads\/2021\/03\/84a612a7269bea7796003c4570de69b1-85x55.jpg 85w, https:\/\/diarioelpopular.com\/wp-content\/uploads\/2021\/03\/84a612a7269bea7796003c4570de69b1-112x73.jpg 112w, https:\/\/diarioelpopular.com\/wp-content\/uploads\/2021\/03\/84a612a7269bea7796003c4570de69b1.jpg 476w\" sizes=\"auto, (max-width: 300px) 100vw, 300px\" \/><p id=\"caption-attachment-496468\" class=\"wp-caption-text\"><em>Un superpoblado mercado de La Habana, en Cuba<\/em><\/p><\/div>\n<h4><em><strong>Conducta de la poblaci\u00f3n empeora la situaci\u00f3n<\/strong><\/em><\/h4>\n<p><em><strong>LA HABANA, 09 MAR &#8211;<\/strong><\/em> La conducta que se ve en las calles no corresponde a la percepci\u00f3n de riesgo que se necesita, estim\u00f3 este martes un alto funcionario de Salud P\u00fablica al reportar 1.041 nuevos casos activos en Cuba y dos muertes m\u00e1s.<\/p>\n<p>&#8220;Vamos a resolver la situaci\u00f3n por una v\u00eda o la otra, pero esa conducta complica la soluci\u00f3n&#8221;, afirm\u00f3 con alarma Francisco Dur\u00e1n, director nacional de Epidemiolog\u00eda, en su rueda de prensa diaria presentada por la televisi\u00f3n.<\/p>\n<p>Esa estad\u00edstica de nuevos contagios en una jornada es la segunda m\u00e1s alta en la isla desde que comenz\u00f3 la pandemia mundial. Dur\u00e1n divulg\u00f3 adem\u00e1s que son 23.436 pacientes los que est\u00e1n hospitalizados en la naci\u00f3n, una mayor\u00eda bajo sospecha de tener la enfermedad y 4.606 ya infectados.<\/p>\n<p>El m\u00e9dico dijo que de la estad\u00edstica del d\u00eda, de 1041 activos, 152 tienen menos de 18 a\u00f1os de edad, una buena parte ni\u00f1os. Otra proporci\u00f3n que preocupa a las autoridades sanitarias son los 491 enfermos solo en La Habana, que ratifica a la ciudad y provincia mayor de Cuba como el territorio con m\u00e1s contaminados con la Covid-19 en el pa\u00eds.<\/p>\n<p>No obstante la propagaci\u00f3n es alta en toda la isla, especialmente en su occidente donde otra demarcaci\u00f3n provincial, Pinar del R\u00edo, report\u00f3 123 nuevos pacientes.<\/p>\n<p>El Consejo de Defensa Provincial habanero, un \u00f3rgano activo en tiempos de desastres y epidemias encabezado por el gobierno de la localidad, analiz\u00f3 &#8220;deficiencias en el enfrentamiento a la pandemia&#8221; detectadas en las pesquisas, el control de los brotes, la entrega tard\u00eda de resultados PCR y negligencias en el ingreso de los &#8220;contactos&#8221; o sea personas cercanas a otras que son casos activos.<\/p>\n<p>Tales errores se suman a lo que el gobierno estima como factor propulsor principal de la epidemia, las conductas de los ciudadanos que violan las medidas de aislamiento social y cuidado individual. En La Habana, de unos dos millones de habitantes, se aplican medidas especiales como un confinamiento total, que dura cada d\u00eda desde las 21.00 hasta las 05.00 del posterior, y reclusiones en sus casas de familias donde surgieron casos activos y que reciben un tratamiento preventivo con un nuevo medicamento llamado Nasalfer\u00f3n. No obstante el consejo de defensa capitalino revel\u00f3 que existe un &#8220;incumplimiento del suministro&#8221; del producto en las casas con sus ocupantes confinados.<br \/>\nSe hizo una referencia a &#8220;evitar la especulaci\u00f3n&#8221; con el medicamento. Las autoridades detectaron adem\u00e1s &#8220;incumplimientos de las medidas sanitarias por la poblaci\u00f3n, la presencia de ni\u00f1os en la calle, la aglomeraci\u00f3n en las colas, las indisciplinas sociales en horas de la tarde-noche y las irregularidades en la entrada a La Habana sin el permiso establecido&#8221;.<\/p>\n<p>Tambi\u00e9n fueron calificados de &#8220;mal&#8221; en sus evaluaciones de combate a la Covid-19 seis municipios de la capital, por las deficiencias detectadas en la higiene comunal. Cuba tuvo 57.607 contagiados con el coronavirus desde que comenz\u00f3 la epidemia, con 352 muertes.<\/p>\n<p>Desde el inicio de 2021 transcurre el peor momento de la pandemia en la isla, con n\u00fameros m\u00e1ximos para un mes en febrero de 22.998 contagiados y 108 fallecimientos. En marzo en solo 8 d\u00edas ya surgieron 7.017 infestados y 28 muertes.<\/p>\n","protected":false},"excerpt":{"rendered":"<p>Conducta de la poblaci\u00f3n empeora la situaci\u00f3n LA HABANA, 09 MAR &#8211; La conducta que se ve en las calles no corresponde a la percepci\u00f3n&hellip;<\/p>\n","protected":false},"author":99,"featured_media":496468,"comment_status":"open","ping_status":"open","sticky":false,"template":"","format":"standard","meta":{"footnotes":""},"categories":[23],"tags":[],"class_list":["post-496467","post","type-post","status-publish","format-standard","has-post-thumbnail","hentry","category-latinoamerica"],"_links":{"self":[{"href":"https:\/\/diarioelpopular.com\/index.php\/wp-json\/wp\/v2\/posts\/496467","targetHints":{"allow":["GET"]}}],"collection":[{"href":"https:\/\/diarioelpopular.com\/index.php\/wp-json\/wp\/v2\/posts"}],"about":[{"href":"https:\/\/diarioelpopular.com\/index.php\/wp-json\/wp\/v2\/types\/post"}],"author":[{"embeddable":true,"href":"https:\/\/diarioelpopular.com\/index.php\/wp-json\/wp\/v2\/users\/99"}],"replies":[{"embeddable":true,"href":"https:\/\/diarioelpopular.com\/index.php\/wp-json\/wp\/v2\/comments?post=496467"}],"version-history":[{"count":1,"href":"https:\/\/diarioelpopular.com\/index.php\/wp-json\/wp\/v2\/posts\/496467\/revisions"}],"predecessor-version":[{"id":496469,"href":"https:\/\/diarioelpopular.com\/index.php\/wp-json\/wp\/v2\/posts\/496467\/revisions\/496469"}],"wp:featuredmedia":[{"embeddable":true,"href":"https:\/\/diarioelpopular.com\/index.php\/wp-json\/wp\/v2\/media\/496468"}],"wp:attachment":[{"href":"https:\/\/diarioelpopular.com\/index.php\/wp-json\/wp\/v2\/media?parent=496467"}],"wp:term":[{"taxonomy":"category","embeddable":true,"href":"https:\/\/diarioelpopular.com\/index.php\/wp-json\/wp\/v2\/categories?post=496467"},{"taxonomy":"post_tag","embeddable":true,"href":"https:\/\/diarioelpopular.com\/index.php\/wp-json\/wp\/v2\/tags?post=496467"}],"curies":[{"name":"wp","href":"https:\/\/api.w.org\/{rel}","templated":true}]}}