{"id":496477,"date":"2021-03-09T21:48:12","date_gmt":"2021-03-10T01:48:12","guid":{"rendered":"https:\/\/diarioelpopular.com\/?p=496477"},"modified":"2021-03-09T21:48:12","modified_gmt":"2021-03-10T01:48:12","slug":"chile-se-convierte-en-el-pais-que-mas-rapido-vacuna-en-el-mundo","status":"publish","type":"post","link":"https:\/\/diarioelpopular.com\/index.php\/2021\/03\/09\/chile-se-convierte-en-el-pais-que-mas-rapido-vacuna-en-el-mundo\/","title":{"rendered":"Chile se convierte en el pa\u00eds que m\u00e1s r\u00e1pido vacuna en el mundo"},"content":{"rendered":"<div id=\"attachment_496478\" style=\"width: 310px\" class=\"wp-caption alignnone\"><img loading=\"lazy\" decoding=\"async\" aria-describedby=\"caption-attachment-496478\" class=\"size-medium wp-image-496478\" src=\"https:\/\/diarioelpopular.com\/wp-content\/uploads\/2021\/03\/601aed05bced7-300x150.jpeg\" alt=\"\" width=\"300\" height=\"150\" srcset=\"https:\/\/diarioelpopular.com\/wp-content\/uploads\/2021\/03\/601aed05bced7-300x150.jpeg 300w, https:\/\/diarioelpopular.com\/wp-content\/uploads\/2021\/03\/601aed05bced7-768x384.jpeg 768w, https:\/\/diarioelpopular.com\/wp-content\/uploads\/2021\/03\/601aed05bced7-636x318.jpeg 636w, https:\/\/diarioelpopular.com\/wp-content\/uploads\/2021\/03\/601aed05bced7-146x73.jpeg 146w, https:\/\/diarioelpopular.com\/wp-content\/uploads\/2021\/03\/601aed05bced7.jpeg 950w\" sizes=\"auto, (max-width: 300px) 100vw, 300px\" \/><p id=\"caption-attachment-496478\" class=\"wp-caption-text\"><em>Chile ha sido ejemplo tanto en Am\u00e9rica Latina (como en el mundo) en materia de vacunaci\u00f3n.<\/em><br \/><em>Foto: Alberto Vald\u00e9z. EFE<\/em><\/p><\/div>\n<h4><em><strong>Las cifras, que toma un promedio de los \u00faltimos 7 d\u00edas, las dio a conocer Our World In Data<\/strong><\/em><\/h4>\n<p id=\"p572108-m635-634-636\" class=\"contenido\">Con un promedio de 1,08 dosis diarias por cada 100 habitantes inoculadas en las\u00faltimos 7 jornadas, Chile se convirti\u00f3 este martes en el pa\u00eds que m\u00e1s r\u00e1pido est\u00e1 administrando la vacuna contra la covid-19 en todo el mundo.<\/p>\n<p id=\"p572108-m679-2-680\" class=\"contenido\">As\u00ed lo evidencia el \u00faltimo c\u00f3mputo de datos que lleva adelante el programa Our World in Data de la Universidad de Oxford, informaci\u00f3n que tambi\u00e9n difundieron las autoridades chilenas.<\/p>\n<p>&#8220;En el r\u00e1nking mundial, hoy d\u00eda Chile est\u00e1 en el primer lugar entre los pa\u00edses que vacuna m\u00e1s r\u00e1pidamente, considerando el promedio de la \u00faltima semana&#8221;, dijo este martes a la prensa el ministro de Salud, Enrique Paris, tras conocer los datos.<\/p>\n<p>Hasta ahora, Israel era el pa\u00eds que ven\u00eda liderando la inoculaci\u00f3n de dosis con base en el promedio de los \u00faltimos siete d\u00edas, quedando esta jornada con 1,03 seg\u00fan los \u00faltimos datos.<\/p>\n<p>Asimismo, tomando \u00fanicamente los datos de este lunes, Chile tambi\u00e9n se situ\u00f3 como l\u00edder mundial en la administraci\u00f3n de la vacuna por cada 100 habitantes, con un promedio de 1,67 dosis frente a las 1,20 que inocul\u00f3 Israel esa jornada.<\/p>\n<div id=\"p572108-m747-4-748\" class=\"articulo-quote\">\n<div class=\"quote-bk\">\n<p id=\"m752-751-753\" class=\"mensaje\">En el r\u00e1nking mundial, hoy d\u00eda Chile est\u00e1 en el primer lugar entre los pa\u00edses que vacuna m\u00e1s r\u00e1pidamente, considerando el promedio de la \u00faltima semana<\/p>\n<\/div>\n<\/div>\n<div id=\"p572108-m783-4-784\" class=\"fotografia\">\n<div class=\"imagen-cuerpo-bk\">\n<figure id=\"m788-787-789\" class=\"foto-galeria-articulo\"><img decoding=\"async\" src=\"https:\/\/www.eltiempo.com\/files\/article_content\/uploads\/2020\/06\/19\/5eed0f4920557.jpeg\" alt=\"Chile coronavirus\" width=\"600px\" height=\"450px\" data-original=\"\/files\/article_content\/uploads\/2020\/06\/19\/5eed0f4920557.jpeg\" \/><\/figure>\n<\/div>\n<div class=\"figcaption-cuerpo-bk credito-image-bk\">\n<div class=\"titulo-foto-bk\">\n<p id=\"m795-1-796\" class=\"titulo\"><em>Seg\u00fan datos oficiales, Chile ha inocoluado a unas 5 millones de personas.<\/em><\/p>\n<\/div>\n<div class=\"credito-apertura-strong-bk credito-image-bk\"><em>Foto:\u00a0<span style=\"line-height: 1.5;\">AFP<\/span><\/em><\/div>\n<\/div>\n<\/div>\n<p id=\"p572108-m721-3-722\" class=\"contenido\">&#8220;Adem\u00e1s, ya hemos administrado casi cinco millones de dosis, sobrepasando las cuatro millones de personas vacunadas en un corto tiempo. Nuestro pa\u00eds puede estar orgulloso de c\u00f3mo se ha desarrollado este proceso&#8221;, apunt\u00f3 el ministro.<\/p>\n<p>En concreto, un total de 4.176.094 personas ya han sido vacunadas contra la covid-19 en Chile, lo que representa a m\u00e1s del 21 % de la poblaci\u00f3n total del pa\u00eds. De todas ellas, 772.389 corresponden a personas que completaron su esquema de vacunaci\u00f3n y ya recibieron ambas dosis.<\/p>\n<p>Respecto a los mayores de 60 a\u00f1os, se administraron ya 2.653.488 dosis a las personas de este rango etario. La campa\u00f1a de vacunaci\u00f3n desplegada por las instituciones de salud chilenas es l\u00edder en Latinoam\u00e9rica y una de las mejores del mundo y basa su \u00e9xito en la amplia red de atenci\u00f3n primaria distribuida a lo largo de un territorio de m\u00e1s de 4.200 kil\u00f3metros.<\/p>\n<p>El otro factor clave es la habilidad en la negociaci\u00f3n de las vacunas, que ha servido para garantizar 35 millones de dosis, de las que caso 10 millones ya han llegado a<br \/>\nChile sumando cargamentos de diferentes laboratorios, siendo mayoritaria la aportaci\u00f3n china de Sinovac.<\/p>\n<p>&#8220;Esto ha sido posible, por un parte, gracias a que el Gobierno de Chile realiz\u00f3 una gesti\u00f3n muy temprana para conseguir las dosis que necesit\u00e1bamos; y por otra parte, a nuestro Programa Nacional de Inmunizaciones ha realizado una importante labor durante este tiempo&#8221;, dijo el ministro.<\/p>\n<p>La autoridad destac\u00f3 tambi\u00e9n el trabajo de los municipios y del personal de salud de la atenci\u00f3n primaria, &#8220;que son los que ejecutan la vacunaci\u00f3n&#8221;, y el compromiso de la ciudadan\u00eda y su &#8220;adherencia&#8221; al proceso.<\/p>\n<p>En paralelo, la pandemia no cesa en Chile y este martes el Ministerio inform\u00f3 de 3.528 casos nuevos de covid-19, atenuando por segundo d\u00eda consecutivo el repunte de contagios que ven\u00eda castigando al pa\u00eds en los \u00faltimos d\u00edas, con picos de m\u00e1s de 5.000 casos que no se hab\u00edan registrado desde junio de 2020.<\/p>\n<p>La cifra total de personas que han sido diagnosticadas con covid-19 desde la llegada de la pandemia alcanz\u00f3 a las 864.064, de las que 28.317 se encuentran en etapa activa y 814.088 son casos recuperados. En cuanto a los decesos, en las \u00faltimas 24 horas se registraron 19 fallecidos por causas asociadas a la covid-19, elevando el total de fallecidos a 21.182 en el pa\u00eds.<\/p>\n","protected":false},"excerpt":{"rendered":"<p>Las cifras, que toma un promedio de los \u00faltimos 7 d\u00edas, las dio a conocer Our World In Data Con un promedio de 1,08 dosis&hellip;<\/p>\n","protected":false},"author":99,"featured_media":496478,"comment_status":"open","ping_status":"open","sticky":false,"template":"","format":"standard","meta":{"footnotes":""},"categories":[23],"tags":[],"class_list":["post-496477","post","type-post","status-publish","format-standard","has-post-thumbnail","hentry","category-latinoamerica"],"_links":{"self":[{"href":"https:\/\/diarioelpopular.com\/index.php\/wp-json\/wp\/v2\/posts\/496477","targetHints":{"allow":["GET"]}}],"collection":[{"href":"https:\/\/diarioelpopular.com\/index.php\/wp-json\/wp\/v2\/posts"}],"about":[{"href":"https:\/\/diarioelpopular.com\/index.php\/wp-json\/wp\/v2\/types\/post"}],"author":[{"embeddable":true,"href":"https:\/\/diarioelpopular.com\/index.php\/wp-json\/wp\/v2\/users\/99"}],"replies":[{"embeddable":true,"href":"https:\/\/diarioelpopular.com\/index.php\/wp-json\/wp\/v2\/comments?post=496477"}],"version-history":[{"count":1,"href":"https:\/\/diarioelpopular.com\/index.php\/wp-json\/wp\/v2\/posts\/496477\/revisions"}],"predecessor-version":[{"id":496479,"href":"https:\/\/diarioelpopular.com\/index.php\/wp-json\/wp\/v2\/posts\/496477\/revisions\/496479"}],"wp:featuredmedia":[{"embeddable":true,"href":"https:\/\/diarioelpopular.com\/index.php\/wp-json\/wp\/v2\/media\/496478"}],"wp:attachment":[{"href":"https:\/\/diarioelpopular.com\/index.php\/wp-json\/wp\/v2\/media?parent=496477"}],"wp:term":[{"taxonomy":"category","embeddable":true,"href":"https:\/\/diarioelpopular.com\/index.php\/wp-json\/wp\/v2\/categories?post=496477"},{"taxonomy":"post_tag","embeddable":true,"href":"https:\/\/diarioelpopular.com\/index.php\/wp-json\/wp\/v2\/tags?post=496477"}],"curies":[{"name":"wp","href":"https:\/\/api.w.org\/{rel}","templated":true}]}}