{"id":496488,"date":"2021-03-10T11:56:02","date_gmt":"2021-03-10T15:56:02","guid":{"rendered":"https:\/\/diarioelpopular.com\/?p=496488"},"modified":"2021-03-10T11:56:02","modified_gmt":"2021-03-10T15:56:02","slug":"brasil-tuvo-su-peor-dia-con-1-954-muertes","status":"publish","type":"post","link":"https:\/\/diarioelpopular.com\/index.php\/2021\/03\/10\/brasil-tuvo-su-peor-dia-con-1-954-muertes\/","title":{"rendered":"Brasil tuvo su peor d\u00eda con 1.954 muertes"},"content":{"rendered":"<div id=\"attachment_496489\" style=\"width: 160px\" class=\"wp-caption alignnone\"><img loading=\"lazy\" decoding=\"async\" aria-describedby=\"caption-attachment-496489\" class=\"size-thumbnail wp-image-496489\" src=\"https:\/\/diarioelpopular.com\/wp-content\/uploads\/2021\/03\/b00a4fc230729144fa82b52e75748711-150x150.jpg\" alt=\"\" width=\"150\" height=\"150\" \/><p id=\"caption-attachment-496489\" class=\"wp-caption-text\"><em>El presidente de Brasil, Jair Bolsonaro<\/em><\/p><\/div>\n<h4><em><strong>Hoy puede llegar a los 270 mil fallecimientos<\/strong><\/em><\/h4>\n<p><em><strong>BRASILIA, 10 MAR &#8211;<\/strong> <\/em>Brasil tuvo este martes el peor d\u00eda de la pandemia del coronavirus, con el registro de 1954 v\u00edctimas fatales, y este mi\u00e9rcoles puede llegar a los 270 mil muertos.<br \/>\nEn las \u00faltimas 24 horas se reportaron 1.954 defunciones por el Covid-19, elevando el total a 268.568, mientras en la \u00faltima semana el promedio de muertes fue de 1572 por d\u00eda, cifra r\u00e9cord.<br \/>\nEste martes se cumplieron 48 d\u00edas consecutivos en los que la media de fallecidos supera los mil casos.<br \/>\nEntre tanto Brasil suma 11.125.017 infectados contados los 69.537 reportados hasta las 20 horas (23 GMT) por las secretar\u00edas de Salud de los gobiernos estaduales.<\/p>\n","protected":false},"excerpt":{"rendered":"<p>Hoy puede llegar a los 270 mil fallecimientos BRASILIA, 10 MAR &#8211; Brasil tuvo este martes el peor d\u00eda de la pandemia del coronavirus, con&hellip;<\/p>\n","protected":false},"author":99,"featured_media":496489,"comment_status":"open","ping_status":"open","sticky":false,"template":"","format":"standard","meta":{"footnotes":""},"categories":[23],"tags":[],"class_list":["post-496488","post","type-post","status-publish","format-standard","has-post-thumbnail","hentry","category-latinoamerica"],"_links":{"self":[{"href":"https:\/\/diarioelpopular.com\/index.php\/wp-json\/wp\/v2\/posts\/496488","targetHints":{"allow":["GET"]}}],"collection":[{"href":"https:\/\/diarioelpopular.com\/index.php\/wp-json\/wp\/v2\/posts"}],"about":[{"href":"https:\/\/diarioelpopular.com\/index.php\/wp-json\/wp\/v2\/types\/post"}],"author":[{"embeddable":true,"href":"https:\/\/diarioelpopular.com\/index.php\/wp-json\/wp\/v2\/users\/99"}],"replies":[{"embeddable":true,"href":"https:\/\/diarioelpopular.com\/index.php\/wp-json\/wp\/v2\/comments?post=496488"}],"version-history":[{"count":1,"href":"https:\/\/diarioelpopular.com\/index.php\/wp-json\/wp\/v2\/posts\/496488\/revisions"}],"predecessor-version":[{"id":496490,"href":"https:\/\/diarioelpopular.com\/index.php\/wp-json\/wp\/v2\/posts\/496488\/revisions\/496490"}],"wp:featuredmedia":[{"embeddable":true,"href":"https:\/\/diarioelpopular.com\/index.php\/wp-json\/wp\/v2\/media\/496489"}],"wp:attachment":[{"href":"https:\/\/diarioelpopular.com\/index.php\/wp-json\/wp\/v2\/media?parent=496488"}],"wp:term":[{"taxonomy":"category","embeddable":true,"href":"https:\/\/diarioelpopular.com\/index.php\/wp-json\/wp\/v2\/categories?post=496488"},{"taxonomy":"post_tag","embeddable":true,"href":"https:\/\/diarioelpopular.com\/index.php\/wp-json\/wp\/v2\/tags?post=496488"}],"curies":[{"name":"wp","href":"https:\/\/api.w.org\/{rel}","templated":true}]}}