{"id":496524,"date":"2021-03-12T12:46:06","date_gmt":"2021-03-12T16:46:06","guid":{"rendered":"https:\/\/diarioelpopular.com\/?p=496524"},"modified":"2021-03-12T12:46:06","modified_gmt":"2021-03-12T16:46:06","slug":"maduro-condena-el-informe-de-bachelet","status":"publish","type":"post","link":"https:\/\/diarioelpopular.com\/index.php\/2021\/03\/12\/maduro-condena-el-informe-de-bachelet\/","title":{"rendered":"Maduro condena el informe de Bachelet"},"content":{"rendered":"<div id=\"attachment_496526\" style=\"width: 160px\" class=\"wp-caption alignnone\"><img loading=\"lazy\" decoding=\"async\" aria-describedby=\"caption-attachment-496526\" class=\"size-thumbnail wp-image-496526\" src=\"https:\/\/diarioelpopular.com\/wp-content\/uploads\/2021\/03\/395e5949e29ce049250f15fd46a73923-150x150.jpg\" alt=\"\" width=\"150\" height=\"150\" \/><p id=\"caption-attachment-496526\" class=\"wp-caption-text\"><em>Nicol\u00e1s Maduro, presidente de Venezuela (foto: ANSA)<\/em><\/p><\/div>\n<h4><em><strong>Anunci\u00f3 que revisar\u00e1 relaci\u00f3n y renovaci\u00f3n Carta Compromiso<\/strong><\/em><\/h4>\n<p><em><strong>CARACAS 12 MAR &#8211;<\/strong> <\/em>El gobierno de Nicol\u00e1s Maduro conden\u00f3 el nuevo informe &#8220;desbalanceado&#8221; presentado por Michelle Bachelet, Alta Comisionada de las Naciones Unidas, sobre la situaci\u00f3n de Derechos Humanos en Venezuela.<br \/>\nAdem\u00e1s, anunci\u00f3 que someter\u00e1 a revisi\u00f3n la relaci\u00f3n con la oficina de Bachelet en Caracas, as\u00ed como &#8220;la pr\u00f3xima renovaci\u00f3n de la Carta de compromiso&#8221;.<br \/>\n&#8220;Venezuela lamenta y rechaza las desacertadas declaraciones realizadas en el d\u00eda de hoy por la Alta Comisionada de Naciones Unidas para los Derechos Humanos, Michelle Bachelet durante la 46 sesi\u00f3n ordinaria del Consejo de Derechos Humanos de la ONU&#8221;, dijo a trav\u00e9s de un comunicado emitido por la canciller\u00eda.<br \/>\nIndic\u00f3 que su &#8220;desbalanceado reporte es emitido por mandato de una politizada resoluci\u00f3n del Consejo de Derechos Humanos, promovida por el Gobierno de los Estados Unidos a trav\u00e9s del autodenominado Grupo de Lima, en clara violaci\u00f3n a las normas y principios que rigen el tratamiento de los asuntos de derechos humanos&#8221;.<br \/>\n&#8220;Es muy preocupante que la Alta Comisionada ceda ante la presi\u00f3n de actores anti venezolanos y realice afirmaciones sesgadas y alejadas de la verdad, haci\u00e9ndose eco de campa\u00f1as medi\u00e1ticas y presentado especulaciones ideologizadas como hechos&#8221;, afirm\u00f3.<br \/>\nAdem\u00e1s, destac\u00f3 que &#8220;a pesar de la presencia de su Oficina en el terreno y de los fluidos mecanismos de di\u00e1logos existentes con el Estado Venezolano, derivado de la Carta de Entendimiento sobre asistencia t\u00e9cnica y cooperaci\u00f3n recientemente renovada, la informaci\u00f3n que maneja y presenta la Alta Comisionada no dista mucho de la que difunden los gobiernos y medios que aspiran un escenario de violencia en Venezuela&#8221;.<br \/>\n&#8220;Ante los infundados se\u00f1alamientos emitidos, el Gobierno de Venezuela someter\u00e1 a revisi\u00f3n la relaci\u00f3n con la Oficina de la Alta Comisionada para los Derechos Humanos y la pr\u00f3xima renovaci\u00f3n de la Carta de compromiso&#8221;, anunci\u00f3.<br \/>\nIndic\u00f3 que esto lo har\u00e1 con el fin &#8220;de garantizar el estricto y necesario apego a los principios de objetividad, no selectividad, imparcialidad, no injerencia en los asuntos internos y di\u00e1logo constructivo&#8221;.<br \/>\n&#8220;Venezuela aspira mayor rigor y objetividad por parte de la Alta Comisionada y sus equipos t\u00e9cnicos&#8221;, exigi\u00f3.<br \/>\nBachelet durante la presentaci\u00f3n de su nueva actualizaci\u00f3n oral sobre la situaci\u00f3n en Venezuela ante en el Consejo de DD.<br \/>\nHH. de la ONU pidi\u00f3 que se realicen investigaciones judiciales sobres las ejecuciones extrajudiciales cometidas en el marco de las operaciones de seguridad, tras afirmar que siguen recibiendo denuncias sobre esta pr\u00e1ctica.<br \/>\nAsimismo, denunci\u00f3 la falta de acceso a servicios b\u00e1sicos como alimentos, agua, gas dom\u00e9stico y gasolina, que sostuvo se agudiz\u00f3 con la pandemia del Covid-19, y provoc\u00f3 un aumento de las protestas, as\u00ed como el agravamiento de la situaci\u00f3n humanitaria.<br \/>\nAdem\u00e1s, declar\u00f3 que al menos un tercio de los venezolanos estar\u00eda en situaci\u00f3n de inseguridad alimentaria, como consecuencia de que el salario m\u00ednimo est\u00e1 por debajo de un d\u00f3lar mensual, en contraste con el precio de la canasta b\u00e1sica, que ha aumentado 1.800% en el \u00faltimo a\u00f1o.<br \/>\nIgualmente, entre otros aspectos, denunci\u00f3 que el espacio c\u00edvico y democr\u00e1tico se sigue reduciendo, y pidi\u00f3 al Gobierno que revierta esta situaci\u00f3n, de cara a las elecciones de gobernadores previstas para este a\u00f1o.<\/p>\n","protected":false},"excerpt":{"rendered":"<p>Anunci\u00f3 que revisar\u00e1 relaci\u00f3n y renovaci\u00f3n Carta Compromiso CARACAS 12 MAR &#8211; El gobierno de Nicol\u00e1s Maduro conden\u00f3 el nuevo informe &#8220;desbalanceado&#8221; presentado por Michelle&hellip;<\/p>\n","protected":false},"author":99,"featured_media":496526,"comment_status":"open","ping_status":"open","sticky":false,"template":"","format":"standard","meta":{"footnotes":""},"categories":[23],"tags":[],"class_list":["post-496524","post","type-post","status-publish","format-standard","has-post-thumbnail","hentry","category-latinoamerica"],"_links":{"self":[{"href":"https:\/\/diarioelpopular.com\/index.php\/wp-json\/wp\/v2\/posts\/496524","targetHints":{"allow":["GET"]}}],"collection":[{"href":"https:\/\/diarioelpopular.com\/index.php\/wp-json\/wp\/v2\/posts"}],"about":[{"href":"https:\/\/diarioelpopular.com\/index.php\/wp-json\/wp\/v2\/types\/post"}],"author":[{"embeddable":true,"href":"https:\/\/diarioelpopular.com\/index.php\/wp-json\/wp\/v2\/users\/99"}],"replies":[{"embeddable":true,"href":"https:\/\/diarioelpopular.com\/index.php\/wp-json\/wp\/v2\/comments?post=496524"}],"version-history":[{"count":1,"href":"https:\/\/diarioelpopular.com\/index.php\/wp-json\/wp\/v2\/posts\/496524\/revisions"}],"predecessor-version":[{"id":496527,"href":"https:\/\/diarioelpopular.com\/index.php\/wp-json\/wp\/v2\/posts\/496524\/revisions\/496527"}],"wp:featuredmedia":[{"embeddable":true,"href":"https:\/\/diarioelpopular.com\/index.php\/wp-json\/wp\/v2\/media\/496526"}],"wp:attachment":[{"href":"https:\/\/diarioelpopular.com\/index.php\/wp-json\/wp\/v2\/media?parent=496524"}],"wp:term":[{"taxonomy":"category","embeddable":true,"href":"https:\/\/diarioelpopular.com\/index.php\/wp-json\/wp\/v2\/categories?post=496524"},{"taxonomy":"post_tag","embeddable":true,"href":"https:\/\/diarioelpopular.com\/index.php\/wp-json\/wp\/v2\/tags?post=496524"}],"curies":[{"name":"wp","href":"https:\/\/api.w.org\/{rel}","templated":true}]}}