{"id":496528,"date":"2021-03-12T12:48:56","date_gmt":"2021-03-12T16:48:56","guid":{"rendered":"https:\/\/diarioelpopular.com\/?p=496528"},"modified":"2021-03-12T12:48:56","modified_gmt":"2021-03-12T16:48:56","slug":"pinera-de-aniversario-en-medio-de-la-peste","status":"publish","type":"post","link":"https:\/\/diarioelpopular.com\/index.php\/2021\/03\/12\/pinera-de-aniversario-en-medio-de-la-peste\/","title":{"rendered":"Pi\u00f1era de aniversario en medio de la peste"},"content":{"rendered":"<div id=\"attachment_496529\" style=\"width: 160px\" class=\"wp-caption alignnone\"><img loading=\"lazy\" decoding=\"async\" aria-describedby=\"caption-attachment-496529\" class=\"size-thumbnail wp-image-496529\" src=\"https:\/\/diarioelpopular.com\/wp-content\/uploads\/2021\/03\/974ac7da21852cac8dd5148a35b762a6-150x150.jpg\" alt=\"\" width=\"150\" height=\"150\" \/><p id=\"caption-attachment-496529\" class=\"wp-caption-text\"><em>Sebasti\u00e1n Pi\u00f1era, presidente de Chile (foto: ANSA)<\/em><\/p><\/div>\n<h4><em><strong>Tercer a\u00f1o en el Gobierno, sin carta pol\u00edtica de navegaci\u00f3n para \u00faltimo calendario<\/strong><\/em><\/h4>\n<p><em><strong>SANTIAGO DE CHILE, 12 MAR &#8211;<\/strong><\/em> El presidente de Chile, Sebasti\u00e1n Pi\u00f1era, aprovech\u00f3 el tercer aniversario de su mandato para realizar s\u00f3lo anuncios econ\u00f3mico-sociales en apoyo de la clase media, sin relevar el itinerario pol\u00edtico en el marco del proceso constituyente que se abre el pr\u00f3ximo 11 de abril.<br \/>\nEn medio de la cruda pandemia que le ha costado la vida a 21.356 personas y ha sumado 873.512 contagiados, extra\u00f1\u00f3 la falta de una carta de navegaci\u00f3n para lo que ser\u00e1 el \u00faltimo a\u00f1o de su Gobierno.<br \/>\nJunto con describir que ha sido muy dura la situaci\u00f3n vivida, el mandatario afirm\u00f3 que &#8220;gracias al esfuerzo, aporte y compromiso de todos, estamos saliendo adelante&#8221;.<br \/>\nCon un respaldo ciudadano que no supera el 24%, de acuerdo a las encuestas, las nuevas medidas van dirigidas a trabajadores que hayan disminuido sus ingresos formales en al menos un 30% e incluyen un bono para la clase media, un pr\u00e9stamo solidario y un nuevo subsidio al arriendo.<br \/>\n&#8220;Hemos impulsado una Agenda de Seguridad, una Red de Protecci\u00f3n Sanitaria, una Red de Protecci\u00f3n Social y un Plan Econ\u00f3mico para recuperar los empleos perdidos, ayudar a las Pymes y reactivar nuestra econom\u00eda&#8221;, dijo el jefe de Estado en un acto en el Parque Mahuida, en la comuna de La Reina, sector alto de la ciudad.<br \/>\nAcompa\u00f1ado por la primera dama, Cecilia Morel, y los ministros de Hacienda, Rodrigo Cerda; de Desarrollo Social; Karla Rubilar; de la Secretaria general de gobierno, Jaime Bellolio, y de Salud, Enrique Paris, dio a conocer la entrega del Bono Clase Media equivalente a 563 d\u00f3lares por beneficiario, que podr\u00e1 aumentar hasta 845 d\u00f3lares de acuerdo al n\u00famero de personas con discapacidad, adultos mayores de 65 a\u00f1os o ni\u00f1as, ni\u00f1os y adolescentes en el hogar.<br \/>\nEl Pr\u00e9stamo Solidario consiste en un cr\u00e9dito sin intereses, con un a\u00f1o de gracia, y a pagar en 4 cuotas anuales, las cuales no podr\u00e1n exceder del 5% de los ingresos anuales del trabajador.<br \/>\nEste pr\u00e9stamo se otorgar\u00e1 a los que califiquen, por hasta 3 veces y por un monto m\u00e1ximo por cada cuota de 915 d\u00f3lares.<br \/>\nEste Bono y Pr\u00e9stamo beneficiar\u00e1 a cerca de 1,5 millones de familias y 3,6 millones de personas. Adem\u00e1s, el mandatario anunci\u00f3 50 mil nuevos Subsidios de Arriendo, dirigido a grupos familiares de ingresos bajos y medios de todas las regiones, y que han visto afectada su situaci\u00f3n laboral y que se encuentran arrendando una vivienda.<br \/>\nEl monto a asignar es de hasta 352 d\u00f3lares y el valor m\u00e1ximo de la vivienda a arrendar aumenta a 845 d\u00f3lares.<br \/>\nDesde La Moneda se destac\u00f3 que durante la pandemia, el Gobierno ha implementado una robusta Red de Protecci\u00f3n Social, que ha generado beneficios para m\u00e1s de 14 millones de personas a trav\u00e9s de medidas como los bonos Clase Media y Covid; el Ingreso Familiar de Emergencia; la Ley de Protecci\u00f3n al Empleo; la Ley de Subsidio al Empleo, los pr\u00e9stamos Fogape a las pymes, entre otras.<br \/>\nEl presidente Pi\u00f1era concluy\u00f3 la ceremonia por el tercer aniversario destacando el proceso de inoculaci\u00f3n en el pa\u00eds, que ya cuenta con m\u00e1s de 45 millones de vacunados de una poblaci\u00f3n estimada de 15 millones de personas sujetas a inmunizaci\u00f3n.<br \/>\nPi\u00f1era pidi\u00f3, finalmente que &#8220;con unidad, compromiso y buena voluntad, vamos a superar esta pandemia, volveremos a abrazar a nuestros seres queridos y reemprenderemos nuestros proyectos de vida&#8221;<\/p>\n","protected":false},"excerpt":{"rendered":"<p>Tercer a\u00f1o en el Gobierno, sin carta pol\u00edtica de navegaci\u00f3n para \u00faltimo calendario SANTIAGO DE CHILE, 12 MAR &#8211; El presidente de Chile, Sebasti\u00e1n Pi\u00f1era,&hellip;<\/p>\n","protected":false},"author":99,"featured_media":496529,"comment_status":"open","ping_status":"open","sticky":false,"template":"","format":"standard","meta":{"footnotes":""},"categories":[23],"tags":[],"class_list":["post-496528","post","type-post","status-publish","format-standard","has-post-thumbnail","hentry","category-latinoamerica"],"_links":{"self":[{"href":"https:\/\/diarioelpopular.com\/index.php\/wp-json\/wp\/v2\/posts\/496528","targetHints":{"allow":["GET"]}}],"collection":[{"href":"https:\/\/diarioelpopular.com\/index.php\/wp-json\/wp\/v2\/posts"}],"about":[{"href":"https:\/\/diarioelpopular.com\/index.php\/wp-json\/wp\/v2\/types\/post"}],"author":[{"embeddable":true,"href":"https:\/\/diarioelpopular.com\/index.php\/wp-json\/wp\/v2\/users\/99"}],"replies":[{"embeddable":true,"href":"https:\/\/diarioelpopular.com\/index.php\/wp-json\/wp\/v2\/comments?post=496528"}],"version-history":[{"count":1,"href":"https:\/\/diarioelpopular.com\/index.php\/wp-json\/wp\/v2\/posts\/496528\/revisions"}],"predecessor-version":[{"id":496530,"href":"https:\/\/diarioelpopular.com\/index.php\/wp-json\/wp\/v2\/posts\/496528\/revisions\/496530"}],"wp:featuredmedia":[{"embeddable":true,"href":"https:\/\/diarioelpopular.com\/index.php\/wp-json\/wp\/v2\/media\/496529"}],"wp:attachment":[{"href":"https:\/\/diarioelpopular.com\/index.php\/wp-json\/wp\/v2\/media?parent=496528"}],"wp:term":[{"taxonomy":"category","embeddable":true,"href":"https:\/\/diarioelpopular.com\/index.php\/wp-json\/wp\/v2\/categories?post=496528"},{"taxonomy":"post_tag","embeddable":true,"href":"https:\/\/diarioelpopular.com\/index.php\/wp-json\/wp\/v2\/tags?post=496528"}],"curies":[{"name":"wp","href":"https:\/\/api.w.org\/{rel}","templated":true}]}}