{"id":496535,"date":"2021-03-13T12:24:07","date_gmt":"2021-03-13T16:24:07","guid":{"rendered":"https:\/\/diarioelpopular.com\/?p=496535"},"modified":"2021-03-13T12:24:07","modified_gmt":"2021-03-13T16:24:07","slug":"chile-ya-roza-el-pico-de-la-primera-ola","status":"publish","type":"post","link":"https:\/\/diarioelpopular.com\/index.php\/2021\/03\/13\/chile-ya-roza-el-pico-de-la-primera-ola\/","title":{"rendered":"Chile ya roza el pico de la primera ola"},"content":{"rendered":"<h4><em><strong>Se reportaron 5.983 contagios, n\u00famero que no se ve\u00eda desde junio<\/strong><\/em><\/h4>\n<div id=\"attachment_496536\" style=\"width: 160px\" class=\"wp-caption alignnone\"><img loading=\"lazy\" decoding=\"async\" aria-describedby=\"caption-attachment-496536\" class=\"size-thumbnail wp-image-496536\" src=\"https:\/\/diarioelpopular.com\/wp-content\/uploads\/2021\/03\/bdc7afcbedc1c4e815c245751f2066d4-150x150.jpg\" alt=\"\" width=\"150\" height=\"150\" \/><p id=\"caption-attachment-496536\" class=\"wp-caption-text\">Chile impulsa la vacunaci\u00f3n, pero los casos se aceleran<\/p><\/div>\n<p><em><strong>SANTIAGO DE CHILE, 13 MAR &#8211;<\/strong><\/em> Chile se acerc\u00f3 a las cifras topes de la primera ola del a\u00f1o pasado al reportar hoy cerca de 6.000 contagios de coronavirus con 89 decesos, seg\u00fan cifras del ministerio de Salud (Minsal).<br \/>\nEl n\u00famero de 5.983 nuevos casos es similar al 19 de junio cuando el pa\u00eds viv\u00eda los peores momentos de la primera ola de la pandemia, pero esta vez, en comparaci\u00f3n, con menor positividad.<br \/>\nCon esta cifra, Chile acumula 879.485 infectados desde la llegada del SARS-CoV-2, hace poco m\u00e1s de un a\u00f1o. De este total, 32.307 permanecen en etapa activa, n\u00famero que sigue subiendo.<br \/>\nEl Minsal inform\u00f3 tambi\u00e9n de 89 nuevos fallecimientos asociados al coronavirus, elevando el total a 21.451 decesos.<br \/>\nLa positividad, en tanto, lleg\u00f3 a 8,93%, la cual es baja en comparaci\u00f3n con el primer pico de junio que sobrepasaba el 20% e incluso super\u00f3 varios d\u00edas el 30%.<br \/>\nLas hospitalizaciones en UCI tambi\u00e9n contin\u00faan en alza y llegaron a 1.926, con 1.616 pacientes conectados a ventilaci\u00f3n mec\u00e1nica invasiva. Las camas cr\u00edticas disponibles, no obstante, son 201, marcando un aumento respecto al reporte anterior.<br \/>\nNo obstante, el doctor Darwin Acu\u00f1a, presidente de la Sociedad Chilena de Medicina Intensiva (Sochimi), explic\u00f3 que las camas UCI est\u00e1n en cifras rojas y que es muy complejo asegurar sitio para todos debido a la alta demanda.<br \/>\n&#8220;El Plan de expansi\u00f3n se mantiene, sin embargo, esto est\u00e1 asociado a un n\u00famero alt\u00edsimo de casos y adem\u00e1s a unidades que est\u00e1n bastante disminuidas por la cantidad de personal que falta, que es el personal especialista por decirlo as\u00ed&#8221;, manifest\u00f3 el m\u00e9dico.<br \/>\n&#8220;Hay una cierta disminuci\u00f3n en la edad de los pacientes que est\u00e1n ingresando a las UCI, se ha visto en todo el mundo, (y) tiene que ver con la cantidad de enfermos&#8221;, agreg\u00f3.<br \/>\nLa situaci\u00f3n preocupante llev\u00f3 al Colegio M\u00e9dico (Colmed) a recomendar que las clases presenciales s\u00f3lo se efect\u00faen cuando las comunas se encuentren en etapa 3 de Preparaci\u00f3n.<br \/>\nEl a\u00f1o escolar se inici\u00f3 el 1 de marzo y al t\u00e9rmino de las dos primeras semanas, 50 establecimientos han debido cerrar las aulas de un nivel o el colegio entero debido a contagios de Covid-19.<br \/>\nLa presidenta de la Orden, Izkia Siches, se\u00f1al\u00f3 que aunque &#8220;el retorno a clases presenciales debe ser una prioridad para nuestra sociedad&#8221;, pero existir ciertas condiciones epidemiol\u00f3gicas que hoy no se cumplen. Entre ellas, mencion\u00f3, &#8220;una baja circulaci\u00f3n viral, idealmente con PCR de menos de 5% de positividad&#8221;.<br \/>\nPor eso, inform\u00f3 que en el Colmed &#8220;hemos respaldado la propuesta del Consejo Asesor Covid-19, que plantea que esto es factible desde fase tres en adelante&#8221;, al tiempo que &#8220;nos parece necesario seguir trabajando en bajar la cantidad de casos en nuestro pa\u00eds, y encontrar las condiciones para un retorno lo m\u00e1s pr\u00f3ximo posible&#8221;.<br \/>\nEl Colegio de Profesores ha sido renuente al inicio de clases mientras no se encuentren vacunados todo el sector educacional. Propuso que las escuelas abrieran en Fase 4 de Apertura Inicial, lo cual fue rechazado en su oportunidad por el Ministerio de Educaci\u00f3n.<br \/>\nConsultada sobre la propuesta del Colegio M\u00e9dico, la subsecretaria de Salud P\u00fablica, Paula Daza, plante\u00f3 que &#8220;todav\u00eda no tenemos la dimensi\u00f3n de lo que significa que un ni\u00f1o no vaya al colegio durante un a\u00f1o&#8221;, pero se comprometi\u00f3 a que &#8220;vamos a hacer todos los esfuerzos para poder mantener a los ni\u00f1os en los colegios&#8221;.<br \/>\nAs\u00ed, se\u00f1alo que &#8220;obviamente, durante la transici\u00f3n (Fase 2), que es la etapa en la que los ni\u00f1os pueden asistir de lunes a viernes, vamos a hacer todos los protocolos necesarios para que puedan ir: vigilancia, m\u00f3viles de b\u00fasqueda activa, y todas aquellas medidas sanitarias que impliquen la seguridad de los ni\u00f1os, de sus profesores y de sus padres&#8221;.<\/p>\n","protected":false},"excerpt":{"rendered":"<p>Se reportaron 5.983 contagios, n\u00famero que no se ve\u00eda desde junio SANTIAGO DE CHILE, 13 MAR &#8211; Chile se acerc\u00f3 a las cifras topes de&hellip;<\/p>\n","protected":false},"author":99,"featured_media":496536,"comment_status":"open","ping_status":"open","sticky":false,"template":"","format":"standard","meta":{"footnotes":""},"categories":[23],"tags":[],"class_list":["post-496535","post","type-post","status-publish","format-standard","has-post-thumbnail","hentry","category-latinoamerica"],"_links":{"self":[{"href":"https:\/\/diarioelpopular.com\/index.php\/wp-json\/wp\/v2\/posts\/496535","targetHints":{"allow":["GET"]}}],"collection":[{"href":"https:\/\/diarioelpopular.com\/index.php\/wp-json\/wp\/v2\/posts"}],"about":[{"href":"https:\/\/diarioelpopular.com\/index.php\/wp-json\/wp\/v2\/types\/post"}],"author":[{"embeddable":true,"href":"https:\/\/diarioelpopular.com\/index.php\/wp-json\/wp\/v2\/users\/99"}],"replies":[{"embeddable":true,"href":"https:\/\/diarioelpopular.com\/index.php\/wp-json\/wp\/v2\/comments?post=496535"}],"version-history":[{"count":1,"href":"https:\/\/diarioelpopular.com\/index.php\/wp-json\/wp\/v2\/posts\/496535\/revisions"}],"predecessor-version":[{"id":496537,"href":"https:\/\/diarioelpopular.com\/index.php\/wp-json\/wp\/v2\/posts\/496535\/revisions\/496537"}],"wp:featuredmedia":[{"embeddable":true,"href":"https:\/\/diarioelpopular.com\/index.php\/wp-json\/wp\/v2\/media\/496536"}],"wp:attachment":[{"href":"https:\/\/diarioelpopular.com\/index.php\/wp-json\/wp\/v2\/media?parent=496535"}],"wp:term":[{"taxonomy":"category","embeddable":true,"href":"https:\/\/diarioelpopular.com\/index.php\/wp-json\/wp\/v2\/categories?post=496535"},{"taxonomy":"post_tag","embeddable":true,"href":"https:\/\/diarioelpopular.com\/index.php\/wp-json\/wp\/v2\/tags?post=496535"}],"curies":[{"name":"wp","href":"https:\/\/api.w.org\/{rel}","templated":true}]}}