{"id":496547,"date":"2021-03-13T12:33:52","date_gmt":"2021-03-13T16:33:52","guid":{"rendered":"https:\/\/diarioelpopular.com\/?p=496547"},"modified":"2021-03-13T12:33:52","modified_gmt":"2021-03-13T16:33:52","slug":"bolivia-la-expresidenta-anez-apresada-y-tras-las-rejas","status":"publish","type":"post","link":"https:\/\/diarioelpopular.com\/index.php\/2021\/03\/13\/bolivia-la-expresidenta-anez-apresada-y-tras-las-rejas\/","title":{"rendered":"Bolivia: La expresidenta A\u00f1ez apresada y tras las rejas"},"content":{"rendered":"<div id=\"attachment_496548\" style=\"width: 160px\" class=\"wp-caption alignnone\"><img loading=\"lazy\" decoding=\"async\" aria-describedby=\"caption-attachment-496548\" class=\"size-thumbnail wp-image-496548\" src=\"https:\/\/diarioelpopular.com\/wp-content\/uploads\/2021\/03\/7da5fabbb74888e290d383c0468d15b3-150x150.jpg\" alt=\"\" width=\"150\" height=\"150\" \/><p id=\"caption-attachment-496548\" class=\"wp-caption-text\"><em>La expresidenta interina de Bolivia Jeanine A\u00f1ez llega a La Paz tras ser detenida. Imagen de las redes sociales<\/em><\/p><\/div>\n<h4><em><strong>Afronta causa por presunto golpe de Estado contra Evo Morales<\/strong><\/em><\/h4>\n<p><em><strong>LA PAZ 13 MAR &#8211;<\/strong> <\/em>La expresidenta interina de Bolivia Jeanine A\u00f1ez fue apresada en la madrugada de este s\u00e1bado en Trinidad, bajo la acusaci\u00f3n de haber sido parte de un golpe de Estado en 2019 contra el entonces mandatario Evo Morales, y trasladada esta ma\u00f1ana a una celda en La Paz y seguramente ser\u00e1 interrogada en las pr\u00f3ximas horas.<br \/>\n&#8220;Aqu\u00ed con una aprehensi\u00f3n ilegal, sin previo aviso&#8221; fue lo poco que alcanz\u00f3 a decir A\u00f1ez a los periodistas que esperaban su llegada a La Paz, tras un vuelo en la que estuvo acompa\u00f1ada por el general de la polic\u00eda Johnny Aguilera.<br \/>\n&#8220;Como exmandataria tengo una situaci\u00f3n particular, pero as\u00ed es el abuso, as\u00ed es el atropello. Esta aprehensi\u00f3n es abusiva&#8221;, musit\u00f3, seg\u00fan lo mostr\u00f3 la televisi\u00f3n estatal boliviana.<br \/>\nA\u00f1ez se encontraba esta ma\u00f1ana en un calabozo de la Fuerza Especial de Lucha Contra el Crimen (FELCC), reportaron peri\u00f3dicos locales, entre ellos El Deber y P\u00e1gina Siete La expresidenta fue aprehendida esta madrugada en Trinidad -a unos 600 kil\u00f3metros de La Paz- despu\u00e9s de una intensa b\u00fasqueda por efectivos policiales desde horas de la tarde del viernes.<br \/>\n&#8220;Denuncio ante Bolivia y el mundo, que en un acto de abuso y persecuci\u00f3n pol\u00edtica, el gobierno del MAS (Movimiento al Socialismo, de Morales y el actual presidente Luis Arce, NDR) me ha mandado arrestar. Me acusan de haber participado en un golpe de Estado que nunca ocurri\u00f3. Mis oraciones por Bolivia y por todos los bolivianos&#8221;, escribi\u00f3 A\u00f1ez en Twitter.<br \/>\n&#8220;Informo al pueblo boliviano que la se\u00f1ora Jeanine A\u00f1ez ya fue apresada y en este momento se encuentra en manos de la Polic\u00eda&#8221;, revel\u00f3 pasada la medianoche el ministro de Gobierno, Eduardo del Castillo, tambien a trav\u00e9s de las redes sociales.<br \/>\nEl viernes se hicieron p\u00fablicos los mandamientos de detenci\u00f3n contra A\u00f1ez y sus exministros Yerko N\u00fa\u00f1ez (Presidencia), Arturo Murillo (Gobierno), Luis Fernando L\u00f3pez (Defensa), Alvaro Coimbra (Justicia) y Rodrigo Guzm\u00e1n (Energ\u00eda).<br \/>\nY tras esos se activaron operativos de b\u00fasqueda.<br \/>\nCoimbra y Guzm\u00e1n fueron detenidos y trasladados posteriormente a la ciudad de La Paz para que brinden sus declaraciones a la Fiscal\u00eda. No se sabe el paradero de N\u00fa\u00f1ez, mientras Murillo y L\u00f3pez est\u00e1n tambi\u00e9n pr\u00f3fugos y se especula que huyeron a Estados Unidos.<br \/>\nLa causa e investigaci\u00f3n judicial por presunto &#8220;golpe de Estado&#8221; fue abierto por Lidia Patty, exdiputada del MAS, por la renuncia de Evo Morales en noviembre de 2019, acorralado por protestas c\u00edvicas, un mot\u00edn policial y la presi\u00f3n de las Fuerzas Armadas.<br \/>\nPero a eso se sum\u00f3 un pol\u00e9mico informe de la Organizaci\u00f3n de Estados Americanos (OEA), que aliment\u00f3 el discurso del fraude en las elecciones del 20 de octubre de ese a\u00f1o, en las cuales Morales gan\u00f3 sin necesidad de un balotaje con su principal rival, Carlos Mesa.<br \/>\nEntre los principales acusados en este proceso despuntan Luis Fernando Camacho, exl\u00edder civil de la regi\u00f3n de Santa Cruz (este del pa\u00eds ) y ahora virtual gobernador de ese estado, y su padre. Incluso Camacho revel\u00f3 que su progenitor &#8220;acord\u00f3&#8221; con militares y polic\u00edas para que no defiendan al gobierno de Morales.<br \/>\nPor esta raz\u00f3n, hay tambi\u00e9n mandamientos de detencii\u00f3n para los excomandantes militares Williams Kaliman y Sergio Orellana, y el excomandante policial Yuri Calder\u00f3n. El viernes fue enviado a la c\u00e1rcel, por seis meses, Flavio Arce, exjefe del Estado Mayor. En su denuncia, Patty sostuvo que Camacho, A\u00f1ez, varios exministros, exmilitares, expolic\u00edas y civiles, hab\u00edan promovido el derrocamiento de Morales en noviembre de 2019, tras 14 a\u00f1os en el poder.<br \/>\nA\u00f1ez lleg\u00f3 al poder luego de la renuncia forzada de Morales en noviembre de 2019 en medio de protestas, despu\u00e9s de que las elecciones fueran consideradas fraudulentas, y ejerci\u00f3 el Gobierno hasta noviembre de 2020 tras la asunci\u00f3n del actual mandatario, Arce.<br \/>\nEl caso de &#8220;terrorismo y sedici\u00f3n&#8221; fue presentado por sectores afines al MAS, que aseveran que la salida de Morales en 2019 fue propiciada por un golpe de Estado en medio de acusaciones de fraude electoral.<br \/>\nAnoche, la Asamblea de Derechos Humanos de Bolivia (APDHB) llam\u00f3 a defender a los exjefes militares y policiales que participaron de las movidas contra Morales y ahora enfrentan procesos penales por genocidio y otros delitos.<br \/>\n&#8220;La APDHB convoca a todos los defensores y defensoras de derechos humanos y toda la sociedad civil a elevar nuestro grito por la defensa en favor de la Polic\u00eda y las Fuerzas Armadas&#8221;, se\u00f1al\u00f3 la presidenta de esa organizaci\u00f3n, Amparo Carvajal, en un comunicado.<br \/>\nLa Defensor\u00eda del Pueblo replic\u00f3 con la publicaci\u00f3n de un informe sobre las masacres de Sacaba y Senkata, donde murieron cerca de 30 personas, en el que concluye que el gobierno de A\u00f1ez cometi\u00f3 delitos de lesa humanidad al haber incurrido en &#8220;asesinatos de forma sistem\u00e1tica en contra de la poblaci\u00f3n civil&#8221;.<\/p>\n","protected":false},"excerpt":{"rendered":"<p>Afronta causa por presunto golpe de Estado contra Evo Morales LA PAZ 13 MAR &#8211; La expresidenta interina de Bolivia Jeanine A\u00f1ez fue apresada en&hellip;<\/p>\n","protected":false},"author":99,"featured_media":496548,"comment_status":"open","ping_status":"open","sticky":false,"template":"","format":"standard","meta":{"footnotes":""},"categories":[23],"tags":[],"class_list":["post-496547","post","type-post","status-publish","format-standard","has-post-thumbnail","hentry","category-latinoamerica"],"_links":{"self":[{"href":"https:\/\/diarioelpopular.com\/index.php\/wp-json\/wp\/v2\/posts\/496547","targetHints":{"allow":["GET"]}}],"collection":[{"href":"https:\/\/diarioelpopular.com\/index.php\/wp-json\/wp\/v2\/posts"}],"about":[{"href":"https:\/\/diarioelpopular.com\/index.php\/wp-json\/wp\/v2\/types\/post"}],"author":[{"embeddable":true,"href":"https:\/\/diarioelpopular.com\/index.php\/wp-json\/wp\/v2\/users\/99"}],"replies":[{"embeddable":true,"href":"https:\/\/diarioelpopular.com\/index.php\/wp-json\/wp\/v2\/comments?post=496547"}],"version-history":[{"count":1,"href":"https:\/\/diarioelpopular.com\/index.php\/wp-json\/wp\/v2\/posts\/496547\/revisions"}],"predecessor-version":[{"id":496549,"href":"https:\/\/diarioelpopular.com\/index.php\/wp-json\/wp\/v2\/posts\/496547\/revisions\/496549"}],"wp:featuredmedia":[{"embeddable":true,"href":"https:\/\/diarioelpopular.com\/index.php\/wp-json\/wp\/v2\/media\/496548"}],"wp:attachment":[{"href":"https:\/\/diarioelpopular.com\/index.php\/wp-json\/wp\/v2\/media?parent=496547"}],"wp:term":[{"taxonomy":"category","embeddable":true,"href":"https:\/\/diarioelpopular.com\/index.php\/wp-json\/wp\/v2\/categories?post=496547"},{"taxonomy":"post_tag","embeddable":true,"href":"https:\/\/diarioelpopular.com\/index.php\/wp-json\/wp\/v2\/tags?post=496547"}],"curies":[{"name":"wp","href":"https:\/\/api.w.org\/{rel}","templated":true}]}}