{"id":496555,"date":"2021-03-14T13:45:35","date_gmt":"2021-03-14T17:45:35","guid":{"rendered":"https:\/\/diarioelpopular.com\/?p=496555"},"modified":"2021-03-14T13:45:35","modified_gmt":"2021-03-14T17:45:35","slug":"la-peste-se-acelera-en-cuba","status":"publish","type":"post","link":"https:\/\/diarioelpopular.com\/index.php\/2021\/03\/14\/la-peste-se-acelera-en-cuba\/","title":{"rendered":"La peste se acelera en Cuba"},"content":{"rendered":"<div id=\"attachment_496556\" style=\"width: 160px\" class=\"wp-caption alignnone\"><img loading=\"lazy\" decoding=\"async\" aria-describedby=\"caption-attachment-496556\" class=\"size-thumbnail wp-image-496556\" src=\"https:\/\/diarioelpopular.com\/wp-content\/uploads\/2021\/03\/95db11f96e4ebfa2ed62de579301e2e2-150x150.jpg\" alt=\"\" width=\"150\" height=\"150\" \/><p id=\"caption-attachment-496556\" class=\"wp-caption-text\"><em>Las autoridades cubanas llaman a extremar recaudos y cuidados contra el Covid-19<\/em><\/p><\/div>\n<p><em><strong>LA HABANA, 14 MAR &#8211;<\/strong><\/em> Las autoridades sanitarias advirtieron hoy que es imprescindible mantener las medidas de protecci\u00f3n personal y colectiva en Cuba con 914 nuevos casos activos y cuatro muertes m\u00e1s por la enfermedad reportadas este domingo.<br \/>\nLa epidemia en la isla se mantiene alta. Son 25.247 personas hospitalizadas, la mayor\u00eda por sospechas de tener el virus y 4.291 casos activos en toda la naci\u00f3n.<br \/>\nEl nivel de propagaci\u00f3n es alto especialmente en La Habana donde surgieron 523 de los 914 actualmente infestados.<br \/>\nLas estad\u00edsticas publicadas reflejan lo que ocurri\u00f3 con la epidemia al s\u00e1bado hasta la medianoche.<br \/>\nUn representante del ministerio de Salud P\u00fablica advirti\u00f3 hoy que las cifras epidemiol\u00f3gicas hasta ahora para marzo podr\u00edan indican que el mes puede convertirse en el peor de la pandemia para Cuba.<br \/>\nDurante el tercer mes de 2021 y hasta el d\u00eda 13, son 10,882 los contagiados con 46 muertes. Febrero fue el peor momento de la epidemia con 23,004 enfermos y 108 fallecimientos.<br \/>\nDesde que se inici\u00f3 la pandemia mundial Cuba tuvo 61,471 contagiados y 370 fallecidos en total.<br \/>\nEl gobierno ha prometido inmunizar con las vacunas nacionales a toda la poblaci\u00f3n en 2021.<br \/>\nUno de los cinco prospectos vacunales, la Soberana 02, est\u00e1 hoy en su tercera y \u00faltima etapa de desarrollo. Participan en esa prueba 44,000 personas.<br \/>\nEn el marco de esa labor la isla envi\u00f3 100,000 dosis de ese producto a Ir\u00e1n como parte de una cooperaci\u00f3n internacional que realiza.<\/p>\n","protected":false},"excerpt":{"rendered":"<p>LA HABANA, 14 MAR &#8211; Las autoridades sanitarias advirtieron hoy que es imprescindible mantener las medidas de protecci\u00f3n personal y colectiva en Cuba con 914&hellip;<\/p>\n","protected":false},"author":99,"featured_media":496556,"comment_status":"open","ping_status":"open","sticky":false,"template":"","format":"standard","meta":{"footnotes":""},"categories":[23],"tags":[],"class_list":["post-496555","post","type-post","status-publish","format-standard","has-post-thumbnail","hentry","category-latinoamerica"],"_links":{"self":[{"href":"https:\/\/diarioelpopular.com\/index.php\/wp-json\/wp\/v2\/posts\/496555","targetHints":{"allow":["GET"]}}],"collection":[{"href":"https:\/\/diarioelpopular.com\/index.php\/wp-json\/wp\/v2\/posts"}],"about":[{"href":"https:\/\/diarioelpopular.com\/index.php\/wp-json\/wp\/v2\/types\/post"}],"author":[{"embeddable":true,"href":"https:\/\/diarioelpopular.com\/index.php\/wp-json\/wp\/v2\/users\/99"}],"replies":[{"embeddable":true,"href":"https:\/\/diarioelpopular.com\/index.php\/wp-json\/wp\/v2\/comments?post=496555"}],"version-history":[{"count":1,"href":"https:\/\/diarioelpopular.com\/index.php\/wp-json\/wp\/v2\/posts\/496555\/revisions"}],"predecessor-version":[{"id":496557,"href":"https:\/\/diarioelpopular.com\/index.php\/wp-json\/wp\/v2\/posts\/496555\/revisions\/496557"}],"wp:featuredmedia":[{"embeddable":true,"href":"https:\/\/diarioelpopular.com\/index.php\/wp-json\/wp\/v2\/media\/496556"}],"wp:attachment":[{"href":"https:\/\/diarioelpopular.com\/index.php\/wp-json\/wp\/v2\/media?parent=496555"}],"wp:term":[{"taxonomy":"category","embeddable":true,"href":"https:\/\/diarioelpopular.com\/index.php\/wp-json\/wp\/v2\/categories?post=496555"},{"taxonomy":"post_tag","embeddable":true,"href":"https:\/\/diarioelpopular.com\/index.php\/wp-json\/wp\/v2\/tags?post=496555"}],"curies":[{"name":"wp","href":"https:\/\/api.w.org\/{rel}","templated":true}]}}