{"id":496561,"date":"2021-03-14T13:55:01","date_gmt":"2021-03-14T17:55:01","guid":{"rendered":"https:\/\/diarioelpopular.com\/?p=496561"},"modified":"2021-03-14T13:55:01","modified_gmt":"2021-03-14T17:55:01","slug":"bolivia-piden-prision-preventiva-para-jeanine-anez","status":"publish","type":"post","link":"https:\/\/diarioelpopular.com\/index.php\/2021\/03\/14\/bolivia-piden-prision-preventiva-para-jeanine-anez\/","title":{"rendered":"Bolivia: Piden prisi\u00f3n preventiva para Jeanine A\u00f1ez"},"content":{"rendered":"<div id=\"attachment_496562\" style=\"width: 160px\" class=\"wp-caption alignnone\"><img loading=\"lazy\" decoding=\"async\" aria-describedby=\"caption-attachment-496562\" class=\"size-thumbnail wp-image-496562\" src=\"https:\/\/diarioelpopular.com\/wp-content\/uploads\/2021\/03\/b528e0b7ea3ead1ef6060d2d0cfb1e66-150x150.jpg\" alt=\"\" width=\"150\" height=\"150\" \/><p id=\"caption-attachment-496562\" class=\"wp-caption-text\"><em>Jeanine A\u00f1ez, expresidenta interina de Bolivia<\/em><\/p><\/div>\n<h4><em><strong>Presentaci\u00f3n de la Fiscal\u00eda, debe resolver un juez<\/strong><\/em><\/h4>\n<p><em><strong>LA PAZ 14 MAR &#8211;<\/strong> <\/em>La Fiscal\u00eda Nacional de Bolivia solicit\u00f3 la detenci\u00f3n preventiva de la expresidenta Jeanine A\u00f1ez, apresada el viernes en la madrugada y acusada de participar en un presunto golpe de Estado en 2019, en la c\u00e1rcel de Obrajes de La Paz por un lapso de seis meses.<br \/>\nEl pedido se basa en la imputaci\u00f3n formal que fue emitida cerca de la medianoche del s\u00e1bado en el caso del supuesto &#8220;golpe de Estado&#8221;. El requerimiento debe ser resuelto por un juez cautelar en el curso de las pr\u00f3ximas horas e incluye a los exministros de la administraci\u00f3n de A\u00f1ez, Alvaro Co\u00edmbra (Justicia) y Rodrigo Guzm\u00e1n (Energ\u00eda), para quienes se solicita la detenci\u00f3n en la penitenciar\u00eda de San Pedro.<br \/>\nLa exmandataria y los exministros fueron acusados por los delitos de sedici\u00f3n, conspiraci\u00f3n y terrorismo.<br \/>\nLa imputaci\u00f3n fue firmada por los fiscales pro MAS Harold Jaramillo, Rudy Terrazas y Omar Mejillones. A\u00f1ez, junto sus exministros Coimbra y Guzm\u00e1n, fue detenida en Trinidad luego de un operativo policial que se desarroll\u00f3 el viernes 12 de marzo. Las ex autoridades fueron trasladadas hasta las celdas de la Fuerza Especial de Lucha Contra el Crimen.<br \/>\n&#8220;Se busca que se defiendan en libertad porque la detenci\u00f3n preventiva es de \u00faltima ratio (\u00faltima raz\u00f3n) en el proceso penal vigente. Est\u00e1n dispuestos a asumir su defensa y est\u00e1n conscientes de su inocencia, por eso ellos se encuentran con relativa tranquilidad&#8221;, afirm\u00f3 el abogado John Riveros, quien del equipo jur\u00eddico que asiste a los detenidos.<br \/>\nLa causa e investigaci\u00f3n judicial por presunto &#8220;golpe de Estado&#8221; fue abierta por Lidia Patty, exdiputada del MAS (Movimiento Al Socialismo, actualmente al frente del gobierno nacional), por la renuncia de Evo Morales en noviembre de 2019, acorralado por protestas c\u00edvicas, un mot\u00edn policial y la presi\u00f3n de las Fuerzas Armadas.<br \/>\nA eso se sum\u00f3 el informe de la Organizaci\u00f3n de Estados Americanos (OEA), que aliment\u00f3 el discurso del fraude en las elecciones del 20 de octubre de ese a\u00f1o, en las cuales Morales gan\u00f3 sin necesidad de un balotaje con su principal rival, Carlos Mesa.<br \/>\nMorales debi\u00f3 exiliarse primero en M\u00e9xico y luego en Argentina y afirm\u00f3 que su vida corri\u00f3 peligro en medio de la agitaci\u00f3n desatada en Bolivia.<br \/>\nLa querella contra A\u00f1ez se\u00f1ala que la exautoridad no fue elegida como Presidenta del Senado en las horas previas en la que asumi\u00f3 las riendas del gobierno transitorio, que fue reconocido con la Ley 1270 que, adem\u00e1s, permiti\u00f3 la pr\u00f3rroga del mandato de la Asamblea Legislativa.<\/p>\n","protected":false},"excerpt":{"rendered":"<p>Presentaci\u00f3n de la Fiscal\u00eda, debe resolver un juez LA PAZ 14 MAR &#8211; La Fiscal\u00eda Nacional de Bolivia solicit\u00f3 la detenci\u00f3n preventiva de la expresidenta&hellip;<\/p>\n","protected":false},"author":99,"featured_media":496562,"comment_status":"open","ping_status":"open","sticky":false,"template":"","format":"standard","meta":{"footnotes":""},"categories":[23],"tags":[],"class_list":["post-496561","post","type-post","status-publish","format-standard","has-post-thumbnail","hentry","category-latinoamerica"],"_links":{"self":[{"href":"https:\/\/diarioelpopular.com\/index.php\/wp-json\/wp\/v2\/posts\/496561","targetHints":{"allow":["GET"]}}],"collection":[{"href":"https:\/\/diarioelpopular.com\/index.php\/wp-json\/wp\/v2\/posts"}],"about":[{"href":"https:\/\/diarioelpopular.com\/index.php\/wp-json\/wp\/v2\/types\/post"}],"author":[{"embeddable":true,"href":"https:\/\/diarioelpopular.com\/index.php\/wp-json\/wp\/v2\/users\/99"}],"replies":[{"embeddable":true,"href":"https:\/\/diarioelpopular.com\/index.php\/wp-json\/wp\/v2\/comments?post=496561"}],"version-history":[{"count":1,"href":"https:\/\/diarioelpopular.com\/index.php\/wp-json\/wp\/v2\/posts\/496561\/revisions"}],"predecessor-version":[{"id":496563,"href":"https:\/\/diarioelpopular.com\/index.php\/wp-json\/wp\/v2\/posts\/496561\/revisions\/496563"}],"wp:featuredmedia":[{"embeddable":true,"href":"https:\/\/diarioelpopular.com\/index.php\/wp-json\/wp\/v2\/media\/496562"}],"wp:attachment":[{"href":"https:\/\/diarioelpopular.com\/index.php\/wp-json\/wp\/v2\/media?parent=496561"}],"wp:term":[{"taxonomy":"category","embeddable":true,"href":"https:\/\/diarioelpopular.com\/index.php\/wp-json\/wp\/v2\/categories?post=496561"},{"taxonomy":"post_tag","embeddable":true,"href":"https:\/\/diarioelpopular.com\/index.php\/wp-json\/wp\/v2\/tags?post=496561"}],"curies":[{"name":"wp","href":"https:\/\/api.w.org\/{rel}","templated":true}]}}