{"id":496568,"date":"2021-03-15T10:20:56","date_gmt":"2021-03-15T14:20:56","guid":{"rendered":"https:\/\/diarioelpopular.com\/?p=496568"},"modified":"2021-03-15T10:20:56","modified_gmt":"2021-03-15T14:20:56","slug":"como-navegar-por-el-sistema-de-reserva-de-vacunas-covid-19-de-ontario","status":"publish","type":"post","link":"https:\/\/diarioelpopular.com\/index.php\/2021\/03\/15\/como-navegar-por-el-sistema-de-reserva-de-vacunas-covid-19-de-ontario\/","title":{"rendered":"C\u00f3mo navegar por el sistema de reserva de vacunas COVID-19 de Ontario"},"content":{"rendered":"<p><img loading=\"lazy\" decoding=\"async\" class=\"alignnone size-custom-full-size wp-image-496569\" src=\"https:\/\/diarioelpopular.com\/wp-content\/uploads\/2021\/03\/CP119236961-scaled-636x424.jpg\" alt=\"\" width=\"636\" height=\"424\" srcset=\"https:\/\/diarioelpopular.com\/wp-content\/uploads\/2021\/03\/CP119236961-scaled-636x424.jpg 636w, https:\/\/diarioelpopular.com\/wp-content\/uploads\/2021\/03\/CP119236961-scaled-300x200.jpg 300w, https:\/\/diarioelpopular.com\/wp-content\/uploads\/2021\/03\/CP119236961-scaled-768x512.jpg 768w, https:\/\/diarioelpopular.com\/wp-content\/uploads\/2021\/03\/CP119236961-scaled-1990x1327.jpg 1990w, https:\/\/diarioelpopular.com\/wp-content\/uploads\/2021\/03\/CP119236961-scaled-1200x800.jpg 1200w, https:\/\/diarioelpopular.com\/wp-content\/uploads\/2021\/03\/CP119236961-scaled-109x73.jpg 109w, https:\/\/diarioelpopular.com\/wp-content\/uploads\/2021\/03\/CP119236961-scaled.jpg 1024w\" sizes=\"auto, (max-width: 636px) 100vw, 636px\" \/><\/p>\n<p>El sistema de reserva de vacunas COVID-19 de Ontario se lanz\u00f3 este lunes. Esto es lo que necesita saber para usarlo.<\/p>\n<p><strong><em>\u00bfCu\u00e1ndo es el lanzamiento?<\/em><\/strong><\/p>\n<p>El portal en l\u00ednea de la provincia y una l\u00ednea telef\u00f3nica adjunta comenz\u00f3 a recibir citas este lunes a las 8 de la ma\u00f1ana.<\/p>\n<p><strong><em>\u00bfC\u00f3mo puedo acceder al sistema?<\/em><\/strong><\/p>\n<p>Las personas que son elegibles para vacunarse pueden reservar en l\u00ednea en http:\/\/www.ontario.ca\/bookvaccine, mientras que quienes deseen programar una cita por tel\u00e9fono pueden llamar al 1-888-999-6488. Las citas para la primera y segunda vacunaci\u00f3n se programar\u00e1n al mismo tiempo.<\/p>\n<p><em>\u00bfQui\u00e9n puede usarlo?<\/em><\/p>\n<p>La provincia dice que el sistema de reserva actualmente solo est\u00e1 abierto para los residentes que cumplir\u00e1n 80 a\u00f1os o m\u00e1s este a\u00f1o, es decir, los nacidos en 1941 o antes.<\/p>\n<p><em><strong>\u00bfD\u00f3nde se utiliza el sistema?<\/strong><\/em><\/p>\n<p>Muchas de las 34 unidades de salud p\u00fablica de Ontario ya han establecido sus propios sistemas para reservar citas de vacunaci\u00f3n. El portal provincial ahora mejorar\u00e1 o reemplazar\u00e1 por completo esas configuraciones en muchas \u00e1reas, mientras que otras continuar\u00e1n utilizando m\u00e9todos de programaci\u00f3n locales.<\/p>\n<p><em><strong>\u00bfQu\u00e9 hace el portal en l\u00ednea?<\/strong><\/em><\/p>\n<p>Los solicitantes de vacunas en algunas \u00e1reas podr\u00e1n reservar citas directamente a trav\u00e9s del portal en l\u00ednea de la provincia. El sitio web tambi\u00e9n proporciona orientaci\u00f3n sobre c\u00f3mo concertar una cita a trav\u00e9s de las unidades de salud locales.<\/p>\n<p><em><strong>\u00bfQu\u00e9 necesito para reservar una cita?<\/strong><\/em><\/p>\n<p>Para programar una inyecci\u00f3n, debe proporcionar los datos de la tarjeta sanitaria provincial (OHIP), as\u00ed como su fecha de nacimiento, c\u00f3digo postal y direcci\u00f3n de correo electr\u00f3nico o n\u00famero de tel\u00e9fono.<\/p>\n<p>La provincia recomienda que las personas que tengan tarjetas de salud rojas (las antiguas) y blancas llamen a la l\u00ednea telef\u00f3nica para obtener m\u00e1s informaci\u00f3n.<\/p>\n<p><em><strong>No soy elegible. \u00bfQu\u00e9 hago ahora?<\/strong><\/em><\/p>\n<p>En pocas palabras: esperar.<\/p>\n<p>Las autoridades dicen que es crucial que solo los residentes elegibles hagan uso del sistema. El primer ministro Doug Ford dice que el sistema de reserva estar\u00e1 abierto a otros grupos de edad en abril como parte de la pr\u00f3xima fase del lanzamiento de la vacuna de Ontario.<\/p>\n","protected":false},"excerpt":{"rendered":"<p>El sistema de reserva de vacunas COVID-19 de Ontario se lanz\u00f3 este lunes. Esto es lo que necesita saber para usarlo. \u00bfCu\u00e1ndo es el lanzamiento?&hellip;<\/p>\n","protected":false},"author":99,"featured_media":496569,"comment_status":"open","ping_status":"open","sticky":false,"template":"","format":"standard","meta":{"footnotes":""},"categories":[21,11191],"tags":[],"class_list":["post-496568","post","type-post","status-publish","format-standard","has-post-thumbnail","hentry","category-canada","category-top-news"],"_links":{"self":[{"href":"https:\/\/diarioelpopular.com\/index.php\/wp-json\/wp\/v2\/posts\/496568","targetHints":{"allow":["GET"]}}],"collection":[{"href":"https:\/\/diarioelpopular.com\/index.php\/wp-json\/wp\/v2\/posts"}],"about":[{"href":"https:\/\/diarioelpopular.com\/index.php\/wp-json\/wp\/v2\/types\/post"}],"author":[{"embeddable":true,"href":"https:\/\/diarioelpopular.com\/index.php\/wp-json\/wp\/v2\/users\/99"}],"replies":[{"embeddable":true,"href":"https:\/\/diarioelpopular.com\/index.php\/wp-json\/wp\/v2\/comments?post=496568"}],"version-history":[{"count":1,"href":"https:\/\/diarioelpopular.com\/index.php\/wp-json\/wp\/v2\/posts\/496568\/revisions"}],"predecessor-version":[{"id":496570,"href":"https:\/\/diarioelpopular.com\/index.php\/wp-json\/wp\/v2\/posts\/496568\/revisions\/496570"}],"wp:featuredmedia":[{"embeddable":true,"href":"https:\/\/diarioelpopular.com\/index.php\/wp-json\/wp\/v2\/media\/496569"}],"wp:attachment":[{"href":"https:\/\/diarioelpopular.com\/index.php\/wp-json\/wp\/v2\/media?parent=496568"}],"wp:term":[{"taxonomy":"category","embeddable":true,"href":"https:\/\/diarioelpopular.com\/index.php\/wp-json\/wp\/v2\/categories?post=496568"},{"taxonomy":"post_tag","embeddable":true,"href":"https:\/\/diarioelpopular.com\/index.php\/wp-json\/wp\/v2\/tags?post=496568"}],"curies":[{"name":"wp","href":"https:\/\/api.w.org\/{rel}","templated":true}]}}