{"id":496571,"date":"2021-03-15T10:25:38","date_gmt":"2021-03-15T14:25:38","guid":{"rendered":"https:\/\/diarioelpopular.com\/?p=496571"},"modified":"2021-03-15T10:25:38","modified_gmt":"2021-03-15T14:25:38","slug":"mexico-preve-inmunizar-a-docentes-para-abrir-aulas","status":"publish","type":"post","link":"https:\/\/diarioelpopular.com\/index.php\/2021\/03\/15\/mexico-preve-inmunizar-a-docentes-para-abrir-aulas\/","title":{"rendered":"M\u00e9xico prev\u00e9 inmunizar a docentes para abrir aulas"},"content":{"rendered":"<div id=\"attachment_496572\" style=\"width: 160px\" class=\"wp-caption alignnone\"><img loading=\"lazy\" decoding=\"async\" aria-describedby=\"caption-attachment-496572\" class=\"size-thumbnail wp-image-496572\" src=\"https:\/\/diarioelpopular.com\/wp-content\/uploads\/2021\/03\/f2f6457efb71e665ad677717b61c6dcb-150x150.jpg\" alt=\"\" width=\"150\" height=\"150\" \/><p id=\"caption-attachment-496572\" class=\"wp-caption-text\"><em>M\u00e9xico prev\u00e9 inmunizar a docentes para abrir aulas (foto: EPA)<\/em><\/p><\/div>\n<h4><em><strong>La idea es reactivar clases presenciales antes de 9 de julio<\/strong><\/em><\/h4>\n<p><em><strong>CIUDAD DE MEXICO, 15 MAR<\/strong> <\/em>&#8211; el gobierno mexicano anunci\u00f3 que, despu\u00e9s de los m\u00e9dicos y los mayores de 60 a\u00f1os, los maestros ser\u00e1n el siguiente grupo prioritario en la vacunaci\u00f3n contra el Covid-19, con el prop\u00f3sito de reanudar las clases presenciales antes de finalizar el actual ciclo escolar.<br \/>\nLas clases en el sistema educativo nacional comenzaron el 24 de agosto y terminan el 9 de julio, pero algunos expertos desaconsejan inmunizar a los 1,2 millones de docentes de educaci\u00f3n b\u00e1sica cuando todav\u00eda no se ha logrado proteger con el ant\u00edgeno sino s\u00f3lo a 2,5 millones de &#8220;adultos mayores&#8221;, la quinta parte del total.<br \/>\nAsimismo, argumentan que es necesario tambi\u00e9n inocular antes a los enfermos cr\u00f3nicos por la alta probabilidad de que se contagien de Covid. Sin embargo, el gobierno vacun\u00f3 ya a 24.000 maestros en el estado sure\u00f1o de Campeche, uno de los primeros en alcanzar el &#8220;verde&#8221; del sem\u00e1foro epidemiol\u00f3gico, una categor\u00eda que ahora se extiende tambi\u00e9n al estado de Chiapas, tambi\u00e9n en la zona meridional y al norte\u00f1o estado de Sonora.<br \/>\nAl considerar que existen presiones pol\u00edticas y econ\u00f3micas para reactivar las clases presenciales, padres de familia y maestros exigieron a Delfina G\u00f3mez, nueva titular de la Secretar\u00eda de Educaci\u00f3n P\u00fablica (SEP), no ceder ante ellas hasta contar con las condiciones necesarias en escuelas y tener un &#8220;aut\u00e9ntico sem\u00e1foro verde&#8221;.<br \/>\nNallely Parra, vocera del Comit\u00e9 Ciudadano Unidos por Ley, abog\u00f3 porque el regreso a clases &#8220;sea cuando se tengan las condiciones adecuadas que garanticen la salud&#8221; de toda la comunidad escolar.<br \/>\nCarlos Aguirre, director general de la Alianza de Maestros y coordinador nacional de la ONG Misi\u00f3n Rescate M\u00e9xico, indic\u00f3 que &#8220;bajo las condiciones actuales ni en verde o amarillo se garantiza la seguridad sanitaria para docentes y alumnos&#8221;.<br \/>\nAguirre se\u00f1al\u00f3 que el ministerio de Gobernaci\u00f3n est\u00e1 sujeto a fuertes presiones de &#8220;distintos sectores&#8221; pero afirm\u00f3 que lo m\u00e1s importante es &#8220;salvaguardar y cuidar la integridad de los maestros y de los alumnos&#8221;. &#8220;Le pedimos a Delfina G\u00f3mez no dejarse presionar por aquellas voces que no cuidan&#8221; de los alumnos y los docentes, se\u00f1al\u00f3 Parra.<br \/>\nEl presidente Andr\u00e9s L\u00f3pez Obrador dijo el viernes que &#8220;vamos a vacunar a maestros y maestras, a todo el personal educativo, para el regreso a clases, porque tenemos que retornar a la normalidad&#8221;.<br \/>\n&#8220;No vamos a esperar que termine el curso, el ciclo escolar, con clases a distancia. Antes de eso vamos a tener clases presenciales en todo el pa\u00eds&#8221;, afirm\u00f3 el mandatario.<br \/>\nLa Asociaci\u00f3n Nacional de Escuelas Particulares (ANEP) ha se\u00f1alado que se prev\u00e9 el cierre de cerca de 20.000 escuelas privadas de las 48.000 existentes en M\u00e9xico, a causa de &#8220;la imposici\u00f3n de las clases en l\u00ednea&#8221; por las medidas de confinamiento.<br \/>\nAlfredo Villar, presidente de la ANEP, calcula que hab\u00eda 1,1 millones de deserciones anuales antes de la pandemia de alumnos en todos los niveles, pero ahora con la crisis sanitaria se han sumado otros 2 millones m\u00e1s que se integran a los 35 millones de mexicanos mayores de 15 a\u00f1os que no han terminado su educaci\u00f3n b\u00e1sica.<br \/>\nSeg\u00fan sus estimaciones, se perder\u00e1n 200.000 empleos de profesores y empleados administrativos de las escuelas privadas si siguen las clases en forma remota y de los 5,5 millones estudiantes del sector privado, alrededor de 2,3 millones se ver\u00e1n empujados a escuelas p\u00fablicas, en menoscabo de la calidad de su preparaci\u00f3n.<br \/>\nVillar calcul\u00f3 que casi un 65% de los padres de familia quieren enviar ya a sus hijos a las escuelas en forma presencial e indic\u00f3 que, si las autoridades educativas se oponen, podr\u00edan recurrir al poder judicial e interponer recursos diversos.<br \/>\nLa Organizaci\u00f3n de Naciones Unidas para la Infancia (UNICEF) ha se\u00f1alado que los efectos del cierre de escuelas por la pandemia &#8220;son devastadores y los ni\u00f1os en mayor situaci\u00f3n de vulnerabilidad pagan el precio m\u00e1s alto&#8221;.<br \/>\n&#8220;No asistir presencialmente a las escuelas afecta su bienestar, seguridad y desarrollo, pues es all\u00ed donde reciben educaci\u00f3n, alimento y protecci\u00f3n, donde juegan, hacen amigos y reciben el apoyo de sus docentes&#8221;, argumenta.<br \/>\nPor otro lado, el sistema de educaci\u00f3n a distancia establecido por las autoridades tropieza con problemas estructurales como la pobreza, pues la gente sin recursos carece de Internet, de ordenadores e inclusive de tel\u00e9fonos m\u00f3viles e incluso de televisi\u00f3n.<\/p>\n","protected":false},"excerpt":{"rendered":"<p>La idea es reactivar clases presenciales antes de 9 de julio CIUDAD DE MEXICO, 15 MAR &#8211; el gobierno mexicano anunci\u00f3 que, despu\u00e9s de los&hellip;<\/p>\n","protected":false},"author":99,"featured_media":496572,"comment_status":"open","ping_status":"open","sticky":false,"template":"","format":"standard","meta":{"footnotes":""},"categories":[23],"tags":[],"class_list":["post-496571","post","type-post","status-publish","format-standard","has-post-thumbnail","hentry","category-latinoamerica"],"_links":{"self":[{"href":"https:\/\/diarioelpopular.com\/index.php\/wp-json\/wp\/v2\/posts\/496571","targetHints":{"allow":["GET"]}}],"collection":[{"href":"https:\/\/diarioelpopular.com\/index.php\/wp-json\/wp\/v2\/posts"}],"about":[{"href":"https:\/\/diarioelpopular.com\/index.php\/wp-json\/wp\/v2\/types\/post"}],"author":[{"embeddable":true,"href":"https:\/\/diarioelpopular.com\/index.php\/wp-json\/wp\/v2\/users\/99"}],"replies":[{"embeddable":true,"href":"https:\/\/diarioelpopular.com\/index.php\/wp-json\/wp\/v2\/comments?post=496571"}],"version-history":[{"count":1,"href":"https:\/\/diarioelpopular.com\/index.php\/wp-json\/wp\/v2\/posts\/496571\/revisions"}],"predecessor-version":[{"id":496573,"href":"https:\/\/diarioelpopular.com\/index.php\/wp-json\/wp\/v2\/posts\/496571\/revisions\/496573"}],"wp:featuredmedia":[{"embeddable":true,"href":"https:\/\/diarioelpopular.com\/index.php\/wp-json\/wp\/v2\/media\/496572"}],"wp:attachment":[{"href":"https:\/\/diarioelpopular.com\/index.php\/wp-json\/wp\/v2\/media?parent=496571"}],"wp:term":[{"taxonomy":"category","embeddable":true,"href":"https:\/\/diarioelpopular.com\/index.php\/wp-json\/wp\/v2\/categories?post=496571"},{"taxonomy":"post_tag","embeddable":true,"href":"https:\/\/diarioelpopular.com\/index.php\/wp-json\/wp\/v2\/tags?post=496571"}],"curies":[{"name":"wp","href":"https:\/\/api.w.org\/{rel}","templated":true}]}}