{"id":496583,"date":"2021-03-16T12:08:03","date_gmt":"2021-03-16T16:08:03","guid":{"rendered":"https:\/\/diarioelpopular.com\/?p=496583"},"modified":"2021-03-16T12:08:03","modified_gmt":"2021-03-16T16:08:03","slug":"chile-endurece-medidas-con-cuarentenas-aisladas","status":"publish","type":"post","link":"https:\/\/diarioelpopular.com\/index.php\/2021\/03\/16\/chile-endurece-medidas-con-cuarentenas-aisladas\/","title":{"rendered":"Chile endurece medidas con cuarentenas aisladas"},"content":{"rendered":"<div id=\"attachment_496584\" style=\"width: 160px\" class=\"wp-caption alignnone\"><img loading=\"lazy\" decoding=\"async\" aria-describedby=\"caption-attachment-496584\" class=\"size-thumbnail wp-image-496584\" src=\"https:\/\/diarioelpopular.com\/wp-content\/uploads\/2021\/03\/6d66b2489da829942b7c676dda2d9ade-150x150.jpg\" alt=\"\" width=\"150\" height=\"150\" \/><p id=\"caption-attachment-496584\" class=\"wp-caption-text\"><em>Chile endurece las medidas sanitarias<\/em><br \/><em>(foto: EPA)<\/em><\/p><\/div>\n<h4><em><strong>Se anuncian cordones sanitarios para Semana Santa<\/strong><\/em><\/h4>\n<p><em><strong>SANTIAGO DE CHILE, 16 MAR &#8211;<\/strong><\/em> Las autoridades de Chile endurecieron las medidas sanitarias e impusieron cuarentenas aisladas en 29 comunas, cuando se confirmaron 98 nuevos fallecimientos y 5.117 contagios.<br \/>\nDe las 29 comunas, 9 pertenecen a la regi\u00f3n Metropolitana.<br \/>\nEl balance del Ministerio de Salud (Minsal) se\u00f1al\u00f3 adem\u00e1s que hay 2.053 pacientes en la UCI, de las cuales 1.777 est\u00e1n con apoyo de ventilaci\u00f3n mec\u00e1nica.<br \/>\nLa red de laboratorios inform\u00f3 los resultados de 68.968 PCR, con una positividad del 7,3% a nivel pa\u00eds.<br \/>\nLa regi\u00f3n Metropolitana \u2014actualmente en Fase 2\u2014 tiene 18,9 casos por cada 100.000 habitantes; sin embargo, la \u00fanica regi\u00f3n que est\u00e1 por debajo de la capital y registra menos incidencia es la de Ays\u00e9n, con 10,4 casos.<br \/>\nEl resto del pa\u00eds vive situaciones cr\u00edticas: Los R\u00edos (63,1), B\u00edo B\u00edo (45,4), Tarapac\u00e1 (43,3) y Araucan\u00eda (41,4).<br \/>\nLa cifra total de personas que han sido diagnosticadas con Covid-19 en el pa\u00eds alcanza a las 896.231. De ese total, 33.379 pacientes se encuentran en etapa activa, nivel que supera al de este domingo y vuelve a ser lo m\u00e1s alto desde el 29 de junio pasado.<br \/>\nEl n\u00famero de v\u00edctimas de la pandemia subi\u00f3 a 21.772 personas.<br \/>\nLa subsecretaria Paula Daza anunci\u00f3 que para Semana Santa se instalar\u00e1 un cord\u00f3n sanitario, a partir del d\u00eda 1 hasta el domingo 4 de abril.<br \/>\n&#8220;Esto va a ser en las regiones Metropolitana, Valpara\u00edso, Gran Concepci\u00f3n, Temuco y Padre Las Casas&#8221;, precis\u00f3 Daza.<br \/>\nA su vez, la subsecretaria de Prevenci\u00f3n del Delito, Karen Martorell, coment\u00f3 las cifras entregadas por Carabineros respecto a los sumarios cursados el fin de semana, recordando que las personas quedan con antecedentes penales.<br \/>\nSeg\u00fan el \u00faltimo informe de Carabineros, durante el fin de semana se detectaron 790 personas con Covid positivo circulando en las calles.<br \/>\nAnte ello, Martorell record\u00f3 que el C\u00f3digo Penal fue modificado durante la pandemia, &#8220;estableciendo sanciones privativas de libertad y multas altas para quienes ponen en riesgo la salud del resto de las personas&#8221;. Martorell expres\u00f3 que &#8220;lo que tampoco est\u00e1n comprendiendo, es que salen a la calle, poniendo en riesgo la vida de los dem\u00e1s, y eso puede inclusive, significar la muerte de nuestros seres queridos.<br \/>\nPor eso, m\u00e1s all\u00e1 de las sanciones, llamamos a las personas a ser responsables, porque es casi lo mismo que salir con una pistola desenfundada el estar enfermo con Covid en la calle y sin preocuparse por la vida de los dem\u00e1s&#8221;.<br \/>\nCarabineros entreg\u00f3 1.880.773 permisos temporales en domingo de cuarentena en medio del primer fin de semana de reconfinamiento de toda la regi\u00f3n Metropolitana por la fase 2, debido al sostenido aumento de casos de coronavirus.<br \/>\nDe estos, 1.809.029 fueron de desplazamiento general y 13.044 corresponde a la categor\u00eda que Carabineros defini\u00f3 como otros.<br \/>\nAdem\u00e1s, hubo 29.727 permisos de traslados para vacaciones y 28.973 de retorno a residencia habitual.<br \/>\nEl ministro de Salud, Enrique Paris, se\u00f1al\u00f3 que como Gobierno est\u00e1n &#8220;muy preocupados por el avance y el comportamiento del virus Covid-19 y observamos aumentos persistentes de casos en los \u00faltimos d\u00edas. Este aumento tambi\u00e9n se observ\u00f3 en otros pa\u00edses despu\u00e9s de las vacaciones de verano y por eso se dise\u00f1\u00f3 un &#8216;plan marzo&#8217; para aumentar la fiscalizaci\u00f3n, preparar los hospitales con aumento de las camas UCI sin dejar de insistir en una campa\u00f1a de prevenci\u00f3n&#8221;.<\/p>\n","protected":false},"excerpt":{"rendered":"<p>Se anuncian cordones sanitarios para Semana Santa SANTIAGO DE CHILE, 16 MAR &#8211; Las autoridades de Chile endurecieron las medidas sanitarias e impusieron cuarentenas aisladas&hellip;<\/p>\n","protected":false},"author":99,"featured_media":496584,"comment_status":"open","ping_status":"open","sticky":false,"template":"","format":"standard","meta":{"footnotes":""},"categories":[23],"tags":[],"class_list":["post-496583","post","type-post","status-publish","format-standard","has-post-thumbnail","hentry","category-latinoamerica"],"_links":{"self":[{"href":"https:\/\/diarioelpopular.com\/index.php\/wp-json\/wp\/v2\/posts\/496583","targetHints":{"allow":["GET"]}}],"collection":[{"href":"https:\/\/diarioelpopular.com\/index.php\/wp-json\/wp\/v2\/posts"}],"about":[{"href":"https:\/\/diarioelpopular.com\/index.php\/wp-json\/wp\/v2\/types\/post"}],"author":[{"embeddable":true,"href":"https:\/\/diarioelpopular.com\/index.php\/wp-json\/wp\/v2\/users\/99"}],"replies":[{"embeddable":true,"href":"https:\/\/diarioelpopular.com\/index.php\/wp-json\/wp\/v2\/comments?post=496583"}],"version-history":[{"count":1,"href":"https:\/\/diarioelpopular.com\/index.php\/wp-json\/wp\/v2\/posts\/496583\/revisions"}],"predecessor-version":[{"id":496585,"href":"https:\/\/diarioelpopular.com\/index.php\/wp-json\/wp\/v2\/posts\/496583\/revisions\/496585"}],"wp:featuredmedia":[{"embeddable":true,"href":"https:\/\/diarioelpopular.com\/index.php\/wp-json\/wp\/v2\/media\/496584"}],"wp:attachment":[{"href":"https:\/\/diarioelpopular.com\/index.php\/wp-json\/wp\/v2\/media?parent=496583"}],"wp:term":[{"taxonomy":"category","embeddable":true,"href":"https:\/\/diarioelpopular.com\/index.php\/wp-json\/wp\/v2\/categories?post=496583"},{"taxonomy":"post_tag","embeddable":true,"href":"https:\/\/diarioelpopular.com\/index.php\/wp-json\/wp\/v2\/tags?post=496583"}],"curies":[{"name":"wp","href":"https:\/\/api.w.org\/{rel}","templated":true}]}}