{"id":496592,"date":"2021-03-17T10:11:23","date_gmt":"2021-03-17T14:11:23","guid":{"rendered":"https:\/\/diarioelpopular.com\/?p=496592"},"modified":"2021-03-17T10:11:23","modified_gmt":"2021-03-17T14:11:23","slug":"chile-convoca-a-privados-a-aumentar-camas-uci","status":"publish","type":"post","link":"https:\/\/diarioelpopular.com\/index.php\/2021\/03\/17\/chile-convoca-a-privados-a-aumentar-camas-uci\/","title":{"rendered":"Chile convoca a privados a aumentar camas UCI"},"content":{"rendered":"<div id=\"attachment_496593\" style=\"width: 486px\" class=\"wp-caption alignnone\"><img loading=\"lazy\" decoding=\"async\" aria-describedby=\"caption-attachment-496593\" class=\"size-custom-full-size wp-image-496593\" src=\"https:\/\/diarioelpopular.com\/wp-content\/uploads\/2021\/03\/932c8493a018cc678ecd55f25b9edb87.jpg\" alt=\"\" width=\"476\" height=\"327\" srcset=\"https:\/\/diarioelpopular.com\/wp-content\/uploads\/2021\/03\/932c8493a018cc678ecd55f25b9edb87.jpg 476w, https:\/\/diarioelpopular.com\/wp-content\/uploads\/2021\/03\/932c8493a018cc678ecd55f25b9edb87-300x206.jpg 300w, https:\/\/diarioelpopular.com\/wp-content\/uploads\/2021\/03\/932c8493a018cc678ecd55f25b9edb87-80x55.jpg 80w, https:\/\/diarioelpopular.com\/wp-content\/uploads\/2021\/03\/932c8493a018cc678ecd55f25b9edb87-106x73.jpg 106w\" sizes=\"auto, (max-width: 476px) 100vw, 476px\" \/><p id=\"caption-attachment-496593\" class=\"wp-caption-text\">Chile convoca a privados a aumentar camas UCI<br \/>(foto: ANSA)<\/p><\/div>\n<h4><em><strong>R\u00e9cord de pacientes con ventilaci\u00f3n mec\u00e1nica<\/strong><\/em><\/h4>\n<p><em><strong>SANTIAGO DE CHILE, 17 MAR &#8211;<\/strong><\/em> Las autoridades sanitarias convocaron nuevamente al sector privado para aumentar las camas UCI luego del recrudecimiento de contagios y pacientes hospitalizados en Chile que super\u00f3 las 2000 personas.<br \/>\nLos enfermos con ventilaci\u00f3n mec\u00e1nica llegaron a 1806, marcando un nuevo m\u00e1ximo en toda la pandemia. El r\u00e9cord se hab\u00eda registrado el 26 de junio de 2020 -en pleno pico de la primera ola-, cuando se reportaron 1793 personas con ventilador.<br \/>\nAnte ello, el Ministerio de Salud (Minsal) inform\u00f3 que el sector privado aportar\u00e1 195 unidades para llegar a las 1.364 camas UCI, alcanzando para este 22 de marzo la misma dotaci\u00f3n de la primera ola.<br \/>\nLos pacientes ingresados este martes en las unidades de cuidados incentivos sumaron 2.099, solo 30 menos que el r\u00e9cord de 2.129 personas que se registr\u00f3 el 28 de junio.<br \/>\nEl subsecretario de Redes Asistenciales, Alberto Dougnac, comento hoy que en &#8220;estos \u00faltimos d\u00edas, nuestro sistema de salud ha estado muy exigido, la cantidad de pacientes contagiados ha ido en aumento. Eso ha generado una mayor demanda de camas cr\u00edticas, por eso hemos estado trabajando junto a la red integrada p\u00fablico-privada para ir desarrollando estrategias que nos permitan ir creciendo en el n\u00famero de camas que vamos necesitando&#8221;.<br \/>\nEl superintendente de Salud, Patricio Fern\u00e1ndez, llam\u00f3 a los establecimientos privados a que dispongan del aumento de camas UCI decretado por el Ministerio de Salud.<br \/>\n&#8220;Nosotros como superintendencia estaremos fiscalizando que se cumpla este aumento de camas. Lo que uno pide a los equipos de salud, sobre todo a los privados que no han cumplido los porcentajes, necesitamos que lo hagan, porque necesitamos responder&#8221;, conmin\u00f3.<br \/>\nLa red integrada del sistema p\u00fablico-privado cuenta con un total de 3.197 camas UCI. Por esto, las autoridades sanitarias anunciaron que esperan alcanzar la dotaci\u00f3n de camas disponibles que hubo en la primera ola de la pandemia. Para lograr eso, se espera el aporte de 54 establecimientos de salud privados y 7 pertenecientes a las Fuerzas de Orden P\u00fablico.<br \/>\n&#8220;Esperamos nuevamente que alcancemos a lo menos el n\u00famero de camas UCI que tuvimos en la primera ola&#8221;, sostuvo el superintendente de Salud.<br \/>\nEl subsecretario Dougnac reitero el llamado a mantener y respetar las medidas de autocuidado.<br \/>\n&#8220;Nos van quedando algunas semanas por delante, en la espera de que las vacunas comiencen a hacer efecto. La primera ola todos estaban muy conscientes, pero en esta oportunidad nos hemos olvidado que existen muchas personas trabajando con los pacientes y que luchan por salvar sus vidas. Hemos avanzado muy bien con el plan de vacunaci\u00f3n, pero eso no significa que la pandemia ha acabado. Tenemos por delante un par de meses m\u00e1s que van a ser complicados&#8221;, sincer\u00f3.<br \/>\nEl Minsal report\u00f3 hoy 4.591 contagios con lo cual se super\u00f3 la cifra de 900 mil contagiados desde el inicio de la pandemia, de los cuales 32.867 se mantienen activos. A la vez, los decesos fueron 17 totalizando 21.789 v\u00edctimas de la pandemia.<br \/>\nLos laboratorios informaron hoy los resultados de 46.380 PCR, lo que arroj\u00f3 una positividad nacional en las \u00faltimas 24 horas de 9,74%. El pasado lunes fue de 8,67%.<\/p>\n","protected":false},"excerpt":{"rendered":"<p>R\u00e9cord de pacientes con ventilaci\u00f3n mec\u00e1nica SANTIAGO DE CHILE, 17 MAR &#8211; Las autoridades sanitarias convocaron nuevamente al sector privado para aumentar las camas UCI&hellip;<\/p>\n","protected":false},"author":99,"featured_media":496593,"comment_status":"open","ping_status":"open","sticky":false,"template":"","format":"standard","meta":{"footnotes":""},"categories":[23],"tags":[],"class_list":["post-496592","post","type-post","status-publish","format-standard","has-post-thumbnail","hentry","category-latinoamerica"],"_links":{"self":[{"href":"https:\/\/diarioelpopular.com\/index.php\/wp-json\/wp\/v2\/posts\/496592","targetHints":{"allow":["GET"]}}],"collection":[{"href":"https:\/\/diarioelpopular.com\/index.php\/wp-json\/wp\/v2\/posts"}],"about":[{"href":"https:\/\/diarioelpopular.com\/index.php\/wp-json\/wp\/v2\/types\/post"}],"author":[{"embeddable":true,"href":"https:\/\/diarioelpopular.com\/index.php\/wp-json\/wp\/v2\/users\/99"}],"replies":[{"embeddable":true,"href":"https:\/\/diarioelpopular.com\/index.php\/wp-json\/wp\/v2\/comments?post=496592"}],"version-history":[{"count":1,"href":"https:\/\/diarioelpopular.com\/index.php\/wp-json\/wp\/v2\/posts\/496592\/revisions"}],"predecessor-version":[{"id":496594,"href":"https:\/\/diarioelpopular.com\/index.php\/wp-json\/wp\/v2\/posts\/496592\/revisions\/496594"}],"wp:featuredmedia":[{"embeddable":true,"href":"https:\/\/diarioelpopular.com\/index.php\/wp-json\/wp\/v2\/media\/496593"}],"wp:attachment":[{"href":"https:\/\/diarioelpopular.com\/index.php\/wp-json\/wp\/v2\/media?parent=496592"}],"wp:term":[{"taxonomy":"category","embeddable":true,"href":"https:\/\/diarioelpopular.com\/index.php\/wp-json\/wp\/v2\/categories?post=496592"},{"taxonomy":"post_tag","embeddable":true,"href":"https:\/\/diarioelpopular.com\/index.php\/wp-json\/wp\/v2\/tags?post=496592"}],"curies":[{"name":"wp","href":"https:\/\/api.w.org\/{rel}","templated":true}]}}