{"id":496620,"date":"2021-03-18T10:14:27","date_gmt":"2021-03-18T14:14:27","guid":{"rendered":"https:\/\/diarioelpopular.com\/?p=496620"},"modified":"2021-03-18T10:14:27","modified_gmt":"2021-03-18T14:14:27","slug":"brasil-supera-las-3-mil-muertes-en-un-dia","status":"publish","type":"post","link":"https:\/\/diarioelpopular.com\/index.php\/2021\/03\/18\/brasil-supera-las-3-mil-muertes-en-un-dia\/","title":{"rendered":"Brasil supera las 3 mil muertes en un d\u00eda"},"content":{"rendered":"<div id=\"attachment_496621\" style=\"width: 486px\" class=\"wp-caption alignnone\"><img loading=\"lazy\" decoding=\"async\" aria-describedby=\"caption-attachment-496621\" class=\"size-custom-full-size wp-image-496621\" src=\"https:\/\/diarioelpopular.com\/wp-content\/uploads\/2021\/03\/e7b3a443adb8584cd81352b3e02ddfd2.jpg\" alt=\"\" width=\"476\" height=\"317\" srcset=\"https:\/\/diarioelpopular.com\/wp-content\/uploads\/2021\/03\/e7b3a443adb8584cd81352b3e02ddfd2.jpg 476w, https:\/\/diarioelpopular.com\/wp-content\/uploads\/2021\/03\/e7b3a443adb8584cd81352b3e02ddfd2-300x200.jpg 300w, https:\/\/diarioelpopular.com\/wp-content\/uploads\/2021\/03\/e7b3a443adb8584cd81352b3e02ddfd2-110x73.jpg 110w\" sizes=\"auto, (max-width: 476px) 100vw, 476px\" \/><p id=\"caption-attachment-496621\" class=\"wp-caption-text\"><em>Brasil supera las 3 mil muertes en un d\u00eda<\/em><br \/><em>(foto: EPA)<\/em><\/p><\/div>\n<h4><em><strong>Roz\u00f3 los 100 mil infectados<\/strong><\/em><\/h4>\n<p><em><strong>BRASILIA, 18 MAR &#8211;<\/strong><\/em> Brasil super\u00f3 este mi\u00e9rcoles, por primera vez, los 3 mil muertos diarios por el coronavirus al tiempo que roz\u00f3 los 100 mil infectados en la fase m\u00e1s agresiva de la pandemia.<br \/>\nEn las \u00faltimas 24 horas fueron registradas 3.149 v\u00edctimas fatales inform\u00f3 poco despu\u00e9s de las 18 (21 GTM) el Consejo Nacional de Secretar\u00edas de Salud de los gobiernos estaduales.<br \/>\nCon ello lleg\u00f3 a 284.775 la cifra de defunciones desde el inicio de la pandemia en febrero de 2020.<br \/>\nPor otra parte este mi\u00e9rcoles fueron contabilizados 99.634 infectados y el acumulado subi\u00f3 a 11.693.838.<\/p>\n","protected":false},"excerpt":{"rendered":"<p>Roz\u00f3 los 100 mil infectados BRASILIA, 18 MAR &#8211; Brasil super\u00f3 este mi\u00e9rcoles, por primera vez, los 3 mil muertos diarios por el coronavirus al&hellip;<\/p>\n","protected":false},"author":99,"featured_media":496621,"comment_status":"open","ping_status":"open","sticky":false,"template":"","format":"standard","meta":{"footnotes":""},"categories":[23],"tags":[],"class_list":["post-496620","post","type-post","status-publish","format-standard","has-post-thumbnail","hentry","category-latinoamerica"],"_links":{"self":[{"href":"https:\/\/diarioelpopular.com\/index.php\/wp-json\/wp\/v2\/posts\/496620","targetHints":{"allow":["GET"]}}],"collection":[{"href":"https:\/\/diarioelpopular.com\/index.php\/wp-json\/wp\/v2\/posts"}],"about":[{"href":"https:\/\/diarioelpopular.com\/index.php\/wp-json\/wp\/v2\/types\/post"}],"author":[{"embeddable":true,"href":"https:\/\/diarioelpopular.com\/index.php\/wp-json\/wp\/v2\/users\/99"}],"replies":[{"embeddable":true,"href":"https:\/\/diarioelpopular.com\/index.php\/wp-json\/wp\/v2\/comments?post=496620"}],"version-history":[{"count":1,"href":"https:\/\/diarioelpopular.com\/index.php\/wp-json\/wp\/v2\/posts\/496620\/revisions"}],"predecessor-version":[{"id":496622,"href":"https:\/\/diarioelpopular.com\/index.php\/wp-json\/wp\/v2\/posts\/496620\/revisions\/496622"}],"wp:featuredmedia":[{"embeddable":true,"href":"https:\/\/diarioelpopular.com\/index.php\/wp-json\/wp\/v2\/media\/496621"}],"wp:attachment":[{"href":"https:\/\/diarioelpopular.com\/index.php\/wp-json\/wp\/v2\/media?parent=496620"}],"wp:term":[{"taxonomy":"category","embeddable":true,"href":"https:\/\/diarioelpopular.com\/index.php\/wp-json\/wp\/v2\/categories?post=496620"},{"taxonomy":"post_tag","embeddable":true,"href":"https:\/\/diarioelpopular.com\/index.php\/wp-json\/wp\/v2\/tags?post=496620"}],"curies":[{"name":"wp","href":"https:\/\/api.w.org\/{rel}","templated":true}]}}