{"id":496623,"date":"2021-03-18T10:16:25","date_gmt":"2021-03-18T14:16:25","guid":{"rendered":"https:\/\/diarioelpopular.com\/?p=496623"},"modified":"2021-03-18T10:17:51","modified_gmt":"2021-03-18T14:17:51","slug":"los-peores-incendios-en-mexico-en-una-decada","status":"publish","type":"post","link":"https:\/\/diarioelpopular.com\/index.php\/2021\/03\/18\/los-peores-incendios-en-mexico-en-una-decada\/","title":{"rendered":"Los peores incendios en M\u00e9xico en una d\u00e9cada"},"content":{"rendered":"<div id=\"attachment_496627\" style=\"width: 211px\" class=\"wp-caption alignnone\"><img loading=\"lazy\" decoding=\"async\" aria-describedby=\"caption-attachment-496627\" class=\"size-medium wp-image-496627\" src=\"https:\/\/diarioelpopular.com\/wp-content\/uploads\/2021\/03\/1.05407080899758ab5e2fd4fa4a73007d-201x300.gif\" alt=\"\" width=\"201\" height=\"300\" srcset=\"https:\/\/diarioelpopular.com\/wp-content\/uploads\/2021\/03\/1.05407080899758ab5e2fd4fa4a73007d-201x300.gif 201w, https:\/\/diarioelpopular.com\/wp-content\/uploads\/2021\/03\/1.05407080899758ab5e2fd4fa4a73007d-768x1145.gif 768w, https:\/\/diarioelpopular.com\/wp-content\/uploads\/2021\/03\/1.05407080899758ab5e2fd4fa4a73007d-636x948.gif 636w, https:\/\/diarioelpopular.com\/wp-content\/uploads\/2021\/03\/1.05407080899758ab5e2fd4fa4a73007d-49x73.gif 49w\" sizes=\"auto, (max-width: 201px) 100vw, 201px\" \/><p id=\"caption-attachment-496627\" class=\"wp-caption-text\">Los peores incendios en M\u00e9xico en una d\u00e9cada (foto: ANSA)<\/p><\/div>\n<h4><em><strong>Escasea agua en capital, represas en nivel m\u00e1s bajo en 25 a\u00f1os<\/strong><\/em><\/h4>\n<p><em><strong>CIUDAD DE MEXICO, 18 MAR &#8211;<\/strong> <\/em>M\u00e9xico registra este a\u00f1o los peores incendios en una d\u00e9cada, mientras que el principal sistema de embalses que suministra buena parte del agua que consume la capital y su zona metropolitana se encuentra a la mitad, el nivel m\u00e1s bajo en 25 a\u00f1os.<br \/>\nEntre el 1 de enero y el 11 de marzo, se registraron en este pa\u00eds 1.684 incendios forestales que afectaron una superficie de 29l.559 hect\u00e1reas, la tercera extensi\u00f3n m\u00e1s grande desde 2011, pero en 48 casos el fuego cubri\u00f3 una zona superior a 100 hect\u00e1reas.<br \/>\nEl promedio de superficie afectada por las llamas a nivel nacional fue de 17,55 hect\u00e1reas, la cifra m\u00e1s elevada en una d\u00e9cada, de acuerdo con la Comisi\u00f3n Nacional Forestal (Conafor).<br \/>\nLa mayor preocupaci\u00f3n de los ambientalistas es que casi 2.000 hect\u00e1reas corresponden a ecosistemas sensibles al fuego, entre bosques de ayar\u00edn, cedro, oyamel y t\u00e1scate, as\u00ed como a selvas.<br \/>\nEn otras 706 hect\u00e1reas hubo un &#8220;impacto severo, que implica una mortalidad de \u00e1rboles y vegetaci\u00f3n mayor a 50%&#8221; y se estima que el per\u00edodo de recuperaci\u00f3n demorar\u00eda m\u00e1s de 10 a\u00f1os.<br \/>\nEl 38% de los incendios se deriv\u00f3 de actividades il\u00edcitas como la tala clandestina y el 17% a actividades agr\u00edcolas, que incluyen la denominada &#8220;roza, tumba y quema&#8221;, es decir, ganar terrenos para el cultivo o pastizales mediante la destrucci\u00f3n por fuego.<br \/>\nEl Centro Nacional de Manejo del Fuego se\u00f1al\u00f3 que la sequ\u00eda actual aumenta la probabilidad de que se desaten m\u00e1s incendios forestales en diversas regiones. Adem\u00e1s, en su m\u00e1s reciente Reporte de Alerta Temprana, advirti\u00f3 sobre condiciones de &#8220;estr\u00e9s h\u00eddrico de combustibles en 18 zonas del pa\u00eds, incluyendo ciertas zonas de los estados centrales de San Luis Potos\u00ed, Zacatecas, Guanajuato y Quer\u00e9taro.<br \/>\nLa Comisi\u00f3n Nacional del Agua (Conagua) recomend\u00f3 &#8220;prestar atenci\u00f3n a la posible predisposici\u00f3n de recursos en \u00e1reas prioritarias de protecci\u00f3n contra incendios forestales, que cuentan con zonas de \u00edndices de sequedad de combustibles de medio a muy alto&#8221;.<br \/>\nEl Mapa de Areas Prioritarias de Protecci\u00f3n contra Incendios Forestales alert\u00f3 que el 13% de la superficie del pa\u00eds est\u00e1 &#8220;en condiciones de peligro muy alto y 26% en alto&#8221;. Las autoridades agr\u00edcolas mexicanas atribuyen estas circunstancias de sequ\u00eda e incendios forestales al &#8220;calentamiento global y los cambios en los patrones de lluvias y sequ\u00edas&#8221;.<br \/>\n&#8220;La media de temperatura se ha indo incrementando de manera consistente a lo largo de los a\u00f1os&#8221; asociada a &#8220;condiciones de precipitaci\u00f3n que siguen una tendencia dentro del promedio&#8221;, lo que ha &#8220;ocasionado mayor sequedad y disponibilidad de combustibles forestales en los ecosistemas&#8221;, se\u00f1alan.<br \/>\nEn tanto, las autoridades de la capital se\u00f1alaron que el Sistema Cutzamala, la red de siete represas alimentadas por el r\u00edo del mismo nombre ubicadas a unos 100 kil\u00f3metros al este de la capital, est\u00e1 a s\u00f3lo la mitad de su capacidad.<br \/>\nLo peor del caso es que se teme que este complejo h\u00eddrico, que abastece m\u00e1s de un tercio de las necesidades de los 21 habitantes de la zona metropolitana de la ciudad y sus alrededores, llegue al 40% en mayo pr\u00f3ximo, el nivel m\u00e1s bajo en 25 a\u00f1os.<br \/>\nLa situaci\u00f3n supera inclusive la sequ\u00eda de 2009, cuando tambi\u00e9n el Sistema Cutzamala descendi\u00f3 al 40% y el abasto fue compensado con la entrega de agua en los barrios m\u00e1s populosos de la metr\u00f3poli mediante camiones-cisterna.<br \/>\nActualmente, se registra un incendio forestal de grandes dimensiones en los l\u00edmites entre los estados norte\u00f1os de Coahuila y Nuevo Le\u00f3n, donde el fuego ha devorado cientos de hect\u00e1reas de arbolado maduro.<br \/>\nEl fen\u00f3meno se desat\u00f3 la tarde del martes en la comunidad La Pinalosa, en la localidad de Arteaga, Coahuila, avanzando r\u00e1pidamente hacia la Sierra de Santiago, devorando las copas de los \u00e1rboles y pinos en una franja de 15 kil\u00f3metros. &#8220;Este incendio se propaga de manera muy r\u00e1pida y violenta&#8221;, advirti\u00f3 Miguel Perales, director de Protecci\u00f3n Civil de Nuevo Le\u00f3n.<\/p>\n","protected":false},"excerpt":{"rendered":"<p>Escasea agua en capital, represas en nivel m\u00e1s bajo en 25 a\u00f1os CIUDAD DE MEXICO, 18 MAR &#8211; M\u00e9xico registra este a\u00f1o los peores incendios&hellip;<\/p>\n","protected":false},"author":99,"featured_media":496624,"comment_status":"open","ping_status":"open","sticky":false,"template":"","format":"standard","meta":{"footnotes":""},"categories":[23],"tags":[],"class_list":["post-496623","post","type-post","status-publish","format-standard","has-post-thumbnail","hentry","category-latinoamerica"],"_links":{"self":[{"href":"https:\/\/diarioelpopular.com\/index.php\/wp-json\/wp\/v2\/posts\/496623","targetHints":{"allow":["GET"]}}],"collection":[{"href":"https:\/\/diarioelpopular.com\/index.php\/wp-json\/wp\/v2\/posts"}],"about":[{"href":"https:\/\/diarioelpopular.com\/index.php\/wp-json\/wp\/v2\/types\/post"}],"author":[{"embeddable":true,"href":"https:\/\/diarioelpopular.com\/index.php\/wp-json\/wp\/v2\/users\/99"}],"replies":[{"embeddable":true,"href":"https:\/\/diarioelpopular.com\/index.php\/wp-json\/wp\/v2\/comments?post=496623"}],"version-history":[{"count":3,"href":"https:\/\/diarioelpopular.com\/index.php\/wp-json\/wp\/v2\/posts\/496623\/revisions"}],"predecessor-version":[{"id":496628,"href":"https:\/\/diarioelpopular.com\/index.php\/wp-json\/wp\/v2\/posts\/496623\/revisions\/496628"}],"wp:featuredmedia":[{"embeddable":true,"href":"https:\/\/diarioelpopular.com\/index.php\/wp-json\/wp\/v2\/media\/496624"}],"wp:attachment":[{"href":"https:\/\/diarioelpopular.com\/index.php\/wp-json\/wp\/v2\/media?parent=496623"}],"wp:term":[{"taxonomy":"category","embeddable":true,"href":"https:\/\/diarioelpopular.com\/index.php\/wp-json\/wp\/v2\/categories?post=496623"},{"taxonomy":"post_tag","embeddable":true,"href":"https:\/\/diarioelpopular.com\/index.php\/wp-json\/wp\/v2\/tags?post=496623"}],"curies":[{"name":"wp","href":"https:\/\/api.w.org\/{rel}","templated":true}]}}