{"id":496666,"date":"2021-03-18T21:52:44","date_gmt":"2021-03-19T01:52:44","guid":{"rendered":"https:\/\/diarioelpopular.com\/?p=496666"},"modified":"2021-03-18T21:52:44","modified_gmt":"2021-03-19T01:52:44","slug":"chile-dilata-encierro-por-alza-de-casos","status":"publish","type":"post","link":"https:\/\/diarioelpopular.com\/index.php\/2021\/03\/18\/chile-dilata-encierro-por-alza-de-casos\/","title":{"rendered":"Chile dilata encierro por alza de casos"},"content":{"rendered":"<div id=\"attachment_496667\" style=\"width: 310px\" class=\"wp-caption alignnone\"><img loading=\"lazy\" decoding=\"async\" aria-describedby=\"caption-attachment-496667\" class=\"size-medium wp-image-496667\" src=\"https:\/\/diarioelpopular.com\/wp-content\/uploads\/2021\/03\/7da338277ca5a8696de4d626531859c7-300x200.jpg\" alt=\"\" width=\"300\" height=\"200\" srcset=\"https:\/\/diarioelpopular.com\/wp-content\/uploads\/2021\/03\/7da338277ca5a8696de4d626531859c7-300x200.jpg 300w, https:\/\/diarioelpopular.com\/wp-content\/uploads\/2021\/03\/7da338277ca5a8696de4d626531859c7-110x73.jpg 110w, https:\/\/diarioelpopular.com\/wp-content\/uploads\/2021\/03\/7da338277ca5a8696de4d626531859c7.jpg 476w\" sizes=\"auto, (max-width: 300px) 100vw, 300px\" \/><p id=\"caption-attachment-496667\" class=\"wp-caption-text\"><em>Autoridades chilenas preocupadas por el incontrolable aumento de los contagios (imagen publicada en las redes sociales).<\/em><\/p><\/div>\n<p><em><strong>SANTIAGO DE CHILE, 18 MAR &#8211;<\/strong><\/em> Las autoridades chilenas expandieron el encierro de la regi\u00f3n Metropolitana y otras ciudades del resto del pa\u00eds a ra\u00edz del incontrolable aumento de contagios que tiene desbordado al sistema sanitario.<br \/>\nHoy las muertes fueron 172 y los contagios se elevaron a 6.242 casos.<br \/>\nEn este escenario, las autoridades decidieron que otras 24 comunas retrocedieran a cuarentena a partir del s\u00e1bado 20 de marzo, sum\u00e1ndose a las 28 que empezaron hoy.<br \/>\nEl ministro de Salud, Enrique Paris, formul\u00f3 un llamado a la poblaci\u00f3n a hacer un esfuerzo adicional y respetar las medidas sanitarias.<br \/>\n&#8220;Las cifras del comportamiento del coronavirus siguen altas y eso va a redundar en una mayor ocupaci\u00f3n de camas en el futuro. Por lo tanto, les pedimos humildemente pero con mucha fuerza que mantengan las medidas de aislamiento, de distanciamiento f\u00edsico, de uso mascarilla, de lavado de manos, de respetar los aforos y los toques de queda&#8221;, expres\u00f3 Paris.<br \/>\nA su vez, el ministro de Econom\u00eda, Lucas Palacios, pidi\u00f3 a los distintos gremios empresariales disminuir la movilidad de sus trabajadores, m\u00e1s all\u00e1 de los permisos que pueden obtener para funcionar.<br \/>\n&#8220;El a\u00f1o pasado, en el momento en que la regi\u00f3n Metropolitana estaba con cuarentena total, y pesquis\u00e1bamos m\u00e1s de dos millones de personas que estaban trabajando, les pedimos un esfuerzo adicional y disminuyeron la movilidad en menos de un mill\u00f3n de personas. Ahora les estamos pidiendo exactamente lo mismo. Este es el momento de hacer este esfuerzo, sobre todo en marzo&#8221;, exhort\u00f3.<br \/>\nLas autoridades de salud anunciaron que a contar de la pr\u00f3xima semana vacunar\u00e1n a los vocales de mesa que participar\u00e1n en las elecciones del 10 y 11 de abril.<br \/>\nTambi\u00e9n, se iniciar\u00e1 la inoculaci\u00f3n a los padres y cuidadores de ni\u00f1os menores que presentan alguna enfermedad inmunol\u00f3gica.<br \/>\nPasadas las 18 horas locales (21.00 GMT) se inform\u00f3 que 5.424.393 personas han sido vacunadas contra el Covid-19, de las cuales 2.692.923 completaron sus dos dosis.<br \/>\nEl mi\u00e9rcoles 24 se iniciar\u00e1 la vacunaci\u00f3n de adultos sanos de 59 a\u00f1os.<br \/>\nEl ministro Paris destac\u00f3 el efecto de la vacunaci\u00f3n en las personas mayores, porque se observa una disminuci\u00f3n en las hospitalizaciones de las unidades de cuidados intensivos de los mayores de 70 a\u00f1os.<br \/>\n&#8220;Sin embargo, anot\u00f3 la autoridad sanitaria- observamos un aumento en edades menores. Estamos muy sorprendidos por eso y le pedimos a las personas de menor edad, entre 49 y 59 a\u00f1os, que se cuiden m\u00e1s, que no piensen que son invencibles&#8221;.<br \/>\nAl d\u00eda de hoy, los contagios desde el inicio de la pandemia sumaron 911.469. De ellas, 34.228 se mantienen en etapa activa.<br \/>\nMientras que el n\u00famero de v\u00edctimas fatales por causas asociadas al coronavirus se elev\u00f3 a 21.988.<br \/>\nA la fecha, 2.152 personas se encuentran hospitalizadas en Unidades de Cuidados Intensivos, de las cuales 1.881 est\u00e1n con apoyo de ventilaci\u00f3n mec\u00e1nica.<br \/>\nLa red de laboratorios entreg\u00f3 los resultados de 70.195 ex\u00e1menes PCR, con una positividad para las \u00faltimas 24 horas a nivel pa\u00eds de 8,7% y en la regi\u00f3n Metropolitana de 8%.<\/p>\n","protected":false},"excerpt":{"rendered":"<p>SANTIAGO DE CHILE, 18 MAR &#8211; Las autoridades chilenas expandieron el encierro de la regi\u00f3n Metropolitana y otras ciudades del resto del pa\u00eds a ra\u00edz&hellip;<\/p>\n","protected":false},"author":99,"featured_media":496667,"comment_status":"open","ping_status":"open","sticky":false,"template":"","format":"standard","meta":{"footnotes":""},"categories":[23],"tags":[],"class_list":["post-496666","post","type-post","status-publish","format-standard","has-post-thumbnail","hentry","category-latinoamerica"],"_links":{"self":[{"href":"https:\/\/diarioelpopular.com\/index.php\/wp-json\/wp\/v2\/posts\/496666","targetHints":{"allow":["GET"]}}],"collection":[{"href":"https:\/\/diarioelpopular.com\/index.php\/wp-json\/wp\/v2\/posts"}],"about":[{"href":"https:\/\/diarioelpopular.com\/index.php\/wp-json\/wp\/v2\/types\/post"}],"author":[{"embeddable":true,"href":"https:\/\/diarioelpopular.com\/index.php\/wp-json\/wp\/v2\/users\/99"}],"replies":[{"embeddable":true,"href":"https:\/\/diarioelpopular.com\/index.php\/wp-json\/wp\/v2\/comments?post=496666"}],"version-history":[{"count":1,"href":"https:\/\/diarioelpopular.com\/index.php\/wp-json\/wp\/v2\/posts\/496666\/revisions"}],"predecessor-version":[{"id":496668,"href":"https:\/\/diarioelpopular.com\/index.php\/wp-json\/wp\/v2\/posts\/496666\/revisions\/496668"}],"wp:featuredmedia":[{"embeddable":true,"href":"https:\/\/diarioelpopular.com\/index.php\/wp-json\/wp\/v2\/media\/496667"}],"wp:attachment":[{"href":"https:\/\/diarioelpopular.com\/index.php\/wp-json\/wp\/v2\/media?parent=496666"}],"wp:term":[{"taxonomy":"category","embeddable":true,"href":"https:\/\/diarioelpopular.com\/index.php\/wp-json\/wp\/v2\/categories?post=496666"},{"taxonomy":"post_tag","embeddable":true,"href":"https:\/\/diarioelpopular.com\/index.php\/wp-json\/wp\/v2\/tags?post=496666"}],"curies":[{"name":"wp","href":"https:\/\/api.w.org\/{rel}","templated":true}]}}