{"id":496673,"date":"2021-03-19T10:56:53","date_gmt":"2021-03-19T14:56:53","guid":{"rendered":"https:\/\/diarioelpopular.com\/?p=496673"},"modified":"2021-03-19T10:56:53","modified_gmt":"2021-03-19T14:56:53","slug":"este-viernes-se-reportan-mas-de-1-700-nuevos-casos-y-otras-10-muertes","status":"publish","type":"post","link":"https:\/\/diarioelpopular.com\/index.php\/2021\/03\/19\/este-viernes-se-reportan-mas-de-1-700-nuevos-casos-y-otras-10-muertes\/","title":{"rendered":"Este viernes se reportan m\u00e1s de 1,700 nuevos casos y otras 10 muertes"},"content":{"rendered":"<p><img loading=\"lazy\" decoding=\"async\" class=\"alignnone size-medium wp-image-496674\" src=\"https:\/\/diarioelpopular.com\/wp-content\/uploads\/2021\/03\/Screen-Shot-2021-03-19-at-10.48.09-AM-300x151.png\" alt=\"\" width=\"300\" height=\"151\" srcset=\"https:\/\/diarioelpopular.com\/wp-content\/uploads\/2021\/03\/Screen-Shot-2021-03-19-at-10.48.09-AM-300x151.png 300w, https:\/\/diarioelpopular.com\/wp-content\/uploads\/2021\/03\/Screen-Shot-2021-03-19-at-10.48.09-AM-768x386.png 768w, https:\/\/diarioelpopular.com\/wp-content\/uploads\/2021\/03\/Screen-Shot-2021-03-19-at-10.48.09-AM-636x319.png 636w, https:\/\/diarioelpopular.com\/wp-content\/uploads\/2021\/03\/Screen-Shot-2021-03-19-at-10.48.09-AM-146x73.png 146w, https:\/\/diarioelpopular.com\/wp-content\/uploads\/2021\/03\/Screen-Shot-2021-03-19-at-10.48.09-AM.png 1024w\" sizes=\"auto, (max-width: 300px) 100vw, 300px\" \/><\/p>\n<p><em>Actualizado viernes 19 de marzo de 2021 10:48 a.m.<\/em><\/p>\n<h4><em><strong>&#8211; El reporte indica 1.745 nuevos casos de COVID-19, lo que eleva el total provincial a 325.254<\/strong><\/em><\/h4>\n<h4><em><strong>&#8211; Quebec ampl\u00eda la vacunaci\u00f3n COVID-19 a personas mayores de 65 a\u00f1os en toda la provincia<\/strong><\/em><\/h4>\n<p>TORONTO.- El recuento de casos de este viernes es m\u00e1s alto que el del jueves, en el que se registraron 1553 nuevas infecciones. El mi\u00e9rcoles se registraron 1.508 casos nuevos y el martes 1.074.<\/p>\n<p>Seg\u00fan el informe provincial del viernes, se registraron 478 casos en Toronto, 344 en la regi\u00f3n de Peel, 174 en la regi\u00f3n de York, 116 en Hamilton, 96 en la regi\u00f3n de Durham y 73 en Ottawa.<\/p>\n<p>Todas las dem\u00e1s unidades de salud p\u00fablica locales notificaron menos de 70 casos nuevos en el informe provincial.<\/p>\n<p>El n\u00famero de muertos en la provincia ha aumentado a 7.212, ya que se registraron 10 muertes m\u00e1s.<\/p>\n<p>Los funcionarios han enumerado datos desglosados \u200b\u200bpara los nuevos COV (variantes de inter\u00e9s) que consisten en B.1.1.7 (detectado por primera vez en el Reino Unido), B.1.351 (detectado por primera vez en Sud\u00e1frica) y P.1 (detectado por primera vez en Brasil) mutaciones.<\/p>\n<p>El VOC B.1.1.7 es actualmente la cepa conocida dominante en 1175 casos variantes, que ha aumentado en 39 desde ayer, 48 casos variantes B.1.351 que aumenta en uno, y 35 casos variantes P.1 que no ha cambiado, que se han detectado hasta el momento en la provincia.<\/p>\n<p>El recuento acumulativo de casos de una mutaci\u00f3n que se detect\u00f3 pero no se determin\u00f3 el linaje fue de 10,995, un aumento de 704, indic\u00f3 el gobierno.<\/p>\n<p>Mientras tanto, se inform\u00f3 que 304.789 habitantes de Ontario se hab\u00edan recuperado del COVID-19, que es aproximadamente el 94 por ciento de los casos conocidos. Los casos resueltos aumentaron en 1.296 con respecto al d\u00eda anterior.<\/p>\n<p>Los casos activos en Ontario ahora ascienden a 13,253, m\u00e1s que el d\u00eda anterior cuando estaba en 12,814, y ha aumentado desde el 12 de marzo cuando estaba en 11,512. En el pico del aumento del coronavirus en enero, los casos activos superaron los 30.000.<\/p>\n<p>El gobierno dijo que se procesaron 56.134 pruebas en las \u00faltimas 24 horas. Actualmente hay una acumulaci\u00f3n de 29.545 pruebas en espera de resultados. Se han completado un total de 11,981,432 pruebas desde el inicio de la pandemia.<\/p>\n<p>La positividad de las pruebas, el porcentaje de pruebas que dan positivo, para este viernes fue del 3.3 por ciento, frente al jueves en el 3.1 por ciento y desde la semana pasada en el 2.4 por ciento.<\/p>\n<p>Ontario inform\u00f3 que 759 personas fueron hospitalizadas con COVID-19 (29 m\u00e1s que el d\u00eda anterior) con 309 pacientes en unidades de cuidados intensivos (cinco m\u00e1s) y 176 pacientes en UCI con ventilador (10 menos).<\/p>\n<p>A partir de las 8 p.m. del jueves, el gobierno provincial inform\u00f3 haber administrado 1.420.599 dosis de la vacuna COVID-19, lo que representa un aumento de 61.146 en el \u00faltimo d\u00eda. Hay 294,749 personas completamente vacunadas con dos dosis.<\/p>\n<p>Pfizer-BioNTech, Moderna, Oxford-AstraZeneca y Johnson and Johnson son las vacunas aprobadas actualmente en Canad\u00e1. Las primeras tres requieren dos inyecciones administradas con varias semanas de diferencia, mientras que la cuarta requiere solo una.<\/p>\n<p>&nbsp;<\/p>\n<h4><em><strong>Quebec ampl\u00eda la vacunaci\u00f3n COVID-19 a personas mayores de 65 a\u00f1os en toda la provincia<\/strong><\/em><\/h4>\n<p>MONTREAL.- Quebec ha ampliado su campa\u00f1a de vacunaci\u00f3n a todas las personas mayores de 65 a\u00f1os en todas las partes de la provincia.<\/p>\n<p>El gobierno redujo el requisito de edad m\u00ednima este jueves por la noche a medida que el despliegue de la vacuna contin\u00faa ganando fuerza.<\/p>\n<p>Antes de eso, solo los habitantes de Montreal de 65 a\u00f1os o m\u00e1s pod\u00edan registrarse para su primera dosis. En otras partes de Quebec, las reservas estaban abiertas para personas mayores de 70 a\u00f1os en adelante.<\/p>\n<p>Se solicita a los quebequenses que son elegibles para su primera dosis de la nueva vacuna contra el coronavirus que se registren en l\u00ednea visitando el sitio web de registro de vacunaci\u00f3n de esta provincia. Es necesario reservar una cita.<\/p>\n<p>Aquellos que no tienen acceso a Internet pueden, sin embargo, llamar al 1-877-644-4545 para reservar su primera oportunidad. Esta opci\u00f3n est\u00e1 disponible de 8 a.m. a 6 p.m. lunes a viernes y de 8:30 a.m. a 4:30 p.m. en los fines de semana.<\/p>\n<p>Quebec ha administrado m\u00e1s de 830.000 dosis hasta la fecha. Todos los adultos que quieran vacunarse deber\u00edan poder recibir su primera dosis antes del 24 de junio, seg\u00fan el gobierno.<\/p>\n","protected":false},"excerpt":{"rendered":"<p>Actualizado viernes 19 de marzo de 2021 10:48 a.m. &#8211; El reporte indica 1.745 nuevos casos de COVID-19, lo que eleva el total provincial a&hellip;<\/p>\n","protected":false},"author":99,"featured_media":496674,"comment_status":"open","ping_status":"open","sticky":false,"template":"","format":"standard","meta":{"footnotes":""},"categories":[21,11191],"tags":[],"class_list":["post-496673","post","type-post","status-publish","format-standard","has-post-thumbnail","hentry","category-canada","category-top-news"],"_links":{"self":[{"href":"https:\/\/diarioelpopular.com\/index.php\/wp-json\/wp\/v2\/posts\/496673","targetHints":{"allow":["GET"]}}],"collection":[{"href":"https:\/\/diarioelpopular.com\/index.php\/wp-json\/wp\/v2\/posts"}],"about":[{"href":"https:\/\/diarioelpopular.com\/index.php\/wp-json\/wp\/v2\/types\/post"}],"author":[{"embeddable":true,"href":"https:\/\/diarioelpopular.com\/index.php\/wp-json\/wp\/v2\/users\/99"}],"replies":[{"embeddable":true,"href":"https:\/\/diarioelpopular.com\/index.php\/wp-json\/wp\/v2\/comments?post=496673"}],"version-history":[{"count":1,"href":"https:\/\/diarioelpopular.com\/index.php\/wp-json\/wp\/v2\/posts\/496673\/revisions"}],"predecessor-version":[{"id":496675,"href":"https:\/\/diarioelpopular.com\/index.php\/wp-json\/wp\/v2\/posts\/496673\/revisions\/496675"}],"wp:featuredmedia":[{"embeddable":true,"href":"https:\/\/diarioelpopular.com\/index.php\/wp-json\/wp\/v2\/media\/496674"}],"wp:attachment":[{"href":"https:\/\/diarioelpopular.com\/index.php\/wp-json\/wp\/v2\/media?parent=496673"}],"wp:term":[{"taxonomy":"category","embeddable":true,"href":"https:\/\/diarioelpopular.com\/index.php\/wp-json\/wp\/v2\/categories?post=496673"},{"taxonomy":"post_tag","embeddable":true,"href":"https:\/\/diarioelpopular.com\/index.php\/wp-json\/wp\/v2\/tags?post=496673"}],"curies":[{"name":"wp","href":"https:\/\/api.w.org\/{rel}","templated":true}]}}