{"id":496701,"date":"2021-03-19T18:13:15","date_gmt":"2021-03-19T22:13:15","guid":{"rendered":"https:\/\/diarioelpopular.com\/?p=496701"},"modified":"2021-03-19T18:13:15","modified_gmt":"2021-03-19T22:13:15","slug":"brasil-la-peste-arrecia-bolsonaro-mira-para-otro-lado","status":"publish","type":"post","link":"https:\/\/diarioelpopular.com\/index.php\/2021\/03\/19\/brasil-la-peste-arrecia-bolsonaro-mira-para-otro-lado\/","title":{"rendered":"Brasil: La peste arrecia, Bolsonaro mira para otro lado"},"content":{"rendered":"<div id=\"attachment_496702\" style=\"width: 486px\" class=\"wp-caption alignnone\"><img loading=\"lazy\" decoding=\"async\" aria-describedby=\"caption-attachment-496702\" class=\"size-custom-full-size wp-image-496702\" src=\"https:\/\/diarioelpopular.com\/wp-content\/uploads\/2021\/03\/076c9dc5ce47a9df5a559cbea7f3c446.jpg\" alt=\"\" width=\"476\" height=\"317\" srcset=\"https:\/\/diarioelpopular.com\/wp-content\/uploads\/2021\/03\/076c9dc5ce47a9df5a559cbea7f3c446.jpg 476w, https:\/\/diarioelpopular.com\/wp-content\/uploads\/2021\/03\/076c9dc5ce47a9df5a559cbea7f3c446-300x200.jpg 300w, https:\/\/diarioelpopular.com\/wp-content\/uploads\/2021\/03\/076c9dc5ce47a9df5a559cbea7f3c446-110x73.jpg 110w\" sizes=\"auto, (max-width: 476px) 100vw, 476px\" \/><p id=\"caption-attachment-496702\" class=\"wp-caption-text\"><em>La frase de Jair Bolsonaro subestimando al Covid-19 como es solo una &#8220;gripecita&#8221; en un mural en la castigada San Pablo<\/em><\/p><\/div>\n<h4><em><strong>Presidente habla de crisis econ\u00f3mica. Casos y decesos disparados<\/strong><\/em><\/h4>\n<p><em><strong>SAN PABLO, 19 MAR &#8211;<\/strong><\/em> El presidente brasile\u00f1o, Jair Bolsonaro, dijo este viernes que en su pa\u00eds &#8220;est\u00e1 a punto de estallar en el caos&#8221;, refiri\u00e9ndose al aumento del desempleo y la inflaci\u00f3n en el precio de los alimentos, en el momento m\u00e1s cr\u00edtico de la pandemia, que est\u00e1 sumando a diario m\u00e1s de 2.700 muertes y unos 87 mil contagios.<br \/>\n&#8220;La gente ya no tiene patas de gallo para comer. Les advierto: el caos est\u00e1 a punto de estallar. El hambre sacar\u00e1 a la gente de la casa. Tendremos problemas que nunca esper\u00e1bamos tener, problemas sociales muy serios&#8221;, dijo el ex militar hoy al frente del gobierno.<br \/>\nEn un video difundido por la prensa local, Bolsonaro asever\u00f3 que &#8220;el caldo de cultivo de la dictadura es la miseria, el hambre, la pobreza, donde el necesitado pierde la raz\u00f3n&#8221;.<br \/>\n&#8220;Qu\u00e9 esperas, que llegue ese momento. Ojal\u00e1 no llegara, pero ese momento llegar\u00e1&#8221;, agreg\u00f3 Bolsonaro.<br \/>\nEste viernes (19), Brasil complet\u00f3 dos semanas como el pa\u00eds con m\u00e1s muertes diarias por Covid-19 en el mundo, seg\u00fan datos de Our World in Data. El gigante sudamericano super\u00f3 a Estados Unidos el viernes 5, cuando registr\u00f3 1.800 nuevas muertes (frente a 1.763 en Estados Unidos). Desde entonces, la brecha solo se ha ampliado.<br \/>\nCon el agravamiento de la pandemia en Brasil, desde el martes pasado el pa\u00eds de Bolsonaro tambi\u00e9n registra m\u00e1s muertes diarias por Covid-19 que toda la Uni\u00f3n Europea y tambi\u00e9n Am\u00e9rica del Norte.<br \/>\nEn cuanto a n\u00famero de infectados, Brasil tambi\u00e9n se convirti\u00f3 este martes en el pa\u00eds con m\u00e1s casos diarios del mundo (83.926, frente a 53.579 en Estados Unidos), siempre seg\u00fan Our World in Data, un instituto vinculado a la Universidad de Oxford.<br \/>\nEl domingo, Brasil recibir\u00e1 el primer lote de vacunas contra el Covid-19 del consorcio de asistencia Covax Facility, en total 1.022.400 dosis.<br \/>\nEn tanto, el gobierno brasile\u00f1o ha firmado contratos con las empresas farmac\u00e9uticas Janssen (del grupo Johnson &amp; Johnson) y Pfizer, que proporcionan, en total, la entrega de 138 millones de dosis de la vacuna contra el Covid-19. De este total, 100 millones de dosis provendr\u00e1n de Pfizer y 38 millones de Janssen.<br \/>\nEn Brasil, las vacunas que, hasta el momento, han obtenido el registro definitivo por parte de la Agencia Nacional de Vigilancia Sanitaria (Anvisa) para su uso en la poblaci\u00f3n son Pfizer y Oxforf\/AstraZeneca, record\u00f3 el portal de noticias G1.<br \/>\nLa vacuna de Janssen no tiene autorizaci\u00f3n para uso de emergencia, al menos todav\u00eda.<br \/>\nActualmente, el pa\u00eds sudamericano administra las vacunas CoronaVac (que por el momento solo cuenta con autorizaci\u00f3n de emergencia) y AstraZeneca a la poblaci\u00f3n. Las vacunas Pfizer y Janssen ya han sido aprobadas por la OMS para uso de emergencia.<br \/>\nEl medicamento de Janssen es el \u00fanico que requiere solo una dosis por persona.<\/p>\n","protected":false},"excerpt":{"rendered":"<p>Presidente habla de crisis econ\u00f3mica. Casos y decesos disparados SAN PABLO, 19 MAR &#8211; El presidente brasile\u00f1o, Jair Bolsonaro, dijo este viernes que en su&hellip;<\/p>\n","protected":false},"author":99,"featured_media":496702,"comment_status":"open","ping_status":"open","sticky":false,"template":"","format":"standard","meta":{"footnotes":""},"categories":[23],"tags":[],"class_list":["post-496701","post","type-post","status-publish","format-standard","has-post-thumbnail","hentry","category-latinoamerica"],"_links":{"self":[{"href":"https:\/\/diarioelpopular.com\/index.php\/wp-json\/wp\/v2\/posts\/496701","targetHints":{"allow":["GET"]}}],"collection":[{"href":"https:\/\/diarioelpopular.com\/index.php\/wp-json\/wp\/v2\/posts"}],"about":[{"href":"https:\/\/diarioelpopular.com\/index.php\/wp-json\/wp\/v2\/types\/post"}],"author":[{"embeddable":true,"href":"https:\/\/diarioelpopular.com\/index.php\/wp-json\/wp\/v2\/users\/99"}],"replies":[{"embeddable":true,"href":"https:\/\/diarioelpopular.com\/index.php\/wp-json\/wp\/v2\/comments?post=496701"}],"version-history":[{"count":1,"href":"https:\/\/diarioelpopular.com\/index.php\/wp-json\/wp\/v2\/posts\/496701\/revisions"}],"predecessor-version":[{"id":496703,"href":"https:\/\/diarioelpopular.com\/index.php\/wp-json\/wp\/v2\/posts\/496701\/revisions\/496703"}],"wp:featuredmedia":[{"embeddable":true,"href":"https:\/\/diarioelpopular.com\/index.php\/wp-json\/wp\/v2\/media\/496702"}],"wp:attachment":[{"href":"https:\/\/diarioelpopular.com\/index.php\/wp-json\/wp\/v2\/media?parent=496701"}],"wp:term":[{"taxonomy":"category","embeddable":true,"href":"https:\/\/diarioelpopular.com\/index.php\/wp-json\/wp\/v2\/categories?post=496701"},{"taxonomy":"post_tag","embeddable":true,"href":"https:\/\/diarioelpopular.com\/index.php\/wp-json\/wp\/v2\/tags?post=496701"}],"curies":[{"name":"wp","href":"https:\/\/api.w.org\/{rel}","templated":true}]}}