{"id":496704,"date":"2021-03-19T18:15:14","date_gmt":"2021-03-19T22:15:14","guid":{"rendered":"https:\/\/diarioelpopular.com\/?p=496704"},"modified":"2021-03-19T18:15:14","modified_gmt":"2021-03-19T22:15:14","slug":"abrumado-chile-apela-a-medicos-jubilados","status":"publish","type":"post","link":"https:\/\/diarioelpopular.com\/index.php\/2021\/03\/19\/abrumado-chile-apela-a-medicos-jubilados\/","title":{"rendered":"Abrumado, Chile apela a m\u00e9dicos jubilados"},"content":{"rendered":"<div id=\"attachment_496705\" style=\"width: 310px\" class=\"wp-caption alignnone\"><img loading=\"lazy\" decoding=\"async\" aria-describedby=\"caption-attachment-496705\" class=\"size-medium wp-image-496705\" src=\"https:\/\/diarioelpopular.com\/wp-content\/uploads\/2021\/03\/4b3cd88c55080180702183ce3a34b9a1-300x200.jpg\" alt=\"\" width=\"300\" height=\"200\" srcset=\"https:\/\/diarioelpopular.com\/wp-content\/uploads\/2021\/03\/4b3cd88c55080180702183ce3a34b9a1-300x200.jpg 300w, https:\/\/diarioelpopular.com\/wp-content\/uploads\/2021\/03\/4b3cd88c55080180702183ce3a34b9a1-110x73.jpg 110w, https:\/\/diarioelpopular.com\/wp-content\/uploads\/2021\/03\/4b3cd88c55080180702183ce3a34b9a1.jpg 476w\" sizes=\"auto, (max-width: 300px) 100vw, 300px\" \/><p id=\"caption-attachment-496705\" class=\"wp-caption-text\"><em>El sistema hospitalario al l\u00edmite en Chile, llaman a m\u00e9dicos jubilados<\/em><br \/><em>(foto: ANSA)<\/em><\/p><\/div>\n<h4><em><strong>Falta personal en las Unidades de Cuidados Intensivos (UCI)<\/strong><\/em><\/h4>\n<p><em><strong>SANTIAGO DE CHILE, 19 MAR &#8211;<\/strong><\/em> Las autoridades sanitarias chilenas llamaron a los m\u00e9dicos jubilados y otros profesionales de la salud a reincorporarse al sistema sanitario para hacer frente al recrudecimiento de la pandemia de Covid-19 en el pa\u00eds.<br \/>\nEl aumento en la ocupaci\u00f3n de las camas UCI m\u00e1s el cansancio de los funcionarios que llevan m\u00e1s de un a\u00f1o atendiendo la crisis provocada por el Covid-19, deriv\u00f3 en que el Ministerio de Salud hiciera un llamado similar al que efectuaran durante la primera ola de 2020.<br \/>\nHoy se reportaron 6.604 contagios nuevos, la tercera cifra m\u00e1s alta de la pandemia y cada d\u00eda m\u00e1s cerca del pico de 6.938 pacientes que hubo el 14 de junio. Dos d\u00edas antes se hab\u00edan registrado 6.754 casos, que hoy constituye el segundo n\u00famero m\u00e1s alto de la crisis.<br \/>\nHoy los contagiados sumaron 918.053 personas, de los cuales 36.433 se mantienen activos del virus SARS-CoV-2, dos mil casos m\u00e1s que los anotados ayer (34.228).<br \/>\nEl subsecretario de Redes Asistenciales, Alberto Dougnac, anunci\u00f3 que ya se super\u00f3 el n\u00famero m\u00e1ximo de camas cr\u00edticas habilitadas durante la primera ola de la pandemia, lo que significa 120 m\u00e1s de estos insumos por encima de lo que fue el anterior peak, en junio de 2020.<br \/>\nEn ese contexto, el ministro de Salud, Enrique Paris, cont\u00f3 que el jueves se reuni\u00f3 con el presidente Sebasti\u00e1n Pi\u00f1era, donde se definieron algunas l\u00edneas de trabajo para abordar el tema del personal UCI.<br \/>\nAnalizaron la alternativa de &#8220;contratar o llamar a trabajar, obviamente con un sueldo, a los funcionarios de cualquier \u00e1mbito de la salud que ya est\u00e9n jubilados o que hayan recibido incentivo al retiro, y les pido ayuda a los m\u00e9dicos art\u00edculo 44&#8221;.<br \/>\n&#8220;Ayer le\u00ed que la Federaci\u00f3n de alumnos de la Universidad de Los Andes tambi\u00e9n quiere aportar y ha emitido un comunicado dirigido a todos los centros de alumnos, para que los internos de medicina y de otras carreras de salud puedan tambi\u00e9n colaborar y ser contratados, porque podemos hacer ese esfuerzo.<br \/>\nAs\u00ed que estamos buscando todas las posibilidades&#8221;, detall\u00f3 el ministro.<br \/>\nSobre un pr\u00f3ximo aumento de camas UCI, el secretario de Estado confirm\u00f3 que han continuado las conversaciones con cl\u00ednicas, hospitales universitarios y hospitales institucionales de Fuerzas Armadas y Carabineros, &#8220;y hemos pensado que vamos a poder aumentar el n\u00famero de camas en la semana que viene&#8221;.<br \/>\nParis se refiri\u00f3 tambi\u00e9n a las declaraciones de Gabriela Flores, presidenta de la Confederaci\u00f3n de Funcionarios de la Salud Municipal (Confusam), quienes finalizaron su paro de tres d\u00edas, en rechazo al reajuste de los recursos para los consultorios incluido en el proyecto de Presupuesto 2021, donde tambi\u00e9n incluyen demandas respecto al estado de salud de los trabajadores de la Atenci\u00f3n Primaria de Salud.<br \/>\nLa dirigente relev\u00f3 que la labor realizada ha sido &#8220;tit\u00e1nica&#8221;, por cuanto no s\u00f3lo han debido atender &#8220;la creciente demanda por atenciones de urgencia por Covid en la red de SAPU (Servicio de Atenci\u00f3n P\u00fablica de Urgencia) y SAR (Servicio de Atenci\u00f3n de Rescate)&#8221;, junto a las labores de testeo y trazabilidad a lo que se sum\u00f3 la vacunaci\u00f3n.<br \/>\nParis agradeci\u00f3 &#8220;la ponderaci\u00f3n de sus declaraciones&#8221; y reconoci\u00f3 que &#8220;la atenci\u00f3n primaria, que tiene dos agrupaciones, han estado sometidos todos esos funcionarios a un trabajo enorme&#8221;.<br \/>\n&#8220;Si sumamos el tema de la trazabilidad, testeo y aislamiento, el tema de la vacuna contra el coronavirus, el tema de las vacunas tradicionales que tienen que colocarse en forma paralela y, adem\u00e1s, la campa\u00f1a de vacunaci\u00f3n contra la influenza, obviamente es entendible y comprensible que est\u00e9n cansados y agotados&#8221;, solidariz\u00f3 el Ministro.<br \/>\n&#8220;Yo coincido con las palabras de Gabriela, y ella hace un llamado a la poblaci\u00f3n a que se cuide m\u00e1s, pensando en esta sobrecarga de trabajo que est\u00e1n sufriendo los funcionarios de la atenci\u00f3n primaria. Yo no me canso de agradecer a las alcaldesas, alcaldes y a los funcionarios de la atenci\u00f3n primaria por el enorme trabajo que est\u00e1n desarrollando&#8221;, complet\u00f3 finalmente la m\u00e1xima autoridad sanitaria.<\/p>\n","protected":false},"excerpt":{"rendered":"<p>Falta personal en las Unidades de Cuidados Intensivos (UCI) SANTIAGO DE CHILE, 19 MAR &#8211; Las autoridades sanitarias chilenas llamaron a los m\u00e9dicos jubilados y&hellip;<\/p>\n","protected":false},"author":99,"featured_media":496705,"comment_status":"open","ping_status":"open","sticky":false,"template":"","format":"standard","meta":{"footnotes":""},"categories":[23],"tags":[],"class_list":["post-496704","post","type-post","status-publish","format-standard","has-post-thumbnail","hentry","category-latinoamerica"],"_links":{"self":[{"href":"https:\/\/diarioelpopular.com\/index.php\/wp-json\/wp\/v2\/posts\/496704","targetHints":{"allow":["GET"]}}],"collection":[{"href":"https:\/\/diarioelpopular.com\/index.php\/wp-json\/wp\/v2\/posts"}],"about":[{"href":"https:\/\/diarioelpopular.com\/index.php\/wp-json\/wp\/v2\/types\/post"}],"author":[{"embeddable":true,"href":"https:\/\/diarioelpopular.com\/index.php\/wp-json\/wp\/v2\/users\/99"}],"replies":[{"embeddable":true,"href":"https:\/\/diarioelpopular.com\/index.php\/wp-json\/wp\/v2\/comments?post=496704"}],"version-history":[{"count":1,"href":"https:\/\/diarioelpopular.com\/index.php\/wp-json\/wp\/v2\/posts\/496704\/revisions"}],"predecessor-version":[{"id":496706,"href":"https:\/\/diarioelpopular.com\/index.php\/wp-json\/wp\/v2\/posts\/496704\/revisions\/496706"}],"wp:featuredmedia":[{"embeddable":true,"href":"https:\/\/diarioelpopular.com\/index.php\/wp-json\/wp\/v2\/media\/496705"}],"wp:attachment":[{"href":"https:\/\/diarioelpopular.com\/index.php\/wp-json\/wp\/v2\/media?parent=496704"}],"wp:term":[{"taxonomy":"category","embeddable":true,"href":"https:\/\/diarioelpopular.com\/index.php\/wp-json\/wp\/v2\/categories?post=496704"},{"taxonomy":"post_tag","embeddable":true,"href":"https:\/\/diarioelpopular.com\/index.php\/wp-json\/wp\/v2\/tags?post=496704"}],"curies":[{"name":"wp","href":"https:\/\/api.w.org\/{rel}","templated":true}]}}