{"id":496719,"date":"2021-03-20T10:03:04","date_gmt":"2021-03-20T14:03:04","guid":{"rendered":"https:\/\/diarioelpopular.com\/?p=496719"},"modified":"2021-03-20T10:03:04","modified_gmt":"2021-03-20T14:03:04","slug":"polemico-cierre-de-fronteras-mexicanas","status":"publish","type":"post","link":"https:\/\/diarioelpopular.com\/index.php\/2021\/03\/20\/polemico-cierre-de-fronteras-mexicanas\/","title":{"rendered":"Pol\u00e9mico cierre de fronteras mexicanas"},"content":{"rendered":"<div id=\"attachment_496720\" style=\"width: 310px\" class=\"wp-caption alignnone\"><img loading=\"lazy\" decoding=\"async\" aria-describedby=\"caption-attachment-496720\" class=\"size-medium wp-image-496720\" src=\"https:\/\/diarioelpopular.com\/wp-content\/uploads\/2021\/03\/ac53889f0a861873c89cd3733339c39f-300x200.jpg\" alt=\"\" width=\"300\" height=\"200\" srcset=\"https:\/\/diarioelpopular.com\/wp-content\/uploads\/2021\/03\/ac53889f0a861873c89cd3733339c39f-300x200.jpg 300w, https:\/\/diarioelpopular.com\/wp-content\/uploads\/2021\/03\/ac53889f0a861873c89cd3733339c39f-110x73.jpg 110w, https:\/\/diarioelpopular.com\/wp-content\/uploads\/2021\/03\/ac53889f0a861873c89cd3733339c39f.jpg 476w\" sizes=\"auto, (max-width: 300px) 100vw, 300px\" \/><p id=\"caption-attachment-496720\" class=\"wp-caption-text\"><em>Controles en la frontera de M\u00e9xico con Guatemala<\/em><\/p><\/div>\n<p><em><strong>CIUDAD DE MEXICO, 20 MAR &#8211;<\/strong> <\/em>El anuncio del gobierno de M\u00e9xico sobre el cierre de la frontera sur con Guatemala y Belice al &#8220;tr\u00e1nsito no esencial&#8221;, coincidente con el env\u00edo de 2,5 millones de vacunas contra el Covid-19 desde Estados Unidos, lo que fue interpretado como un &#8220;quid pro quo&#8221; o sea una suerte de intercambio.<br \/>\nAunque la autoridad azteca asegura que se trata de evitar la expansi\u00f3n del contagio de Covid-19, se cree que el cierre fronterizo en realidad responde a una petici\u00f3n de Estados Unidos para evitar una nueva avalancha de extranjeros a su territorio.<br \/>\nPreviamente, la prensa estadounidense asegur\u00f3 que Washington presionaba fuertemente al gobierno mexicano para restringir la entrada de migrantes centroamericanos.<br \/>\nEl secretario de Seguridad Interna de Estados Unidos, Alejandro Mayorkas, se\u00f1al\u00f3 hace unos d\u00edas que la cifra de migrantes que llegan a su pa\u00eds a trav\u00e9s de la frontera con M\u00e9xico est\u00e1 a punto de alcanzar su nivel m\u00e1s alto en dos d\u00e9cadas.<br \/>\nEl cierre de la frontera sur al tr\u00e1nsito no esencial, que ya rige en la zona lim\u00edtrofe con Estados Unidos, entrar\u00e1 en vigencia ma\u00f1ana y terminar\u00e1 el 21 de abril.<br \/>\nEl domingo pr\u00f3ximo se cumple un a\u00f1o de que la frontera entre M\u00e9xico y Estados Unidos est\u00e1 cerrada al tr\u00e1nsito terrestre no esencial.<br \/>\nAyer, la canciller\u00eda anunci\u00f3 que Washington al fin accedi\u00f3 a entregar vacunas a M\u00e9xico, que se calcula ascender\u00edan a unos 2,5 millones de dosis, despu\u00e9s de m\u00faltiples pedidos de ayuda en este sentido por parte del gobierno del presidente Andr\u00e9s L\u00f3pez Obrador.<br \/>\nEn lo que va del a\u00f1o fiscal, iniciado el 1 de octubre pasado, el Departamento de Seguridad Interna de Estados Unidos contabiliza casi 400.000 migrantes, el doble del mismo per\u00edodo del a\u00f1o pasado llegados a ese pa\u00eds.<br \/>\nEl acad\u00e9mico Rafael Fern\u00e1ndez, experto la relaci\u00f3n M\u00e9xico-Estados Unidos, considera que la despreocupaci\u00f3n de L\u00f3pez Obrador sobre el tema ha motivado la especulaci\u00f3n de que hubo un &#8220;intercambio&#8221; de &#8220;vacunas con migrantes&#8221;.<br \/>\n&#8220;Los cr\u00edticos han se\u00f1alado que para que L\u00f3pez Obrador reaccione hay que amenazarlo&#8221;, se\u00f1al\u00f3 Fern\u00e1ndez, quien considera que el expresidente Donald Trump lo hizo en mayo de 2019 cuando advirti\u00f3 que si no frenaba a los centroamericanos le impondr\u00eda aranceles de 5% mensual hasta llegar a 25% y M\u00e9xico cedi\u00f3.<br \/>\nEl diario The Washington Post revel\u00f3 ayer que el acuerdo de las vacunas &#8220;obligar\u00eda a M\u00e9xico a reforzar su compromiso de contener la migraci\u00f3n centroamericana&#8221;.<br \/>\nLa Canciller\u00eda ha dicho que la migraci\u00f3n y las vacunas son &#8220;temas que se negocian por separado&#8221; pero el especialista Ra\u00fal Rodr\u00edguez considera que &#8220;ser\u00eda ingenuo pensar que el gobierno estadounidense no esperara una respuesta favorable&#8221; sobre el tema de la avalancha de centroamericanos.<br \/>\n&#8220;Presiones de nuestro poderoso vecino siempre han existido y no dejar\u00e1n de existir en la complicada relaci\u00f3n&#8221;, indic\u00f3.<br \/>\nPor su parte, el analista Raymundo Riva Palacio estima que &#8220;Trump y Biden resultaron lo mismo, aunque con diferentes m\u00e9todos: el primero dio golpes en la mesa para lograr su objetivo. El segundo utiliz\u00f3 la diplomacia y cambi\u00f3 aranceles por vacunas para alcanzar su meta&#8221;.<br \/>\nAunque Roberto Velasco, director para Am\u00e9rica del Norte de la Canciller\u00eda, dijo a la prensa estadounidense que no se trat\u00f3 de un &#8220;trueque&#8221;, para Riva Palacio &#8220;son demasiadas coincidencias para ser coincidencias, sobre todo por los antecedentes&#8221;.<br \/>\n&#8220;Con estos giros coyunturales radicales, es f\u00e1cil tomarle la medida a L\u00f3pez Obrador&#8221;, consider\u00f3 el analista, al indicar que el mandatario &#8220;no tiene el equipaje de Fidel Castro o Hugo Ch\u00e1vez&#8221;.<br \/>\n&#8220;Parlotea muchas cosas en Palacio Nacional y arremete contra sus molinos de viento. Pero en privado, es mucho menos determinante y m\u00e1s flexible&#8221;, indic\u00f3.<br \/>\nA su juicio &#8220;la fiera&#8221; de las conferencias matutinas diarios en Palacio Nacional, hoy &#8220;es como lo fue con Trump, un cordero en la Casa Blanca&#8221;.<\/p>\n","protected":false},"excerpt":{"rendered":"<p>CIUDAD DE MEXICO, 20 MAR &#8211; El anuncio del gobierno de M\u00e9xico sobre el cierre de la frontera sur con Guatemala y Belice al &#8220;tr\u00e1nsito&hellip;<\/p>\n","protected":false},"author":99,"featured_media":496720,"comment_status":"open","ping_status":"open","sticky":false,"template":"","format":"standard","meta":{"footnotes":""},"categories":[23],"tags":[],"class_list":["post-496719","post","type-post","status-publish","format-standard","has-post-thumbnail","hentry","category-latinoamerica"],"_links":{"self":[{"href":"https:\/\/diarioelpopular.com\/index.php\/wp-json\/wp\/v2\/posts\/496719","targetHints":{"allow":["GET"]}}],"collection":[{"href":"https:\/\/diarioelpopular.com\/index.php\/wp-json\/wp\/v2\/posts"}],"about":[{"href":"https:\/\/diarioelpopular.com\/index.php\/wp-json\/wp\/v2\/types\/post"}],"author":[{"embeddable":true,"href":"https:\/\/diarioelpopular.com\/index.php\/wp-json\/wp\/v2\/users\/99"}],"replies":[{"embeddable":true,"href":"https:\/\/diarioelpopular.com\/index.php\/wp-json\/wp\/v2\/comments?post=496719"}],"version-history":[{"count":1,"href":"https:\/\/diarioelpopular.com\/index.php\/wp-json\/wp\/v2\/posts\/496719\/revisions"}],"predecessor-version":[{"id":496721,"href":"https:\/\/diarioelpopular.com\/index.php\/wp-json\/wp\/v2\/posts\/496719\/revisions\/496721"}],"wp:featuredmedia":[{"embeddable":true,"href":"https:\/\/diarioelpopular.com\/index.php\/wp-json\/wp\/v2\/media\/496720"}],"wp:attachment":[{"href":"https:\/\/diarioelpopular.com\/index.php\/wp-json\/wp\/v2\/media?parent=496719"}],"wp:term":[{"taxonomy":"category","embeddable":true,"href":"https:\/\/diarioelpopular.com\/index.php\/wp-json\/wp\/v2\/categories?post=496719"},{"taxonomy":"post_tag","embeddable":true,"href":"https:\/\/diarioelpopular.com\/index.php\/wp-json\/wp\/v2\/tags?post=496719"}],"curies":[{"name":"wp","href":"https:\/\/api.w.org\/{rel}","templated":true}]}}