{"id":496735,"date":"2021-03-21T11:49:19","date_gmt":"2021-03-21T15:49:19","guid":{"rendered":"https:\/\/diarioelpopular.com\/?p=496735"},"modified":"2021-03-21T11:49:19","modified_gmt":"2021-03-21T15:49:19","slug":"argentina-acelera-la-inmunizacion","status":"publish","type":"post","link":"https:\/\/diarioelpopular.com\/index.php\/2021\/03\/21\/argentina-acelera-la-inmunizacion\/","title":{"rendered":"Argentina acelera la inmunizaci\u00f3n"},"content":{"rendered":"<div id=\"attachment_496736\" style=\"width: 310px\" class=\"wp-caption alignnone\"><img loading=\"lazy\" decoding=\"async\" aria-describedby=\"caption-attachment-496736\" class=\"size-medium wp-image-496736\" src=\"https:\/\/diarioelpopular.com\/wp-content\/uploads\/2021\/03\/1970ae2c60318f984b6ad7045e6a2b87-300x200.jpg\" alt=\"\" width=\"300\" height=\"200\" srcset=\"https:\/\/diarioelpopular.com\/wp-content\/uploads\/2021\/03\/1970ae2c60318f984b6ad7045e6a2b87-300x200.jpg 300w, https:\/\/diarioelpopular.com\/wp-content\/uploads\/2021\/03\/1970ae2c60318f984b6ad7045e6a2b87-110x73.jpg 110w, https:\/\/diarioelpopular.com\/wp-content\/uploads\/2021\/03\/1970ae2c60318f984b6ad7045e6a2b87.jpg 476w\" sizes=\"auto, (max-width: 300px) 100vw, 300px\" \/><p id=\"caption-attachment-496736\" class=\"wp-caption-text\"><em>Vacunaci\u00f3n de ancianos en Argentina<\/em><br \/><em>(foto: ANSA)<\/em><\/p><\/div>\n<h4><em><strong>Infectados totales, 2.234.913. Los vacunados suman 2.472.426<\/strong><\/em><\/h4>\n<p><em><strong>BUENOS AIRES 21 MAR &#8211;<\/strong><\/em> La cantidad de personas vacunadas en Argentina (2.472.426) ya super\u00f3 el n\u00famero total de infectados por coronavirus, resalt\u00f3 en un comunicado la Presidencia de ese pa\u00eds.<br \/>\nSeg\u00fan se desprende del Monitor P\u00fablico de Vacunaci\u00f3n, con cifras actualizadas en la ma\u00f1ana de este s\u00e1bado, se realizaron un total de 3.063.864 aplicaciones de vacunas sobre un total de 3.846.565 dosis distribuidas en todo el pa\u00eds.<br \/>\nEn tanto, un total de 2.472.426 argentinos ya recibieron la primera de las dosis, por encima de los 2.234.913 de infectados registrados hasta ayer, cuando se cumpli\u00f3 un a\u00f1o de inicio del ASPO (Aislamiento Social Preventivo y Obligatorio) por la pandemia, detall\u00f3 la Presidencia.<br \/>\nDe ese total, unas 591.438 personas ya recibieron las dos dosis prescriptas para completar la inmunizaci\u00f3n contra el virus.<br \/>\nLa mayor cantidad de vacunados sobre la cifra de infectados se advierte tambi\u00e9n en la discriminaci\u00f3n por jurisdicci\u00f3n.<br \/>\nPor ejemplo, la superpoblada provincia de Buenos Aires tiene un total de 934.393 casos y un n\u00famero de 972.618 vacunas aplicadas de la primera dosis.<br \/>\nEn las \u00faltimas 24 horas, se registraron 8.160 nuevos casos de coronavirus en Argentina y 113 nuevas muertes, en tanto que son 163.708 los que cursan actualmente la enfermedad.<br \/>\nAyer se realizaron 61.579 testeos y son m\u00e1s de 8 millones los acumulados totales en m\u00e1s de un a\u00f1o.<\/p>\n","protected":false},"excerpt":{"rendered":"<p>Infectados totales, 2.234.913. Los vacunados suman 2.472.426 BUENOS AIRES 21 MAR &#8211; La cantidad de personas vacunadas en Argentina (2.472.426) ya super\u00f3 el n\u00famero total&hellip;<\/p>\n","protected":false},"author":99,"featured_media":496736,"comment_status":"open","ping_status":"open","sticky":false,"template":"","format":"standard","meta":{"footnotes":""},"categories":[23],"tags":[],"class_list":["post-496735","post","type-post","status-publish","format-standard","has-post-thumbnail","hentry","category-latinoamerica"],"_links":{"self":[{"href":"https:\/\/diarioelpopular.com\/index.php\/wp-json\/wp\/v2\/posts\/496735","targetHints":{"allow":["GET"]}}],"collection":[{"href":"https:\/\/diarioelpopular.com\/index.php\/wp-json\/wp\/v2\/posts"}],"about":[{"href":"https:\/\/diarioelpopular.com\/index.php\/wp-json\/wp\/v2\/types\/post"}],"author":[{"embeddable":true,"href":"https:\/\/diarioelpopular.com\/index.php\/wp-json\/wp\/v2\/users\/99"}],"replies":[{"embeddable":true,"href":"https:\/\/diarioelpopular.com\/index.php\/wp-json\/wp\/v2\/comments?post=496735"}],"version-history":[{"count":1,"href":"https:\/\/diarioelpopular.com\/index.php\/wp-json\/wp\/v2\/posts\/496735\/revisions"}],"predecessor-version":[{"id":496737,"href":"https:\/\/diarioelpopular.com\/index.php\/wp-json\/wp\/v2\/posts\/496735\/revisions\/496737"}],"wp:featuredmedia":[{"embeddable":true,"href":"https:\/\/diarioelpopular.com\/index.php\/wp-json\/wp\/v2\/media\/496736"}],"wp:attachment":[{"href":"https:\/\/diarioelpopular.com\/index.php\/wp-json\/wp\/v2\/media?parent=496735"}],"wp:term":[{"taxonomy":"category","embeddable":true,"href":"https:\/\/diarioelpopular.com\/index.php\/wp-json\/wp\/v2\/categories?post=496735"},{"taxonomy":"post_tag","embeddable":true,"href":"https:\/\/diarioelpopular.com\/index.php\/wp-json\/wp\/v2\/tags?post=496735"}],"curies":[{"name":"wp","href":"https:\/\/api.w.org\/{rel}","templated":true}]}}