{"id":496739,"date":"2021-03-21T11:51:43","date_gmt":"2021-03-21T15:51:43","guid":{"rendered":"https:\/\/diarioelpopular.com\/?p=496739"},"modified":"2021-03-21T11:51:43","modified_gmt":"2021-03-21T15:51:43","slug":"la-peste-esta-fuera-de-control-en-brasil","status":"publish","type":"post","link":"https:\/\/diarioelpopular.com\/index.php\/2021\/03\/21\/la-peste-esta-fuera-de-control-en-brasil\/","title":{"rendered":"La peste est\u00e1 fuera de control en Brasil"},"content":{"rendered":"<div id=\"attachment_496740\" style=\"width: 310px\" class=\"wp-caption alignnone\"><img loading=\"lazy\" decoding=\"async\" aria-describedby=\"caption-attachment-496740\" class=\"size-medium wp-image-496740\" src=\"https:\/\/diarioelpopular.com\/wp-content\/uploads\/2021\/03\/cb17740b5ab42923d3cc5f4bdab7450f-1-300x165.jpg\" alt=\"\" width=\"300\" height=\"165\" srcset=\"https:\/\/diarioelpopular.com\/wp-content\/uploads\/2021\/03\/cb17740b5ab42923d3cc5f4bdab7450f-1-300x165.jpg 300w, https:\/\/diarioelpopular.com\/wp-content\/uploads\/2021\/03\/cb17740b5ab42923d3cc5f4bdab7450f-1-133x73.jpg 133w, https:\/\/diarioelpopular.com\/wp-content\/uploads\/2021\/03\/cb17740b5ab42923d3cc5f4bdab7450f-1.jpg 476w\" sizes=\"auto, (max-width: 300px) 100vw, 300px\" \/><p id=\"caption-attachment-496740\" class=\"wp-caption-text\"><em>M\u00e1s y m\u00e1s sepulturas. Brasil es un infierno<\/em><\/p><\/div>\n<h4><em><strong>Acelerado crecimiento de muertes, casi 50% m\u00e1s en dos semanas<\/strong><\/em><\/h4>\n<p><em><strong>SAN PABLO, 21 mar &#8211;<\/strong><\/em> La pandemia ingres\u00f3 en un aceleramiento infernal en Brasil en las \u00faltimas dos semanas con casos de infecciones y de muertes diarias en continua expansi\u00f3n y que superan las cifras del peor momento de la crisis sanitaria del a\u00f1o pasado.<br \/>\nEl pa\u00eds registr\u00f3 2.331 muertes por Covid-19 en las \u00faltimas 24 horas y totaliz\u00f3 as\u00ed este s\u00e1bado 292.856 v\u00edctimas fatales. Con eso, el promedio m\u00f3vil de fallecimientos en el pa\u00eds en los \u00faltimos 7 d\u00edas lleg\u00f3 a 2.234, otro r\u00e9cord en el \u00edndice.<br \/>\nEn comparaci\u00f3n con el promedio de hace 14 d\u00edas, la variaci\u00f3n fue de + 49%, lo que indica una tendencia al alza en las muertes por la enfermedad.<br \/>\nAs\u00ed lo reflejan los datos del consorcio de medios de prensa sobre la situaci\u00f3n de la pandemia de coronavirus en Brasil, con base en datos de los departamentos de salud estatales, consolidados hasta las 20 del s\u00e1bado y publicados por varios portales hoy, entre ellos G1.<br \/>\nSe trata, dicen los especialistas y estad\u00edsticos, del m\u00e1s alto n\u00famero de muertes registradas en un s\u00e1bado desde el inicio de la pandemia, superando el r\u00e9cord del s\u00e1bado pasado (13 de marzo), cuando se contaron 1.940 decesos.<br \/>\nYa hay 59 d\u00edas seguidos con el promedio m\u00f3vil de muertes por encima de la marca de 1.000, y por decimotercero d\u00eda la marca aparece por encima de las 1.500.<br \/>\nEl an\u00e1lisis de los guarismos tiene m\u00e1s elementos para el espanto, pues el viernes pasado, por primera vez desde el inicio de la pandemia, Brasil alcanz\u00f3 la marca de 15 mil muertes en una semana.<br \/>\nEsta es la secuencia de decesos publicada por G1: domingo 14: 1.832 (r\u00e9cord), lunes 15: 1.855 (r\u00e9cord), martes 16: 1.976 (r\u00e9cord), mi\u00e9rcoles 17: 2031 (r\u00e9cord), jueves 18: 2.096 (r\u00e9cord), viernes 19: 2.178 (r\u00e9cord) y ayer s\u00e1bado 20: 2.234 (r\u00e9cord),<br \/>\nEn los casos confirmados, desde el inicio de la pandemia, 11.949.335 brasile\u00f1os han tenido o tienen el nuevo coronavirus, 72.326 de ellos confirmados el \u00faltimo d\u00eda.<br \/>\nLa media m\u00f3vil de los \u00faltimos 7 d\u00edas fue de 72.869 nuevos diagn\u00f3sticos por jornada, lo que representa una variaci\u00f3n de + 9%, comparaci\u00f3n con los casos registrados hace dos semanas, lo que indica una tendencia a la estabilidad en los diagn\u00f3sticos.<br \/>\nEl presidente brasile\u00f1o, Jair Bolsonaro, ha nombrado como nuevo ministro de Salud -el cuarto en poco menos de un a\u00f1o- al cardi\u00f3logo Marcelo Queiroga, quien hasta ahora ha aparecido p\u00fablicamente en dos ocasiones.<br \/>\nEn sus espor\u00e1dicas declaraciones desde que fue nombrado ministro, Queiroga ha dicho que, como m\u00e9dico, seguir\u00e1 \u201clas recomendaciones de la ciencia\u201d frente a la pandemia, que est\u00e1 descontrolada en un Brasil convertido hoy en epicentro global de la crisis.<br \/>\nTambi\u00e9n ha se\u00f1alado que, una vez en el cargo, buscar\u00e1 consensuar \u201calgunas medidas adicionales a las que se han aplicado\u201d, sobre las cuales no se explay\u00f3, y defendi\u00f3 el distanciamiento social o el uso de m\u00e1scaras, que son rechazados abiertamente por Bolsonaro.<br \/>\nHasta ayer, 11.721.357 personas ya recibieron la primera dosis de vacuna contra el Covid-19. El n\u00famero representa s\u00f3lo el 5,54% de la poblaci\u00f3n brasile\u00f1a.<br \/>\nLa segunda dosis ya se aplic\u00f3 a 4.140.109 personas (1,96% de la poblaci\u00f3n del pa\u00eds) en todos los estados y el Distrito Federal.<\/p>\n","protected":false},"excerpt":{"rendered":"<p>Acelerado crecimiento de muertes, casi 50% m\u00e1s en dos semanas SAN PABLO, 21 mar &#8211; La pandemia ingres\u00f3 en un aceleramiento infernal en Brasil en&hellip;<\/p>\n","protected":false},"author":99,"featured_media":496740,"comment_status":"open","ping_status":"open","sticky":false,"template":"","format":"standard","meta":{"footnotes":""},"categories":[23],"tags":[],"class_list":["post-496739","post","type-post","status-publish","format-standard","has-post-thumbnail","hentry","category-latinoamerica"],"_links":{"self":[{"href":"https:\/\/diarioelpopular.com\/index.php\/wp-json\/wp\/v2\/posts\/496739","targetHints":{"allow":["GET"]}}],"collection":[{"href":"https:\/\/diarioelpopular.com\/index.php\/wp-json\/wp\/v2\/posts"}],"about":[{"href":"https:\/\/diarioelpopular.com\/index.php\/wp-json\/wp\/v2\/types\/post"}],"author":[{"embeddable":true,"href":"https:\/\/diarioelpopular.com\/index.php\/wp-json\/wp\/v2\/users\/99"}],"replies":[{"embeddable":true,"href":"https:\/\/diarioelpopular.com\/index.php\/wp-json\/wp\/v2\/comments?post=496739"}],"version-history":[{"count":1,"href":"https:\/\/diarioelpopular.com\/index.php\/wp-json\/wp\/v2\/posts\/496739\/revisions"}],"predecessor-version":[{"id":496741,"href":"https:\/\/diarioelpopular.com\/index.php\/wp-json\/wp\/v2\/posts\/496739\/revisions\/496741"}],"wp:featuredmedia":[{"embeddable":true,"href":"https:\/\/diarioelpopular.com\/index.php\/wp-json\/wp\/v2\/media\/496740"}],"wp:attachment":[{"href":"https:\/\/diarioelpopular.com\/index.php\/wp-json\/wp\/v2\/media?parent=496739"}],"wp:term":[{"taxonomy":"category","embeddable":true,"href":"https:\/\/diarioelpopular.com\/index.php\/wp-json\/wp\/v2\/categories?post=496739"},{"taxonomy":"post_tag","embeddable":true,"href":"https:\/\/diarioelpopular.com\/index.php\/wp-json\/wp\/v2\/tags?post=496739"}],"curies":[{"name":"wp","href":"https:\/\/api.w.org\/{rel}","templated":true}]}}