{"id":496742,"date":"2021-03-21T11:54:05","date_gmt":"2021-03-21T15:54:05","guid":{"rendered":"https:\/\/diarioelpopular.com\/?p=496742"},"modified":"2021-03-21T11:54:05","modified_gmt":"2021-03-21T15:54:05","slug":"chile-endurece-medidas-con-viajeros-foraneos","status":"publish","type":"post","link":"https:\/\/diarioelpopular.com\/index.php\/2021\/03\/21\/chile-endurece-medidas-con-viajeros-foraneos\/","title":{"rendered":"Chile endurece medidas con viajeros for\u00e1neos"},"content":{"rendered":"<div id=\"attachment_496743\" style=\"width: 310px\" class=\"wp-caption alignnone\"><img loading=\"lazy\" decoding=\"async\" aria-describedby=\"caption-attachment-496743\" class=\"size-medium wp-image-496743\" src=\"https:\/\/diarioelpopular.com\/wp-content\/uploads\/2021\/03\/b3df0956f23b7673d21182f314aaa70b-300x200.jpg\" alt=\"\" width=\"300\" height=\"200\" srcset=\"https:\/\/diarioelpopular.com\/wp-content\/uploads\/2021\/03\/b3df0956f23b7673d21182f314aaa70b-300x200.jpg 300w, https:\/\/diarioelpopular.com\/wp-content\/uploads\/2021\/03\/b3df0956f23b7673d21182f314aaa70b-110x73.jpg 110w, https:\/\/diarioelpopular.com\/wp-content\/uploads\/2021\/03\/b3df0956f23b7673d21182f314aaa70b.jpg 476w\" sizes=\"auto, (max-width: 300px) 100vw, 300px\" \/><p id=\"caption-attachment-496743\" class=\"wp-caption-text\"><em>Aeropuerto de Santiago, \u00fanica frontera abierta de Chile<\/em><br \/><em>(foto: ANSA)<\/em><\/p><\/div>\n<h4><em><strong>Este s\u00e1bado se report\u00f3 cifra m\u00e1s alta de contagios desde inicio pandemia<\/strong><\/em><\/h4>\n<p><em><strong>SANTIAGO DE CHILE, 21 MAR &#8211;<\/strong><\/em> Chile endureci\u00f3 las restricciones a viajeros procedentes del extranjero al sumar 7.084 casos de Covid-19, la cifra de contagios m\u00e1s alta desde el inicio hace un a\u00f1o de la pandemia.<br \/>\nEl 14 de junio se hab\u00eda registrado el pico de pacientes, con 6.938 infectados, en el momento m\u00e1s cr\u00edtico de la primera ola.<br \/>\nTodas las personas que ingresen al pa\u00eds por v\u00eda a\u00e9rea, la \u00fanica frontera oficialmente abierta en Chile, deber\u00e1n hacer cuarentena de 10 d\u00edas, sin excepciones, con el fin de disminuir la posibilidad de circulaci\u00f3n de nuevas variantes del coronavirus, reportadas en el exterior.<br \/>\nLos viajeros que resulten positivos dentro de los primeros 14 d\u00edas en el pa\u00eds deber\u00e1n hacer su cuarentena obligatoria en una residencia sanitaria.<br \/>\nAquellos que presenten s\u00edntomas deber\u00e1n ir a una residencia sanitaria hasta descartar el contagio.<br \/>\nLa subsecretaria de Salud P\u00fablica, Paula Daza, enfatizo que todos los viajeros deber\u00e1n trasladarse a su lugar de cuarentena de forma directa, sin interactuar con otras personas y siempre con mascarilla.<br \/>\nAsimismo, el aislamiento debe ser individual o con el mismo grupo que se haya viajado. Las personas no pueden compartir con otros residentes del hogar que no hayan viajado ni recibir visitas.<br \/>\nLas medidas se endurecen a\u00fan m\u00e1s en el caso de que el origen sea Brasil o hayan estado en ese pa\u00eds en los \u00faltimos 14 d\u00edas.<br \/>\nEllos deber\u00e1n trasladarse a un hotel transitorio durante 72 horas, independiente de tener un resultado negativo, y luego con una nueva PCR negativa podr\u00e1n continuar su aislamiento en el lugar de residencia.<br \/>\nLa autoridad enfatiz\u00f3 que todos los costos asociados a su ingreso (traslado, hotel transitorio y PCR) deber\u00e1n ser pagados por el mismo pasajero al momento de obtener su pasaporte sanitario en Brasil.<br \/>\nEstas medidas entrar\u00e1n en vigencia desde el jueves 25 de marzo a las 5:00 horas (08.00 GMT) y se mantendr\u00e1n al menos por un mes, para luego ser reevaluadas.<br \/>\nHoy en Chile, el total de pacientes con el virus activo se elev\u00f3 a 27.048 del total de 925.089 personas que han adquirido el SARS-CoV-2.<br \/>\nEl titular de Salud, Enrique Paris, se\u00f1al\u00f3 que la variaci\u00f3n de casos confirmados es de +14% en los \u00faltimos siete d\u00edas: &#8220;Se mantiene el crecimiento de contagios y eso no lo hemos negado, lo admitimos&#8221;, dijo en una impl\u00edcita alusi\u00f3n a las cr\u00edticas del Colegio M\u00e9dico, el cual exige medidas m\u00e1s estrictas.<br \/>\nEl Departamento de Estad\u00edstica e Informaci\u00f3n de Salud (DEIS) confirm\u00f3 93 decesos, por lo que el n\u00famero de v\u00edctimas del coronavirus lleg\u00f3 a 22.180.<br \/>\nLa cifra de pacientes en unidades de cuidados intensiva tambi\u00e9n sigui\u00f3 en aumento al anotar 2.227 personas, de las cuales 1.931 est\u00e1n con apoyo de ventilaci\u00f3n mec\u00e1nica.<br \/>\nLos laboratorios informaron hoy los resultados de 76.275 PCR, la cifra m\u00e1s alta de toda la crisis, lo que arroj\u00f3 una positividad nacional en las \u00faltimas 24 horas de 9%.<br \/>\nMarzo de 2021 se ha convertido en el tercer peor mes de la pandemia. En tan solo 20 d\u00edas sum\u00f3 99.561 nuevos casos de coronavirus, superando a febrero (98.369).<br \/>\nAs\u00ed el tercer mes del a\u00f1o se acerca a los 100 mil contagios acumulados en un mes. S\u00f3lo en dos oportunidades se ha superado esta barrera: junio (148.283 casos) y enero (118.095).<br \/>\nEn los primeros tres meses de 2021 se han informado m\u00e1s de un tercio (316.025) del total de contagios reportados desde el pasado 3 de marzo, cuando se confirm\u00f3 el primer caso de Covid-19 en el pa\u00eds.<\/p>\n","protected":false},"excerpt":{"rendered":"<p>Este s\u00e1bado se report\u00f3 cifra m\u00e1s alta de contagios desde inicio pandemia SANTIAGO DE CHILE, 21 MAR &#8211; Chile endureci\u00f3 las restricciones a viajeros procedentes&hellip;<\/p>\n","protected":false},"author":99,"featured_media":496743,"comment_status":"open","ping_status":"open","sticky":false,"template":"","format":"standard","meta":{"footnotes":""},"categories":[23],"tags":[],"class_list":["post-496742","post","type-post","status-publish","format-standard","has-post-thumbnail","hentry","category-latinoamerica"],"_links":{"self":[{"href":"https:\/\/diarioelpopular.com\/index.php\/wp-json\/wp\/v2\/posts\/496742","targetHints":{"allow":["GET"]}}],"collection":[{"href":"https:\/\/diarioelpopular.com\/index.php\/wp-json\/wp\/v2\/posts"}],"about":[{"href":"https:\/\/diarioelpopular.com\/index.php\/wp-json\/wp\/v2\/types\/post"}],"author":[{"embeddable":true,"href":"https:\/\/diarioelpopular.com\/index.php\/wp-json\/wp\/v2\/users\/99"}],"replies":[{"embeddable":true,"href":"https:\/\/diarioelpopular.com\/index.php\/wp-json\/wp\/v2\/comments?post=496742"}],"version-history":[{"count":1,"href":"https:\/\/diarioelpopular.com\/index.php\/wp-json\/wp\/v2\/posts\/496742\/revisions"}],"predecessor-version":[{"id":496744,"href":"https:\/\/diarioelpopular.com\/index.php\/wp-json\/wp\/v2\/posts\/496742\/revisions\/496744"}],"wp:featuredmedia":[{"embeddable":true,"href":"https:\/\/diarioelpopular.com\/index.php\/wp-json\/wp\/v2\/media\/496743"}],"wp:attachment":[{"href":"https:\/\/diarioelpopular.com\/index.php\/wp-json\/wp\/v2\/media?parent=496742"}],"wp:term":[{"taxonomy":"category","embeddable":true,"href":"https:\/\/diarioelpopular.com\/index.php\/wp-json\/wp\/v2\/categories?post=496742"},{"taxonomy":"post_tag","embeddable":true,"href":"https:\/\/diarioelpopular.com\/index.php\/wp-json\/wp\/v2\/tags?post=496742"}],"curies":[{"name":"wp","href":"https:\/\/api.w.org\/{rel}","templated":true}]}}