{"id":496752,"date":"2021-03-22T09:55:35","date_gmt":"2021-03-22T13:55:35","guid":{"rendered":"https:\/\/diarioelpopular.com\/?p=496752"},"modified":"2021-03-22T09:55:35","modified_gmt":"2021-03-22T13:55:35","slug":"habitantes-de-ontario-de-75-anos-o-mas-ahora-pueden-reservar-las-vacunas-covid-19-en-linea","status":"publish","type":"post","link":"https:\/\/diarioelpopular.com\/index.php\/2021\/03\/22\/habitantes-de-ontario-de-75-anos-o-mas-ahora-pueden-reservar-las-vacunas-covid-19-en-linea\/","title":{"rendered":"Habitantes de Ontario de 75 a\u00f1os o m\u00e1s ahora pueden reservar las vacunas COVID-19 en l\u00ednea"},"content":{"rendered":"<p><img loading=\"lazy\" decoding=\"async\" class=\"alignnone size-medium wp-image-496753\" src=\"https:\/\/diarioelpopular.com\/wp-content\/uploads\/2021\/03\/Screen-Shot-2021-03-22-at-9.52.16-AM-300x173.png\" alt=\"\" width=\"300\" height=\"173\" srcset=\"https:\/\/diarioelpopular.com\/wp-content\/uploads\/2021\/03\/Screen-Shot-2021-03-22-at-9.52.16-AM-300x173.png 300w, https:\/\/diarioelpopular.com\/wp-content\/uploads\/2021\/03\/Screen-Shot-2021-03-22-at-9.52.16-AM-768x442.png 768w, https:\/\/diarioelpopular.com\/wp-content\/uploads\/2021\/03\/Screen-Shot-2021-03-22-at-9.52.16-AM-636x366.png 636w, https:\/\/diarioelpopular.com\/wp-content\/uploads\/2021\/03\/Screen-Shot-2021-03-22-at-9.52.16-AM-127x73.png 127w, https:\/\/diarioelpopular.com\/wp-content\/uploads\/2021\/03\/Screen-Shot-2021-03-22-at-9.52.16-AM.png 1024w\" sizes=\"auto, (max-width: 300px) 100vw, 300px\" \/><\/p>\n<p>&nbsp;<\/p>\n<p><em><strong>TORONTO &#8211;<\/strong><\/em> Los residentes de Ontario que tienen 75 a\u00f1os o m\u00e1s pueden comenzar a reservar sus vacunas COVID-19 a trav\u00e9s del sistema en l\u00ednea del gobierno a partir de este lunes 22.<\/p>\n<p>Inicialmente, se estableci\u00f3 que las personas en ese grupo de edad ser\u00edan elegibles para la primera semana de abril, pero la provincia anunci\u00f3 la semana pasada que adelantaba la fecha, diciendo que las vacunas est\u00e1n adelantadas a lo programado.<\/p>\n<p>Tambi\u00e9n a partir de hoy, ciertas farmacias y m\u00e9dicos de familia en algunas regiones podr\u00e1n administrar la vacuna Oxford-AstraZeneca a cualquier persona de 60 a\u00f1os o m\u00e1s.<\/p>\n<p>Mientras tanto, varias regiones se est\u00e1n moviendo hacia diferentes niveles de restricci\u00f3n en el marco pand\u00e9mico codificado por colores de la provincia.<\/p>\n<p>Las regiones de Brant, Chatham-Kent y Leeds, Grenville y Lanark se encuentran ahora en la zona roja, la segunda m\u00e1s restrictiva.<\/p>\n<p>Wellington-Dufferin-Guelph ahora est\u00e1 en naranja, y otros cuatro (Timiskaming, Porcupine, North Bay Parry Sound y Kingston, Frontenac y Lennox &amp; Addington) est\u00e1n en amarillo.<\/p>\n","protected":false},"excerpt":{"rendered":"<p>&nbsp; TORONTO &#8211; Los residentes de Ontario que tienen 75 a\u00f1os o m\u00e1s pueden comenzar a reservar sus vacunas COVID-19 a trav\u00e9s del sistema en&hellip;<\/p>\n","protected":false},"author":99,"featured_media":496753,"comment_status":"open","ping_status":"open","sticky":false,"template":"","format":"standard","meta":{"footnotes":""},"categories":[21,11191],"tags":[],"class_list":["post-496752","post","type-post","status-publish","format-standard","has-post-thumbnail","hentry","category-canada","category-top-news"],"_links":{"self":[{"href":"https:\/\/diarioelpopular.com\/index.php\/wp-json\/wp\/v2\/posts\/496752","targetHints":{"allow":["GET"]}}],"collection":[{"href":"https:\/\/diarioelpopular.com\/index.php\/wp-json\/wp\/v2\/posts"}],"about":[{"href":"https:\/\/diarioelpopular.com\/index.php\/wp-json\/wp\/v2\/types\/post"}],"author":[{"embeddable":true,"href":"https:\/\/diarioelpopular.com\/index.php\/wp-json\/wp\/v2\/users\/99"}],"replies":[{"embeddable":true,"href":"https:\/\/diarioelpopular.com\/index.php\/wp-json\/wp\/v2\/comments?post=496752"}],"version-history":[{"count":1,"href":"https:\/\/diarioelpopular.com\/index.php\/wp-json\/wp\/v2\/posts\/496752\/revisions"}],"predecessor-version":[{"id":496754,"href":"https:\/\/diarioelpopular.com\/index.php\/wp-json\/wp\/v2\/posts\/496752\/revisions\/496754"}],"wp:featuredmedia":[{"embeddable":true,"href":"https:\/\/diarioelpopular.com\/index.php\/wp-json\/wp\/v2\/media\/496753"}],"wp:attachment":[{"href":"https:\/\/diarioelpopular.com\/index.php\/wp-json\/wp\/v2\/media?parent=496752"}],"wp:term":[{"taxonomy":"category","embeddable":true,"href":"https:\/\/diarioelpopular.com\/index.php\/wp-json\/wp\/v2\/categories?post=496752"},{"taxonomy":"post_tag","embeddable":true,"href":"https:\/\/diarioelpopular.com\/index.php\/wp-json\/wp\/v2\/tags?post=496752"}],"curies":[{"name":"wp","href":"https:\/\/api.w.org\/{rel}","templated":true}]}}