{"id":496793,"date":"2021-03-25T11:30:50","date_gmt":"2021-03-25T15:30:50","guid":{"rendered":"https:\/\/diarioelpopular.com\/?p=496793"},"modified":"2021-03-25T11:30:50","modified_gmt":"2021-03-25T15:30:50","slug":"argentina-dice-no-tener-dinero-para-pagar-al-fmi","status":"publish","type":"post","link":"https:\/\/diarioelpopular.com\/index.php\/2021\/03\/25\/argentina-dice-no-tener-dinero-para-pagar-al-fmi\/","title":{"rendered":"Argentina dice no tener dinero para pagar al FMI"},"content":{"rendered":"<div id=\"attachment_496794\" style=\"width: 160px\" class=\"wp-caption alignnone\"><img loading=\"lazy\" decoding=\"async\" aria-describedby=\"caption-attachment-496794\" class=\"size-thumbnail wp-image-496794\" src=\"https:\/\/diarioelpopular.com\/wp-content\/uploads\/2021\/03\/1af0a31412a0bff0f23396334d84efeb-150x150.jpg\" alt=\"\" width=\"150\" height=\"150\" \/><p id=\"caption-attachment-496794\" class=\"wp-caption-text\"><em>Vicepresidenta de Argentina, Cristina Fern\u00e1ndez<\/em><br \/><em>(foto: EPA)<\/em><\/p><\/div>\n<h4><em><strong>Lo anunci\u00f3 la vicepresidenta Fern\u00e1ndez en un mensaje a ese organismo<\/strong><\/em><\/h4>\n<p><em><strong>BUENOS AIRES 25 MAR &#8211;<\/strong> <\/em>La vicepresidenta de Argentina, Cristina Fern\u00e1ndez de Kirchner, afirm\u00f3 que Argentina no tiene el dinero para pagar la deuda contra\u00edda con el Fondo Monetario Internacional (FMI) por lo que convoc\u00f3 a la oposici\u00f3n para poder alcanzar una negociaci\u00f3n con ese organismo y pidi\u00f3 a Estados Unidos &#8220;alg\u00fan gestito&#8221; que permita llegar a un acuerdo.<br \/>\n&#8220;No podemos pagar porque no tenemos la plata para pagar&#8221; el pr\u00e9stamo de casi 50 millones de d\u00f3lares concedidos en 2018, asegur\u00f3 la tambi\u00e9n expresidenta (2007-2015) durante un acto por el 45 aniversario del \u00faltimo golpe de Estado, que dio paso a la dictadura a la que se someti\u00f3 el pa\u00eds entre 1976 y 1983.<br \/>\nFern\u00e1ndez de Kirchner luego llam\u00f3 a la oposici\u00f3n para afrontar los problemas econ\u00f3micos y la deuda con el FMI que mantiene el pa\u00eds, cuya crisis se vio agravada tambi\u00e9n por la pandemia del coronavirus.<br \/>\n&#8220;Si desde los partidos pol\u00edticos no somos capaces de articular un acuerdo m\u00ednimo frente a cuestiones estructurales como es el endeudamiento externo y la econom\u00eda bimonetaria, va a ser muy dif\u00edcil gobernar la Argentina, sino imposible tal vez&#8221;, sentenci\u00f3 la segunda del presidente Alberto Fern\u00e1ndez.<br \/>\nDurante el acto, la exmandataria record\u00f3 a las v\u00edctimas del terrorismo de Estado y critic\u00f3 duramente el modelo econ\u00f3mico del r\u00e9gimen de facto, que contrajo una &#8220;deuda monumental&#8221;, la &#8220;m\u00e1s grande de todos los periodos pol\u00edticos salvo la que se contrajo ahora en los \u00faltimos cuatro a\u00f1os&#8221;, resalt\u00f3, haciendo referencia al gobierno de Mauricio Macri (2015-2019).<br \/>\n&#8220;Con los plazos y con las tasas que se pretenden no solamente es inaceptable, es un problema de que no podemos pagar porque no tenemos la plata&#8221;, reiter\u00f3 la presidenta del Senado, para luego aclarar que &#8220;no estamos diciendo de no pagar la deuda&#8221;.<br \/>\n&#8220;Nuestro espacio pol\u00edtico (el peronista) fue el \u00fanico que pag\u00f3 las deudas de todos los otros gobiernos. Deber\u00edamos hacer un esfuerzo, sobre todo aquellos que tienen responsabilidades institucionales, sean del oficialismo o de la oposici\u00f3n, para que nos den mayor plazo y otra tasa de inter\u00e9s de una deuda que otros contrajeron&#8221;, agreg\u00f3 la vicepresidenta sobre la renegociaci\u00f3n con el FMI que lleva adelante el ministro de Econom\u00eda, Mart\u00edn Guzm\u00e1n.<br \/>\nTras hacer alusi\u00f3n a los 9.500 millones de d\u00f3lares de deuda que pag\u00f3 Argentina en 2006 al Fondo Monetario Internacional, Fern\u00e1ndez de Kirchner aprovech\u00f3 luego para referirse a Estados Unidos, al que atribuy\u00f3 la responsabilidad de que &#8220;el FMI violara todos los art\u00edculos de su estatuto&#8221; al dar el pr\u00e9stamo al pa\u00eds.<br \/>\n&#8220;No podr\u00edamos reclamarle o pedirle (a Estados Unidos), solicitarle con dulzura, toda la dulzura y cari\u00f1o del mundo, que \u00bfes hora de que nos hagan alg\u00fan gestito?&#8221;.<br \/>\n&#8220;Es hora que hagan alg\u00fan gesto, un gestito, porque entre que bancaron el Golpe del 24 de marzo, bancaron a los ingleses y estuvieron del otro lado de la guerra, y como si fuera poco, fueron centrales para que el FMI violara todos los art\u00edculos del estatuto&#8221;, a\u00f1adi\u00f3 la ex jefa de Estado.<br \/>\n&#8220;Fueron fundamentales porque ning\u00fan otro pa\u00eds que tiene silla en el FMI quer\u00eda acceder a un pr\u00e9stamo de esa magnitud, y lo consiguieron por el apoyo de Estados Unidos. Est\u00e1 bien que era otro Gobierno, no era el de (Joe) Biden. Pero con ese criterio tampoco este Gobierno es el que contrajo la deuda, fue Macri, as\u00ed que ese criterio no es aplicable&#8221;, sentenci\u00f3.<br \/>\nFern\u00e1ndez lament\u00f3 &#8220;los cuatro a\u00f1os de endeudamiento brutal&#8221; al que se someti\u00f3 Argentina y que luego permitieron contraer nuevamente una deuda &#8220;de la que no se tiene memoria&#8221; con el FMI por casi 50 millones de d\u00f3lares.<br \/>\nAnte esta situaci\u00f3n y a modo de conclusi\u00f3n, la vicepresidenta indic\u00f3 que este 24 de marzo debe ayudar a reflexionar sobre la &#8220;necesidad imperiosa&#8221; de volver a retomar &#8220;un modelo de producci\u00f3n y empleo&#8221;.<br \/>\n&#8220;Es cierto que las dificultades son in\u00e9ditas, impensables y por momentos inmanejables, como resulta estar siendo la pandemia en todo el mundo. Pero esto requiere un alt\u00edsimo grado de responsabilidad, no solo de quienes gobiernan, tambi\u00e9n y fundamentalmente de la oposici\u00f3n&#8221;, agreg\u00f3.<br \/>\nCristina Fern\u00e1ndez, por otra parte, se refiri\u00f3 a la crisis sanitaria originada por el coronavirus, al que defini\u00f3 como &#8220;una pandemia atroz que conmueve a la humanidad y que nos ha roto todos los esquemas y modelos que pod\u00edamos tener para gestionar&#8221;.<\/p>\n","protected":false},"excerpt":{"rendered":"<p>Lo anunci\u00f3 la vicepresidenta Fern\u00e1ndez en un mensaje a ese organismo BUENOS AIRES 25 MAR &#8211; La vicepresidenta de Argentina, Cristina Fern\u00e1ndez de Kirchner, afirm\u00f3&hellip;<\/p>\n","protected":false},"author":99,"featured_media":496794,"comment_status":"open","ping_status":"open","sticky":false,"template":"","format":"standard","meta":{"footnotes":""},"categories":[23],"tags":[],"class_list":["post-496793","post","type-post","status-publish","format-standard","has-post-thumbnail","hentry","category-latinoamerica"],"_links":{"self":[{"href":"https:\/\/diarioelpopular.com\/index.php\/wp-json\/wp\/v2\/posts\/496793","targetHints":{"allow":["GET"]}}],"collection":[{"href":"https:\/\/diarioelpopular.com\/index.php\/wp-json\/wp\/v2\/posts"}],"about":[{"href":"https:\/\/diarioelpopular.com\/index.php\/wp-json\/wp\/v2\/types\/post"}],"author":[{"embeddable":true,"href":"https:\/\/diarioelpopular.com\/index.php\/wp-json\/wp\/v2\/users\/99"}],"replies":[{"embeddable":true,"href":"https:\/\/diarioelpopular.com\/index.php\/wp-json\/wp\/v2\/comments?post=496793"}],"version-history":[{"count":1,"href":"https:\/\/diarioelpopular.com\/index.php\/wp-json\/wp\/v2\/posts\/496793\/revisions"}],"predecessor-version":[{"id":496795,"href":"https:\/\/diarioelpopular.com\/index.php\/wp-json\/wp\/v2\/posts\/496793\/revisions\/496795"}],"wp:featuredmedia":[{"embeddable":true,"href":"https:\/\/diarioelpopular.com\/index.php\/wp-json\/wp\/v2\/media\/496794"}],"wp:attachment":[{"href":"https:\/\/diarioelpopular.com\/index.php\/wp-json\/wp\/v2\/media?parent=496793"}],"wp:term":[{"taxonomy":"category","embeddable":true,"href":"https:\/\/diarioelpopular.com\/index.php\/wp-json\/wp\/v2\/categories?post=496793"},{"taxonomy":"post_tag","embeddable":true,"href":"https:\/\/diarioelpopular.com\/index.php\/wp-json\/wp\/v2\/tags?post=496793"}],"curies":[{"name":"wp","href":"https:\/\/api.w.org\/{rel}","templated":true}]}}