{"id":496820,"date":"2021-03-26T11:23:10","date_gmt":"2021-03-26T15:23:10","guid":{"rendered":"https:\/\/diarioelpopular.com\/?p=496820"},"modified":"2021-03-26T11:23:10","modified_gmt":"2021-03-26T15:23:10","slug":"los-casos-de-covid-19-aumentan-entre-los-jovenes-canadienses-a-medida-que-las-variantes-mas-letales-comienzan-a-dominar","status":"publish","type":"post","link":"https:\/\/diarioelpopular.com\/index.php\/2021\/03\/26\/los-casos-de-covid-19-aumentan-entre-los-jovenes-canadienses-a-medida-que-las-variantes-mas-letales-comienzan-a-dominar\/","title":{"rendered":"Los casos de COVID-19 aumentan entre los j\u00f3venes canadienses a medida que las variantes m\u00e1s letales comienzan a dominar"},"content":{"rendered":"<p><img loading=\"lazy\" decoding=\"async\" class=\"alignnone size-custom-full-size wp-image-496822\" src=\"https:\/\/diarioelpopular.com\/wp-content\/uploads\/2021\/03\/Screen-Shot-2021-03-26-at-11.15.29-AM-636x303.png\" alt=\"\" width=\"636\" height=\"303\" srcset=\"https:\/\/diarioelpopular.com\/wp-content\/uploads\/2021\/03\/Screen-Shot-2021-03-26-at-11.15.29-AM-636x303.png 636w, https:\/\/diarioelpopular.com\/wp-content\/uploads\/2021\/03\/Screen-Shot-2021-03-26-at-11.15.29-AM-300x143.png 300w, https:\/\/diarioelpopular.com\/wp-content\/uploads\/2021\/03\/Screen-Shot-2021-03-26-at-11.15.29-AM-768x366.png 768w, https:\/\/diarioelpopular.com\/wp-content\/uploads\/2021\/03\/Screen-Shot-2021-03-26-at-11.15.29-AM-146x70.png 146w, https:\/\/diarioelpopular.com\/wp-content\/uploads\/2021\/03\/Screen-Shot-2021-03-26-at-11.15.29-AM.png 1024w\" sizes=\"auto, (max-width: 636px) 100vw, 636px\" \/><\/p>\n<p><em>Actualizado viernes 26 de marzo de 2021 11:16 a.m.<\/em><\/p>\n<h4><em><strong>&#8211; Si bien Canad\u00e1 ha experimentado una disminuci\u00f3n dram\u00e1tica de COVID-19 entre las personas mayores, las variantes m\u00e1s transmisibles, y posiblemente m\u00e1s mortales, est\u00e1n aumentando dram\u00e1ticamente las infecciones entre las personas m\u00e1s j\u00f3venes<\/strong><\/em><\/h4>\n<h4><em><strong>&#8211; El precio del carbono de Canad\u00e1 aumentar\u00e1 el 1 de abril<\/strong><\/em><\/h4>\n<p><em><strong>OTTAWA.-<\/strong> <\/em>El nuevo modelo nacional de salud p\u00fablica, publicado este viernes, reconoce el progreso que Canad\u00e1 ha logrado para vacunar a poblaciones mayores y m\u00e1s vulnerables, pero una vez m\u00e1s enfatiza las variantes del virus de amenaza, como la variante B.1.1.7, que brindan a los canadienses que a\u00fan no lo est\u00e1n. listo para la vacunaci\u00f3n.<\/p>\n<p>La Dra. Theresa Tam, la m\u00e9dica m\u00e1s importante de Canad\u00e1, dijo que el posible aumento de la gravedad de esta variante se refleja en los nuevos datos. Muestra que el n\u00famero de casos ha disminuido en los canadienses de 80 a\u00f1os o m\u00e1s, pero est\u00e1 aumentando entre los de 20 a 39 a\u00f1os.<\/p>\n<p>\u201cLa noticia no tan buena es que la circulaci\u00f3n de COVID-19 entre adultos m\u00e1s j\u00f3venes, m\u00e1s m\u00f3viles y socialmente conectados, presenta un riesgo continuo de propagaci\u00f3n a poblaciones y entornos de alto riesgo, y transmisi\u00f3n continua en la comunidad\u201d, dijo el Dr. Theresa Tam, la mejor doctora de Canad\u00e1.<\/p>\n<p>&#8220;Es importante recordar que, aunque las enfermedades graves son menos comunes en los grupos de edad m\u00e1s j\u00f3venes, las enfermedades graves o prolongadas pueden ocurrir a cualquier edad, y existen preocupaciones emergentes sobre el aumento de la gravedad de la variante B.1.1.7 en adultos&#8221;.<\/p>\n<p>La evidencia de que la variante B.1.1.7 es m\u00e1s letal contin\u00faa creciendo. Una nueva investigaci\u00f3n vincula la variante, descubierta por primera vez en el Reino Unido, con un mayor riesgo de hospitalizaci\u00f3n y muerte.<\/p>\n<p>Un estudio, publicado por la revista Nature, sugiere que la cepa es, en promedio, un 55% m\u00e1s letal que las versiones anteriores del virus. Ya hab\u00eda evidencia de que la variante es m\u00e1s contagiosa. Dependiendo de c\u00f3mo se mida, puede ser entre un 40 y un 70 por ciento m\u00e1s transmisible que la cepa original.<\/p>\n<p>Hasta la fecha, se han reportado m\u00e1s de 7.100 casos de variantes preocupantes (COV) en todo Canad\u00e1. Constituyen una &#8220;alta proporci\u00f3n de los nuevos casos notificados, la provincia m\u00e1s afectada&#8221;, dijo Tam.<\/p>\n<p><em><strong>La variante B.1.1.7 ahora representa m\u00e1s del 90 por ciento de esos casos.<\/strong><\/em><\/p>\n<p>En Ontario, por ejemplo, muchos de los casos activos actuales de la provincia son m\u00e1s altos entre las personas de 20 a 29 a\u00f1os. Se cree que hay variantes detr\u00e1s de gran parte de ese crecimiento. En Columbia Brit\u00e1nica y Saskatchewan, los funcionarios de salud p\u00fablica de ambas provincias advirtieron que las variantes parecen estar afectando a los j\u00f3venes y que, por lo dem\u00e1s, los j\u00f3venes sanos terminan en el hospital.<\/p>\n<p>Los patrones cambiantes se enfrentan a un esfuerzo de vacunaci\u00f3n que arde lentamente, hasta ahora solo se centr\u00f3 en las personas mayores o, en algunos casos, en las personas de entre 60 y 65 a\u00f1os.<\/p>\n<p>Es una &#8220;carrera muy re\u00f1ida&#8221; entre vacunas y variantes en Canad\u00e1, dijo Tam.<\/p>\n<p>Anot\u00f3 que se necesitan medidas m\u00e1s estrictas para controlar la propagaci\u00f3n de estas variantes, en particular porque la campa\u00f1a de vacunaci\u00f3n de Canad\u00e1 est\u00e1 a punto de dar un paso m\u00e1s r\u00e1pido, con un aumento de las entregas de vacunas.<\/p>\n<p>&#8220;Hemos estado diciendo todo el tiempo que si aliviamos las medidas demasiado pronto, antes de que se vacunen suficientes personas, la epidemia resurgir\u00e1 a\u00fan m\u00e1s fuerte&#8221;, dijo.<\/p>\n<p>\u201cCon la circulaci\u00f3n cada vez mayor de variantes altamente contagiosas, la amenaza de un crecimiento epid\u00e9mico descontrolado es significativamente mayor. Es por eso que las medidas deben ser m\u00e1s fuertes, m\u00e1s estrictas y sostenidas el tiempo suficiente para suprimir el r\u00e1pido crecimiento epid\u00e9mico de las variantes de inter\u00e9s &#8220;.<\/p>\n<p>El panorama sombr\u00edo se produce cuando Canad\u00e1 alcanza un hito positivo en su campa\u00f1a de vacunaci\u00f3n COVID-19, con m\u00e1s del 11 por ciento de los canadienses adultos elegibles que han recibido al menos una dosis de una vacuna.<\/p>\n<p>Eso incluye al 60 por ciento de las personas mayores de 80 a\u00f1os y al 19 por ciento de las que tienen entre 70 y 79 a\u00f1os.<\/p>\n<p>Los m\u00e9dicos elogiaron el progreso, pero enfatizaron que esas cifras a\u00fan no son suficientes para detener la propagaci\u00f3n del virus, particularmente a medida que aumentan los casos de variantes.<\/p>\n<p>Hasta el momento, se han entregado seis millones de dosis a las provincias y territorios, seg\u00fan un recuento federal.<\/p>\n<p>Mientras tanto, la tasa general de infecci\u00f3n de Canad\u00e1 desde que comenz\u00f3 la pandemia hace un a\u00f1o se acerca al mill\u00f3n. Hasta la fecha, el virus ha matado a 22.700 personas en todo el pa\u00eds.<\/p>\n<p>&nbsp;<\/p>\n<h4><em><strong>El precio del carbono de Canad\u00e1 aumentar\u00e1 el 1 de abril<\/strong><\/em><\/h4>\n<p><img loading=\"lazy\" decoding=\"async\" class=\"alignnone size-custom-full-size wp-image-496821\" src=\"https:\/\/diarioelpopular.com\/wp-content\/uploads\/2021\/03\/im-315584-636x636.jpg\" alt=\"\" width=\"636\" height=\"636\" srcset=\"https:\/\/diarioelpopular.com\/wp-content\/uploads\/2021\/03\/im-315584-636x636.jpg 636w, https:\/\/diarioelpopular.com\/wp-content\/uploads\/2021\/03\/im-315584-150x150.jpg 150w, https:\/\/diarioelpopular.com\/wp-content\/uploads\/2021\/03\/im-315584-300x300.jpg 300w, https:\/\/diarioelpopular.com\/wp-content\/uploads\/2021\/03\/im-315584-768x768.jpg 768w, https:\/\/diarioelpopular.com\/wp-content\/uploads\/2021\/03\/im-315584-1200x1200.jpg 1200w, https:\/\/diarioelpopular.com\/wp-content\/uploads\/2021\/03\/im-315584-73x73.jpg 73w, https:\/\/diarioelpopular.com\/wp-content\/uploads\/2021\/03\/im-315584.jpg 1024w\" sizes=\"auto, (max-width: 636px) 100vw, 636px\" \/><\/p>\n<p><em><strong>OTTAWA.-<\/strong> <\/em>El aumento de precio es parte de un plan m\u00e1s amplio del gobierno federal para aumentar el precio en $ 10 por tonelada cada a\u00f1o hasta que alcance los $ 50 por tonelada en 2022.<\/p>\n<p>&#8220;El gobierno federal en su plan clim\u00e1tico de diciembre fue muy claro&#8221;, dijo el ministro de Medio Ambiente, Jonathan Wilkinson, durante una conferencia de prensa.<\/p>\n<p>El plan, que fue presentado por el gobierno de Trudeau en 2018, estableci\u00f3 un marco nacional para fijar el precio del carbono que se aplicar\u00eda tanto a los consumidores habituales como a los emisores industriales.<\/p>\n<p>Siguiendo ese plan, el nivel actual de $ 30 por tonelada de emisiones industriales de gases de efecto invernadero se elevar\u00e1 a $ 40 por tonelada a partir de abril.<\/p>\n<p>El aumento de precio se traduce en 8.8 centavos adicionales por litro de gasolina para el consumidor habitual, seg\u00fan la Agencia de Ingresos de Canad\u00e1.<\/p>\n<p>Despu\u00e9s de que el precio del carbono alcance los $ 50 por tonelada en 2022, comenzar\u00e1 a aumentar en $ 15 por a\u00f1o hasta alcanzar un m\u00e1ximo de $ 170 por tonelada de contaminaci\u00f3n por carbono en 2030, seg\u00fan la propuesta del gobierno federal.<\/p>\n<p>Para 2030, eso se traducir\u00eda aproximadamente en un aumento de 39,6 centavos por litro de gasolina, en comparaci\u00f3n con lo que pagaban los canadienses antes de que se aplicara el impuesto.<\/p>\n<p>Este jueves temprano, la Corte Suprema de Canad\u00e1 dio al gobierno federal el visto bueno constitucional para imponer un precio al carbono en las provincias.<\/p>\n<p>La decisi\u00f3n se produce despu\u00e9s de a\u00f1os de negociaciones entre algunas provincias y el gobierno federal sobre la Ley de fijaci\u00f3n de precios por contaminaci\u00f3n de gases de efecto invernadero (GGPPA).<\/p>\n<p>La ley apunta a un conjunto m\u00ednimo de est\u00e1ndares para fijar el precio del carbono, dejando a las provincias con la opci\u00f3n de establecer sus propias pol\u00edticas m\u00e1s all\u00e1 de ese umbral inicial.<\/p>\n<p>Sin embargo, si esas pol\u00edticas provinciales no cumplen con los est\u00e1ndares establecidos en la ley federal, Ottawa puede imponer su impuesto federal al carbono en la provincia.<\/p>\n<p>Las medidas, en general, apuntan a reducir las emisiones de carbono en un 32 por ciento para 2030, lo que supera moderadamente los objetivos de Par\u00eds para 2030 de reducir las emisiones en un 30 por ciento de los niveles de 2005 para 2030.<\/p>\n<p>Si bien muchas provincias no acogieron con agrado la decisi\u00f3n, Wilkinson calific\u00f3 el fallo como &#8220;una victoria para los millones de canadienses que creen que debemos construir una econom\u00eda pr\u00f3spera que luche contra el cambio clim\u00e1tico&#8221;.<\/p>\n<p>El primer ministro de Alberta, Jason Kenney, por otro lado, expres\u00f3 su decepci\u00f3n por el fallo judicial.<\/p>\n<p>&#8220;Obviamente estamos decepcionados con esa decisi\u00f3n&#8221;, dijo durante una conferencia de prensa el jueves, y agreg\u00f3 que &#8220;nos tomaremos un tiempo para estudiar esa decisi\u00f3n en detalle&#8221;.<\/p>\n","protected":false},"excerpt":{"rendered":"<p>Actualizado viernes 26 de marzo de 2021 11:16 a.m. &#8211; Si bien Canad\u00e1 ha experimentado una disminuci\u00f3n dram\u00e1tica de COVID-19 entre las personas mayores, las&hellip;<\/p>\n","protected":false},"author":99,"featured_media":496822,"comment_status":"open","ping_status":"open","sticky":false,"template":"","format":"standard","meta":{"footnotes":""},"categories":[21,11191],"tags":[],"class_list":["post-496820","post","type-post","status-publish","format-standard","has-post-thumbnail","hentry","category-canada","category-top-news"],"_links":{"self":[{"href":"https:\/\/diarioelpopular.com\/index.php\/wp-json\/wp\/v2\/posts\/496820","targetHints":{"allow":["GET"]}}],"collection":[{"href":"https:\/\/diarioelpopular.com\/index.php\/wp-json\/wp\/v2\/posts"}],"about":[{"href":"https:\/\/diarioelpopular.com\/index.php\/wp-json\/wp\/v2\/types\/post"}],"author":[{"embeddable":true,"href":"https:\/\/diarioelpopular.com\/index.php\/wp-json\/wp\/v2\/users\/99"}],"replies":[{"embeddable":true,"href":"https:\/\/diarioelpopular.com\/index.php\/wp-json\/wp\/v2\/comments?post=496820"}],"version-history":[{"count":1,"href":"https:\/\/diarioelpopular.com\/index.php\/wp-json\/wp\/v2\/posts\/496820\/revisions"}],"predecessor-version":[{"id":496823,"href":"https:\/\/diarioelpopular.com\/index.php\/wp-json\/wp\/v2\/posts\/496820\/revisions\/496823"}],"wp:featuredmedia":[{"embeddable":true,"href":"https:\/\/diarioelpopular.com\/index.php\/wp-json\/wp\/v2\/media\/496822"}],"wp:attachment":[{"href":"https:\/\/diarioelpopular.com\/index.php\/wp-json\/wp\/v2\/media?parent=496820"}],"wp:term":[{"taxonomy":"category","embeddable":true,"href":"https:\/\/diarioelpopular.com\/index.php\/wp-json\/wp\/v2\/categories?post=496820"},{"taxonomy":"post_tag","embeddable":true,"href":"https:\/\/diarioelpopular.com\/index.php\/wp-json\/wp\/v2\/tags?post=496820"}],"curies":[{"name":"wp","href":"https:\/\/api.w.org\/{rel}","templated":true}]}}