{"id":496827,"date":"2021-03-26T11:41:12","date_gmt":"2021-03-26T15:41:12","guid":{"rendered":"https:\/\/diarioelpopular.com\/?p=496827"},"modified":"2021-03-26T11:41:12","modified_gmt":"2021-03-26T15:41:12","slug":"argentina-suspende-vuelos-provenientes-de-brasil-mexico-y-chile-para-protegerse-de-nuevas-variantes-de-covid-19","status":"publish","type":"post","link":"https:\/\/diarioelpopular.com\/index.php\/2021\/03\/26\/argentina-suspende-vuelos-provenientes-de-brasil-mexico-y-chile-para-protegerse-de-nuevas-variantes-de-covid-19\/","title":{"rendered":"Argentina suspende vuelos provenientes de Brasil, M\u00e9xico y Chile para protegerse de nuevas variantes de covid-19"},"content":{"rendered":"<div id=\"attachment_496828\" style=\"width: 646px\" class=\"wp-caption alignnone\"><img loading=\"lazy\" decoding=\"async\" aria-describedby=\"caption-attachment-496828\" class=\"size-custom-full-size wp-image-496828\" src=\"https:\/\/diarioelpopular.com\/wp-content\/uploads\/2021\/03\/cierran_vuelos-636x358.jpg\" alt=\"\" width=\"636\" height=\"358\" srcset=\"https:\/\/diarioelpopular.com\/wp-content\/uploads\/2021\/03\/cierran_vuelos-636x358.jpg 636w, https:\/\/diarioelpopular.com\/wp-content\/uploads\/2021\/03\/cierran_vuelos-300x169.jpg 300w, https:\/\/diarioelpopular.com\/wp-content\/uploads\/2021\/03\/cierran_vuelos-130x73.jpg 130w, https:\/\/diarioelpopular.com\/wp-content\/uploads\/2021\/03\/cierran_vuelos.jpg 700w\" sizes=\"auto, (max-width: 636px) 100vw, 636px\" \/><p id=\"caption-attachment-496828\" class=\"wp-caption-text\"><em>Argentina suspende vuelos provenientes de Brasil, M\u00e9xico y Chile para protegerse de nuevas variantes de covid-19.<\/em><\/p><\/div>\n<h4><em><strong>La medida entrar\u00e1 en vigor a partir de este s\u00e1bado 27 de marzo, seg\u00fan inform\u00f3 Santiago Cafiero, jefe del Gabinete de Ministros de la Naci\u00f3n<\/strong><\/em><\/h4>\n<p>Argentina anunci\u00f3 la suspensi\u00f3n de los vuelos procedentes de Brasil, M\u00e9xico y Chile, como una medida para protegerse de las nuevas variantes de covid-19.<\/p>\n<p>Santiago Cafiero, jefe del Gabinete de Ministros de la Naci\u00f3n, inform\u00f3 que el Gobierno argentino tom\u00f3 la determinaci\u00f3n de continuar con la suspensi\u00f3n de los vuelos provenientes de Reino Unido, as\u00ed como sumar a M\u00e9xico, Brasil y Chile a la lista de restricciones por v\u00eda a\u00e9rea.<\/p>\n<p>Esta medida, que entrar\u00e1 en vigor a partir de este s\u00e1bado 27 de marzo, ayudar\u00e1 a las autoridades a hacer &#8220;m\u00e1s riguroso el control de frontera&#8221;, seg\u00fan explic\u00f3 Cafiero en entrevista con la cadena C5N.<\/p>\n<p><em>&#8220;La Argentina est\u00e1 todav\u00eda con un n\u00famero de casos elevado y vemos tambi\u00e9n que la regi\u00f3n, pa\u00edses vecinos est\u00e1n con una circulaci\u00f3n comunitaria y sostenida de estas nuevas cepas que son bastante m\u00e1s contagiosas y letales&#8221;<\/em>, declar\u00f3 el funcionario.<\/p>\n<p><em><strong>Nuevas medidas<\/strong><\/em><\/p>\n<p>Adem\u00e1s, el Gobierno argentino obligar\u00e1 a los pasajeros que arriben al territorio a realizarse una prueba de diagn\u00f3stico del covid-19.<\/p>\n<p>&#8220;Si el caso es positivo, la autoridad nacional va a determinar en d\u00f3nde se prosigue con el aislamiento&#8221;, aclar\u00f3 Cafiero sobre las nuevas medidas sanitarias implementadas por la naci\u00f3n, que contemplan adem\u00e1s realizar una prueba gen\u00f3mica a los pacientes infectados con el virus SARS-CoV-2.<\/p>\n<p>En el caso de las personas que den negativo a la prueba de PCR, deber\u00e1n someterse en aislamiento por 10 d\u00edas en un domicilio comprobado.<\/p>\n<p>En las \u00faltimas 24 horas, Argentina notific\u00f3 8,238 nuevos contagios de covid-19 y 146 decesos por esta enfermedad. Desde el inicio de la pandemia, la naci\u00f3n acumula 2,2 millones de casos positivos y 55,092 v\u00edctimas fatales, seg\u00fan inform\u00f3 este jueves el Ministerio de Salud.<\/p>\n","protected":false},"excerpt":{"rendered":"<p>La medida entrar\u00e1 en vigor a partir de este s\u00e1bado 27 de marzo, seg\u00fan inform\u00f3 Santiago Cafiero, jefe del Gabinete de Ministros de la Naci\u00f3n&hellip;<\/p>\n","protected":false},"author":99,"featured_media":496828,"comment_status":"open","ping_status":"open","sticky":false,"template":"","format":"standard","meta":{"footnotes":""},"categories":[23],"tags":[],"class_list":["post-496827","post","type-post","status-publish","format-standard","has-post-thumbnail","hentry","category-latinoamerica"],"_links":{"self":[{"href":"https:\/\/diarioelpopular.com\/index.php\/wp-json\/wp\/v2\/posts\/496827","targetHints":{"allow":["GET"]}}],"collection":[{"href":"https:\/\/diarioelpopular.com\/index.php\/wp-json\/wp\/v2\/posts"}],"about":[{"href":"https:\/\/diarioelpopular.com\/index.php\/wp-json\/wp\/v2\/types\/post"}],"author":[{"embeddable":true,"href":"https:\/\/diarioelpopular.com\/index.php\/wp-json\/wp\/v2\/users\/99"}],"replies":[{"embeddable":true,"href":"https:\/\/diarioelpopular.com\/index.php\/wp-json\/wp\/v2\/comments?post=496827"}],"version-history":[{"count":1,"href":"https:\/\/diarioelpopular.com\/index.php\/wp-json\/wp\/v2\/posts\/496827\/revisions"}],"predecessor-version":[{"id":496829,"href":"https:\/\/diarioelpopular.com\/index.php\/wp-json\/wp\/v2\/posts\/496827\/revisions\/496829"}],"wp:featuredmedia":[{"embeddable":true,"href":"https:\/\/diarioelpopular.com\/index.php\/wp-json\/wp\/v2\/media\/496828"}],"wp:attachment":[{"href":"https:\/\/diarioelpopular.com\/index.php\/wp-json\/wp\/v2\/media?parent=496827"}],"wp:term":[{"taxonomy":"category","embeddable":true,"href":"https:\/\/diarioelpopular.com\/index.php\/wp-json\/wp\/v2\/categories?post=496827"},{"taxonomy":"post_tag","embeddable":true,"href":"https:\/\/diarioelpopular.com\/index.php\/wp-json\/wp\/v2\/tags?post=496827"}],"curies":[{"name":"wp","href":"https:\/\/api.w.org\/{rel}","templated":true}]}}