{"id":496830,"date":"2021-03-26T11:44:11","date_gmt":"2021-03-26T15:44:11","guid":{"rendered":"https:\/\/diarioelpopular.com\/?p=496830"},"modified":"2021-03-26T11:44:11","modified_gmt":"2021-03-26T15:44:11","slug":"chile-pone-en-cuarentena-a-mas-del-80-de-la-poblacion-por-incontrolable-aumento-de-casos-de-coronavirus","status":"publish","type":"post","link":"https:\/\/diarioelpopular.com\/index.php\/2021\/03\/26\/chile-pone-en-cuarentena-a-mas-del-80-de-la-poblacion-por-incontrolable-aumento-de-casos-de-coronavirus\/","title":{"rendered":"Chile pone en cuarentena a m\u00e1s del 80 % de la poblaci\u00f3n por incontrolable aumento de casos de coronavirus"},"content":{"rendered":"<div id=\"attachment_496831\" style=\"width: 646px\" class=\"wp-caption alignnone\"><img loading=\"lazy\" decoding=\"async\" aria-describedby=\"caption-attachment-496831\" class=\"size-custom-full-size wp-image-496831\" src=\"https:\/\/diarioelpopular.com\/wp-content\/uploads\/2021\/03\/Custodiando-636x424.jpg\" alt=\"\" width=\"636\" height=\"424\" srcset=\"https:\/\/diarioelpopular.com\/wp-content\/uploads\/2021\/03\/Custodiando-636x424.jpg 636w, https:\/\/diarioelpopular.com\/wp-content\/uploads\/2021\/03\/Custodiando-300x200.jpg 300w, https:\/\/diarioelpopular.com\/wp-content\/uploads\/2021\/03\/Custodiando-109x73.jpg 109w, https:\/\/diarioelpopular.com\/wp-content\/uploads\/2021\/03\/Custodiando.jpg 700w\" sizes=\"auto, (max-width: 636px) 100vw, 636px\" \/><p id=\"caption-attachment-496831\" class=\"wp-caption-text\"><em>Estrictas medidas en Chile<\/em><\/p><\/div>\n<h4><em><strong>Los fines de semana m\u00e1s del 90% de los chilenos deber\u00e1 encerrarse en sus hogares por restricciones adicionales<\/strong><\/em><\/h4>\n<p><em><strong>SANTIAGO DE CHILE, 26 MAR.-<\/strong> <\/em>El gran aumento de casos de COVID-19 en Chile ha provocado que las autoridades de ese pa\u00eds decidiera volver a poner a m\u00e1s del 80 % de la poblaci\u00f3n -por encima de los 14 millones de personas- en confinamiento desde este s\u00e1bado.<\/p>\n<p>El fuerte aumento de los contagios tiene en jaque al sistema sanitario, pese a una impresionante campa\u00f1a de vacunaci\u00f3n.<\/p>\n<p>El porcentaje de poblaci\u00f3n confinada, que hasta este jueves era del 74 %, aumentar\u00e1 as\u00ed hasta m\u00e1s del 80 % con el confinamiento de 31 barrios m\u00e1s en todo el pa\u00eds, 14 de ellos en Santiago, en los que estar\u00e1n cerrados todos los comercios que no sean de primera necesidad y los restaurantes.<\/p>\n<p>En las \u00faltimas 24 horas, se sumaron 122 fallecimientos y 7.023 contagios, superando la barrera de los 7.000 por segunda vez desde el m\u00e1ximo hist\u00f3rico del pasado s\u00e1bado, lo que deja el balance total de la pandemia en 954.762 casos y 22.524 muertes por SARS-CoV-2.<\/p>\n<p>Las autoridades sanitarias tambi\u00e9n confirmaron la presencia de \u201c45 casos de la variante brasile\u00f1a\u201d adem\u00e1s de \u201c64 casos de la variante brit\u00e1nica\u201d, por lo cual desaconsejaron los viajes y hacer turismo.<\/p>\n<p>Entre las nuevas restricciones indicaron que aquellos pasajeros provenientes de Brasil deber\u00e1n, a partir de este mismo jueves, alojarse tres d\u00edas obligatoriamente en un hotel sanitario y otros 7 d\u00edas en su residencia.<\/p>\n<p>Adem\u00e1s, desde el 31 de marzo toda persona que ingrese al pa\u00eds desde el extranjero tiene que estar cinco d\u00edas en un hotel sanitario pagado por el viajero, con excepci\u00f3n de aquellos que iniciaron el viaje antes del 27 de marzo.<\/p>\n<p><em>\u201cEste no es el tiempo para el viaje, no es el momento para el turismo\u201d<\/em>, dijo Jaime Bellolio, vocero de Gobierno que particip\u00f3 de la rueda de prensa con el ministerio de Salud.<\/p>\n<p>Durante la jornada, se reportaron 7.023 nuevos casos y 122 fallecidos, para un total de 954.762 contagiados y 22.524 decesos confirmados desde el inicio de la pandemia.<\/p>\n<p>Tras un 36% de aumento de los contagios en las dos \u00faltimas semanas, gran parte de este pa\u00eds de 19 millones de habitantes volvi\u00f3 a las cuarentenas estrictas. En 2020, Chile tuvo uno de los confinamientos m\u00e1s prolongados del mundo con toque queda nocturno.<\/p>\n<p><em>\u201cTodo esto es por la irresponsabilidad de la misma gente\u201d<\/em>, se queja V\u00edctor Opazo, de 67 a\u00f1os, en el centro de Santiago. <em>\u201cLa gente se fue a la playa y se olvid\u00f3 del mundo y ahora se est\u00e1n pagando las consecuencias\u201d<\/em>, dice, lamentando la relajaci\u00f3n de la poblaci\u00f3n durante el verano austral.<\/p>\n<p>Las medidas incluyen tambi\u00e9n el cierre de supermercados durante el fin de semana.<\/p>\n<p>El s\u00e1bado y el domingo m\u00e1s del 90% de Chile deber\u00e1 encerrarse en sus hogares ya que adem\u00e1s de la Regi\u00f3n Metropolitana, que alberga la capital y donde viven m\u00e1s de 7 millones de personas, hay otras regiones del pa\u00eds que desde la segunda semana de marzo est\u00e1n con cuarentenas obligatorias los fines de semana.<\/p>\n<p>Este retroceso se produce en un momento en que la campa\u00f1a de vacunaci\u00f3n masiva, que empez\u00f3 el 3 de febrero, anota un r\u00e9cord de m\u00e1s de 6 millones de personas que han recibido al menos una dosis de la vacuna del laboratorio chino Sinovac o del estadounidense Pfizer.<\/p>\n<p>Suman m\u00e1s de 3 millones las personas que completaron su inmunizaci\u00f3n, entre ellos los mayores de 70 a\u00f1os.<\/p>\n<p>Pero la segunda ola, que comenz\u00f3 en diciembre con la llegada del verano, se agrav\u00f3 despu\u00e9s de febrero, el de mayor movilidad por vacaciones, y en los \u00faltimos d\u00edas se han alcanzado m\u00e1ximos hist\u00f3ricos en las cifras de casos nuevos diarios.<\/p>\n<p>La ocupaci\u00f3n nacional de camas en unidades de cuidados intensivos lleg\u00f3 al 95 %, su nivel m\u00e1s alto hasta la fecha y con varias regiones colapsadas, seg\u00fan un informe de la Universidad de Chile, la Universidad Cat\u00f3lica y la Universidad de Concepci\u00f3n.<\/p>\n","protected":false},"excerpt":{"rendered":"<p>Los fines de semana m\u00e1s del 90% de los chilenos deber\u00e1 encerrarse en sus hogares por restricciones adicionales SANTIAGO DE CHILE, 26 MAR.- El gran&hellip;<\/p>\n","protected":false},"author":99,"featured_media":496831,"comment_status":"open","ping_status":"open","sticky":false,"template":"","format":"standard","meta":{"footnotes":""},"categories":[23],"tags":[],"class_list":["post-496830","post","type-post","status-publish","format-standard","has-post-thumbnail","hentry","category-latinoamerica"],"_links":{"self":[{"href":"https:\/\/diarioelpopular.com\/index.php\/wp-json\/wp\/v2\/posts\/496830","targetHints":{"allow":["GET"]}}],"collection":[{"href":"https:\/\/diarioelpopular.com\/index.php\/wp-json\/wp\/v2\/posts"}],"about":[{"href":"https:\/\/diarioelpopular.com\/index.php\/wp-json\/wp\/v2\/types\/post"}],"author":[{"embeddable":true,"href":"https:\/\/diarioelpopular.com\/index.php\/wp-json\/wp\/v2\/users\/99"}],"replies":[{"embeddable":true,"href":"https:\/\/diarioelpopular.com\/index.php\/wp-json\/wp\/v2\/comments?post=496830"}],"version-history":[{"count":1,"href":"https:\/\/diarioelpopular.com\/index.php\/wp-json\/wp\/v2\/posts\/496830\/revisions"}],"predecessor-version":[{"id":496832,"href":"https:\/\/diarioelpopular.com\/index.php\/wp-json\/wp\/v2\/posts\/496830\/revisions\/496832"}],"wp:featuredmedia":[{"embeddable":true,"href":"https:\/\/diarioelpopular.com\/index.php\/wp-json\/wp\/v2\/media\/496831"}],"wp:attachment":[{"href":"https:\/\/diarioelpopular.com\/index.php\/wp-json\/wp\/v2\/media?parent=496830"}],"wp:term":[{"taxonomy":"category","embeddable":true,"href":"https:\/\/diarioelpopular.com\/index.php\/wp-json\/wp\/v2\/categories?post=496830"},{"taxonomy":"post_tag","embeddable":true,"href":"https:\/\/diarioelpopular.com\/index.php\/wp-json\/wp\/v2\/tags?post=496830"}],"curies":[{"name":"wp","href":"https:\/\/api.w.org\/{rel}","templated":true}]}}