{"id":496845,"date":"2021-03-27T12:50:55","date_gmt":"2021-03-27T16:50:55","guid":{"rendered":"https:\/\/diarioelpopular.com\/?p=496845"},"modified":"2021-03-27T12:50:55","modified_gmt":"2021-03-27T16:50:55","slug":"bolivia-rechazan-recurso-de-jeanine-anez","status":"publish","type":"post","link":"https:\/\/diarioelpopular.com\/index.php\/2021\/03\/27\/bolivia-rechazan-recurso-de-jeanine-anez\/","title":{"rendered":"Bolivia: Rechazan recurso de Jeanine A\u00f1ez"},"content":{"rendered":"<div id=\"attachment_496846\" style=\"width: 160px\" class=\"wp-caption alignnone\"><img loading=\"lazy\" decoding=\"async\" aria-describedby=\"caption-attachment-496846\" class=\"size-thumbnail wp-image-496846\" src=\"https:\/\/diarioelpopular.com\/wp-content\/uploads\/2021\/03\/c6968dd61abd0355b5efddda4d9706fb-150x150.jpg\" alt=\"\" width=\"150\" height=\"150\" \/><p id=\"caption-attachment-496846\" class=\"wp-caption-text\"><em>Ciudadanos participan en una marcha contra la expresidenta interina de Bolivia, Jeanine A\u00f1ez, en Santa Cruz.<\/em><br \/><em>(foto: EPA)<\/em><\/p><\/div>\n<p><em><strong>LA PAZ, 27 MAR &#8211;<\/strong> <\/em>Un tribunal penal departamental de La Paz rechaz\u00f3 un recurso de la expresidenta boliviana interina Jeanine A\u00f1ez ,y de dos exmiembros de su gobierno, contra la encarcelaci\u00f3n preventiva dispuesta por un juez instructor en el marco de las investigaciones en curso por un presunto golpe de Estado en 2019 en perjuicio del entonces presidente Evo Morales.<br \/>\nLos abogados, refiere el portal de noticias Erbol, hab\u00edan sostenido en la instancia de que la orden de arresto carec\u00eda fuertemente de fundamento jur\u00eddico y no ilustraba siquiera en un modo satisfactorio lo acaecido.<br \/>\nPor su parte la Fiscal\u00eda, el ministerio del Interior y el abogado de la denunciante, la exdiputada Lidia Patty, aseguraron el respeto al c\u00f3digo de procedimiento penal.<br \/>\nEscuchadas las partes, el juez C\u00e9sar Portocarrero acogi\u00f3 la tesis de la parte acusadora y rechaz\u00f3 los argumentos de la defensa, declar\u00e1ndolos &#8220;inadmisibles&#8221; y confirmando la encarcelaci\u00f3n preventiva de seis meses.<br \/>\nEl caso de A\u00f1ez fue centro de tensiones entre los gobiernos de Chile y Bolivia, luego de una entrevista emitida este viernes del presidente chileno, Sebasti\u00e1n Pi\u00f1era, a la TV CNN en lengua espa\u00f1ola. Aludiendo a lo sucedido con A\u00f1ez, declar\u00f3, entre otras cosas, que: &#8220;no puede ser que la justicia est\u00e9 subordinada al poder de turno. En una democracia aut\u00e9ntica existe separaci\u00f3n e independencia de los poderes&#8221;.<br \/>\nLa respuesta de La Paz lleg\u00f3 con un comunicado de la Canciller\u00eda en el que se manifiesta &#8220;maravilla y desconcierto por las declaraciones dadas por el presidente de Chile&#8221;.<br \/>\nDespu\u00e9s de haber asegurado que Bolivia respeta todos los derechos y las garant\u00edas previstas en su Constituci\u00f3n y los tratados internacionales sobre derechos humanos, se pide a Chile respetar la libre determinaci\u00f3n de los pueblos y el principio de no injerencia en los asuntos internos de los pa\u00edses.<\/p>\n","protected":false},"excerpt":{"rendered":"<p>LA PAZ, 27 MAR &#8211; Un tribunal penal departamental de La Paz rechaz\u00f3 un recurso de la expresidenta boliviana interina Jeanine A\u00f1ez ,y de dos&hellip;<\/p>\n","protected":false},"author":99,"featured_media":496846,"comment_status":"open","ping_status":"open","sticky":false,"template":"","format":"standard","meta":{"footnotes":""},"categories":[23],"tags":[],"class_list":["post-496845","post","type-post","status-publish","format-standard","has-post-thumbnail","hentry","category-latinoamerica"],"_links":{"self":[{"href":"https:\/\/diarioelpopular.com\/index.php\/wp-json\/wp\/v2\/posts\/496845","targetHints":{"allow":["GET"]}}],"collection":[{"href":"https:\/\/diarioelpopular.com\/index.php\/wp-json\/wp\/v2\/posts"}],"about":[{"href":"https:\/\/diarioelpopular.com\/index.php\/wp-json\/wp\/v2\/types\/post"}],"author":[{"embeddable":true,"href":"https:\/\/diarioelpopular.com\/index.php\/wp-json\/wp\/v2\/users\/99"}],"replies":[{"embeddable":true,"href":"https:\/\/diarioelpopular.com\/index.php\/wp-json\/wp\/v2\/comments?post=496845"}],"version-history":[{"count":1,"href":"https:\/\/diarioelpopular.com\/index.php\/wp-json\/wp\/v2\/posts\/496845\/revisions"}],"predecessor-version":[{"id":496847,"href":"https:\/\/diarioelpopular.com\/index.php\/wp-json\/wp\/v2\/posts\/496845\/revisions\/496847"}],"wp:featuredmedia":[{"embeddable":true,"href":"https:\/\/diarioelpopular.com\/index.php\/wp-json\/wp\/v2\/media\/496846"}],"wp:attachment":[{"href":"https:\/\/diarioelpopular.com\/index.php\/wp-json\/wp\/v2\/media?parent=496845"}],"wp:term":[{"taxonomy":"category","embeddable":true,"href":"https:\/\/diarioelpopular.com\/index.php\/wp-json\/wp\/v2\/categories?post=496845"},{"taxonomy":"post_tag","embeddable":true,"href":"https:\/\/diarioelpopular.com\/index.php\/wp-json\/wp\/v2\/tags?post=496845"}],"curies":[{"name":"wp","href":"https:\/\/api.w.org\/{rel}","templated":true}]}}