{"id":496848,"date":"2021-03-27T12:52:52","date_gmt":"2021-03-27T16:52:52","guid":{"rendered":"https:\/\/diarioelpopular.com\/?p=496848"},"modified":"2021-03-27T12:52:52","modified_gmt":"2021-03-27T16:52:52","slug":"record-de-contagios-y-casos-en-chile","status":"publish","type":"post","link":"https:\/\/diarioelpopular.com\/index.php\/2021\/03\/27\/record-de-contagios-y-casos-en-chile\/","title":{"rendered":"Record de contagios y casos en Chile"},"content":{"rendered":"<div id=\"attachment_496849\" style=\"width: 160px\" class=\"wp-caption alignnone\"><img loading=\"lazy\" decoding=\"async\" aria-describedby=\"caption-attachment-496849\" class=\"size-thumbnail wp-image-496849\" src=\"https:\/\/diarioelpopular.com\/wp-content\/uploads\/2021\/03\/2df7e2e83bcd133c3032f862c9b6a7b4-150x150.jpg\" alt=\"\" width=\"150\" height=\"150\" \/><p id=\"caption-attachment-496849\" class=\"wp-caption-text\"><em>Transe\u00fantes frente a La Moneda antes del comienzo del per\u00edodo de cuarentena.<\/em><br \/><em>(foto: EPA)<\/em><\/p><\/div>\n<p><em><strong>SANTIAGO DE CHILE, 27 MAR &#8211;<\/strong><\/em> Chile registr\u00f3 este viernes un nuevo r\u00e9cord de contagios y casos activos, a 24 horas del inicio de la cuarentena que afectar\u00e1 este fin de semana a m\u00e1s del 90% del pa\u00eds, y donde no habr\u00e1 permisos individuales.<br \/>\nLos contagios en las \u00faltimas 24 horas sumaron 7.626 casos, la cifra m\u00e1s alta de toda la pandemia. El r\u00e9cord anterior se hab\u00eda anotado el 20 de marzo con 7.084 pacientes. Anterior a eso, el mayor pico se hab\u00eda alcanzado el 14 de junio del 2020, d\u00eda en que se registraron 6.938 contagios.<br \/>\nTambi\u00e9n por primera vez se superaron los 40.000 casos activos al reportarse 41.151 infectados, acerc\u00e1ndose Chile al mill\u00f3n de contagiados desde el inicio de la pandemia al sumar hoy 962.321.<br \/>\nEl r\u00e9cord de casos activos se hab\u00eda producido durante la primera ola, el 21 de junio de 2020 cuando se reportaron 37.307 contagios activos.<br \/>\nEl Departamento de Informaci\u00f3n y Estad\u00edsticas del Minsal confirm\u00f3 63 decesos, con lo que el n\u00famero total de v\u00edctimas por causas asociadas al coronavirus asciende a 22.587.<br \/>\nEl balance de hoy arroj\u00f3, en comparaci\u00f3n al d\u00eda anterior, 50 pacientes m\u00e1s hospitalizados en Unidades de Cuidados Intensivos totalizando 2.466 personas, de las cuales 2.103 est\u00e1n con apoyo de ventilaci\u00f3n mec\u00e1nica.<br \/>\nPara vigilar la cuarentena, ma\u00f1ana se desplegar\u00e1n m\u00e1s de 11.500 funcionarios de orden y seguridad con m\u00e1s de 260 puntos de controles m\u00f3viles, y otros 50 mil se distribuir\u00e1n por el resto del pa\u00eds.<br \/>\nEl ministro del Interior, Rodrigo Delgado, acompa\u00f1ado del ministro de Defensa, Baldo Prokurica, hicieron un fuerte llamado a la poblaci\u00f3n a &#8220;cumplir con rigurosidad la cuarentena y cumplir con los protocolos que la autoridad sanitaria est\u00e1 pidiendo&#8221;.<br \/>\nEl titular de Defensa detall\u00f3 que en las \u00faltimas 24 horas se han realizado m\u00e1s de 348.000 fiscalizaciones, arrojando casi 1.000 detenidos.<br \/>\n&#8220;Queremos pedir a toda la gente que pueda cumplir con la cuarentena y respetar los controles (&#8230;) Queremos condenar en\u00e9rgicamente, comportamientos como el que vimos en Los \u00c1ngeles, donde un militar fue agredido por una persona que no respet\u00f3 los controles, que no cumpli\u00f3 los protocolos que se le est\u00e1n exigiendo&#8221;, indic\u00f3 el ministro de Defensa.<br \/>\nAsever\u00f3 que en este a\u00f1o, m\u00e1s de 110 funcionarios de Carabineros y Fuerzas Armadas &#8220;han sufrido ataques, atropellos, agresiones e incluso la muerte de un funcionario del Ej\u00e9rcito&#8221;.<br \/>\n&#8220;Creemos que la \u00fanica manera de que podamos derrotar el tema de la pandemia es hacerlo entre todos, no s\u00f3lo el Gobierno, no s\u00f3lo el Parlamento, la polic\u00eda y Fuerzas Armadas, sino que especialmente con la convicci\u00f3n de cada una de las familias chilenas&#8221;, dijo Prokurica.<br \/>\nEl ministro Delgado, quien el jueves se reincorpor\u00f3 a sus funciones tras contagiarse de Covid-19 llegando incluso a estar internado, plante\u00f3 que &#8220;desde la experiencia que he vivido en estas \u00faltimas dos semanas, hay varias formas de cuidarse. En lo personal siempre he pensado y cre\u00eddo que he sido bastante riguroso a la hora de cuidarme, pero eso no obsta que uno se pueda contagiar, que en alg\u00fan momento de descuido uno pierde tal vez durante algunos segundos la posibilidad de controlar lo que est\u00e1 realizando&#8221;.<br \/>\nEn tanto, la presidenta del Colegio M\u00e9dico, Izkia Siches, llam\u00f3 a los empresarios a cuidar a los trabajadores y mantener el trabajo s\u00f3lo de forma remota, debido a que el sistema sanitario del pa\u00eds est\u00e1 en el l\u00edmite producto de la pandemia de covid-19.<br \/>\nEn un video que subi\u00f3 a las redes sociales, la dirigente destac\u00f3 que desde ma\u00f1ana s\u00e1bado &#8220;casi el pa\u00eds completo entrar\u00e1 en confinamiento&#8221; ya que es necesario bajar la movilidad para &#8220;detener la propagaci\u00f3n&#8221;.<br \/>\n&#8220;No ser\u00e1 f\u00e1cil, muchas personas ver\u00e1n disminuidos sus ingresos, se sentir\u00e1n afectados sicol\u00f3gica y emocionalmente y la gran mayor\u00eda pasaremos semanas sin ver a nuestros seres queridos. Lamentablemente a estas alturas nos quedan pocas herramientas. Nuestro sistema sanitario est\u00e1 t\u00e9cnicamente saturado y haciendo su m\u00e1ximo esfuerzo para aumentar camas cr\u00edticas, pero el personal capacitado es limitado y est\u00e1 cansado&#8221;, apunt\u00f3 Siches.<\/p>\n","protected":false},"excerpt":{"rendered":"<p>SANTIAGO DE CHILE, 27 MAR &#8211; Chile registr\u00f3 este viernes un nuevo r\u00e9cord de contagios y casos activos, a 24 horas del inicio de la&hellip;<\/p>\n","protected":false},"author":99,"featured_media":496849,"comment_status":"open","ping_status":"open","sticky":false,"template":"","format":"standard","meta":{"footnotes":""},"categories":[23],"tags":[],"class_list":["post-496848","post","type-post","status-publish","format-standard","has-post-thumbnail","hentry","category-latinoamerica"],"_links":{"self":[{"href":"https:\/\/diarioelpopular.com\/index.php\/wp-json\/wp\/v2\/posts\/496848","targetHints":{"allow":["GET"]}}],"collection":[{"href":"https:\/\/diarioelpopular.com\/index.php\/wp-json\/wp\/v2\/posts"}],"about":[{"href":"https:\/\/diarioelpopular.com\/index.php\/wp-json\/wp\/v2\/types\/post"}],"author":[{"embeddable":true,"href":"https:\/\/diarioelpopular.com\/index.php\/wp-json\/wp\/v2\/users\/99"}],"replies":[{"embeddable":true,"href":"https:\/\/diarioelpopular.com\/index.php\/wp-json\/wp\/v2\/comments?post=496848"}],"version-history":[{"count":1,"href":"https:\/\/diarioelpopular.com\/index.php\/wp-json\/wp\/v2\/posts\/496848\/revisions"}],"predecessor-version":[{"id":496850,"href":"https:\/\/diarioelpopular.com\/index.php\/wp-json\/wp\/v2\/posts\/496848\/revisions\/496850"}],"wp:featuredmedia":[{"embeddable":true,"href":"https:\/\/diarioelpopular.com\/index.php\/wp-json\/wp\/v2\/media\/496849"}],"wp:attachment":[{"href":"https:\/\/diarioelpopular.com\/index.php\/wp-json\/wp\/v2\/media?parent=496848"}],"wp:term":[{"taxonomy":"category","embeddable":true,"href":"https:\/\/diarioelpopular.com\/index.php\/wp-json\/wp\/v2\/categories?post=496848"},{"taxonomy":"post_tag","embeddable":true,"href":"https:\/\/diarioelpopular.com\/index.php\/wp-json\/wp\/v2\/tags?post=496848"}],"curies":[{"name":"wp","href":"https:\/\/api.w.org\/{rel}","templated":true}]}}