{"id":496870,"date":"2021-03-28T12:01:02","date_gmt":"2021-03-28T16:01:02","guid":{"rendered":"https:\/\/diarioelpopular.com\/?p=496870"},"modified":"2021-03-28T12:01:02","modified_gmt":"2021-03-28T16:01:02","slug":"chile-con-las-elecciones-a-riesgo","status":"publish","type":"post","link":"https:\/\/diarioelpopular.com\/index.php\/2021\/03\/28\/chile-con-las-elecciones-a-riesgo\/","title":{"rendered":"Chile, con las elecciones a riesgo"},"content":{"rendered":"<div id=\"attachment_496871\" style=\"width: 160px\" class=\"wp-caption alignnone\"><img loading=\"lazy\" decoding=\"async\" aria-describedby=\"caption-attachment-496871\" class=\"size-thumbnail wp-image-496871\" src=\"https:\/\/diarioelpopular.com\/wp-content\/uploads\/2021\/03\/5daefd16734fd6e161056bac77e3a314-150x150.jpg\" alt=\"\" width=\"150\" height=\"150\" \/><p id=\"caption-attachment-496871\" class=\"wp-caption-text\"><em>Chile acelera la vacunaci\u00f3n, pero la pandemia no da tregua<\/em><\/p><\/div>\n<h4><em><strong>Consejo Asesor Covid recomend\u00f3 de manera un\u00e1nime posponerlas<\/strong><\/em><\/h4>\n<p><em><strong>SANTIAGO DE CHILE, 28 MAR &#8211;<\/strong><\/em> El Consejo Asesor del Gobierno recomend\u00f3 de forma un\u00e1nime postergar en Chile las elecciones de abril, mientras el presidente Sebasti\u00e1n Pi\u00f1era se\u00f1al\u00f3 que la decisi\u00f3n se adoptar\u00e1 en forma oportuna, cuando s\u00f3lo restan dos semanas para los comicios.<br \/>\nEl Congreso cit\u00f3 a una sesi\u00f3n especial para el martes al ministro de Salud, Enrique Paris, y a los presidentes del Colegio M\u00e9dico, Izkia Siches, y del Servicio Electoral, El presidente de la comisi\u00f3n de Constituci\u00f3n de la C\u00e1mara, Marcos Ilabaca, junto a su par de comisi\u00f3n de Gobierno, Andrea Parra, ambos de oposici\u00f3n, expresaron hoy que se necesita de manera urgente &#8220;analizar el dram\u00e1tico momento que hoy viven los chilenos y chilenas&#8221;.<br \/>\n&#8220;Necesitamos tomar una decisi\u00f3n urgente, pero que est\u00e9 enfocada en cuidar la salud y la vida de los chilenos y con una medida sanitaria adoptada por la comunidad cient\u00edfica y la comunidad m\u00e9dica. No podemos arriesgar a la poblaci\u00f3n de nuestro pa\u00eds en un proceso eleccionario que puede traer graves consecuencias&#8221;, manifest\u00f3 Ilabaca, del partido socialista.<br \/>\nParra, del tambi\u00e9n opositor Partido Por la Democracia, admiti\u00f3 que &#8220;la salud de la poblaci\u00f3n es lo primordial, pero la democracia tambi\u00e9n necesita buena salud. Tenemos que equilibrar ambos principios analizando evidencia seria respecto de c\u00f3mo podr\u00eda influir la jornada electoral en un aumento de contagios&#8221;.<br \/>\nA\u00f1adi\u00f3 que la decisi\u00f3n no puede pasar del martes &#8220;y espero que salga desde esa instancia&#8221;, puntualizado que hab\u00eda apoyado la realizaci\u00f3n de comicios en dos d\u00edas &#8220;justamente para disminuir el riesgo y ahora es tiempo de analizar las medidas adicionales que debe tomar el Servel. Creo que es posible votar de manera responsable, pero he decidido abrir el debate&#8221;.<br \/>\nHoy el ministro de Salud, Enrique Paris, fue consultado sobre la opini\u00f3n del Consejo Asesor Covid respecto de postergar las elecciones donde se elegir\u00e1n 155 convencionales para la Asamblea Constituyente 345 alcaldes, 17 gobernadores y m\u00e1s de mil concejales municipales.<br \/>\n&#8220;Por unanimidad, el consejo ha recomendado postergar las elecciones, lo que debe ser evaluado dentro del Ministerio de Salud en conjunto con el espectro pol\u00edtico para tomar una decisi\u00f3n. (Y tal como) el Presidente lo acaba de decir, las decisiones las tomamos basadas en lo sanitario, donde siempre predomina la salud de las personas, por lo que tomaremos en cuenta (la recomendaci\u00f3n del Consejo), con mucha consideraci\u00f3n y con mucho respeto&#8221;, afirm\u00f3 la m\u00e1xima autoridad sanitaria.<br \/>\nEl documento del Consejo Asesor, revelado por radio B\u00edo B\u00edo, argument\u00f3 que &#8220;consideramos que llevar a cabo la elecci\u00f3n en este contexto puede agravar la situaci\u00f3n, no solo por el acto eleccionario, sino que principalmente por las actividades anexas a la votaci\u00f3n&#8221;.<br \/>\nA\u00f1adi\u00f3 que &#8220;sin embargo, postergar, sin agregar otras acciones a las medidas vigentes, no da garant\u00edas que la situaci\u00f3n mejore, e incluso podr\u00eda empeorar por el avance del invierno y si a\u00fan hay una proporci\u00f3n importante de poblaci\u00f3n no vacunada&#8221;.<br \/>\nPor ello &#8220;respaldamos un\u00e1nimemente la propuesta de posponer las elecciones en atenci\u00f3n a las razones antes expuestas, siempre que se realicen las actividades que a continuaci\u00f3n se detallan&#8221;, indicando entre ellas, explicar claramente la situaci\u00f3n sanitaria a la ciudadan\u00eda, ejercer un liderazgo que lleve a la unidad social y aumentar la cobertura de vacunas, incluyendo fines de semana y a la poblaci\u00f3n m\u00e1s joven, entre otras.<br \/>\nDe manera in\u00e9dita, el presidente Sebasti\u00e1n Pi\u00f1era intervino hoy en el balance Covid que se entrega desde La Moneda se\u00f1alando que &#8220;ya hemos tomado medidas para asegurar la protecci\u00f3n de la salud de los votantes&#8221;.<br \/>\nAunque agreg\u00f3 que estamos analizando permanentemente la situaci\u00f3n de contagios y de disponibilidad de camas cr\u00edticas&#8221; y asegur\u00f3 que &#8220;la decisi\u00f3n del gobierno en esta materia ser\u00e1 oportuna y privilegiar\u00e1 siempre la protecci\u00f3n de la salud y la vida de todos nuestros compatriotas&#8221;.<br \/>\nEl mandatario pidi\u00f3 a la poblaci\u00f3n &#8220;encarecidamente un esfuerzo adicional. Extrememos nuestros cuidados personales y respetemos las medidas sanitarias. No lo hagamos por miedo a ser fiscalizados o recibir una multa. Hag\u00e1moslo por convicci\u00f3n, por amor a nuestros seres queridos, por amor a Chile&#8221;.<br \/>\nReiter\u00f3 que &#8220;como gobierno, estamos trabajando sin descanso y haciendo lo humanamente posible para controlar la pandemia y entregar la mayor ayuda y alivio posible a las familias que lo necesitan&#8221;.<\/p>\n","protected":false},"excerpt":{"rendered":"<p>Consejo Asesor Covid recomend\u00f3 de manera un\u00e1nime posponerlas SANTIAGO DE CHILE, 28 MAR &#8211; El Consejo Asesor del Gobierno recomend\u00f3 de forma un\u00e1nime postergar en&hellip;<\/p>\n","protected":false},"author":99,"featured_media":496871,"comment_status":"open","ping_status":"open","sticky":false,"template":"","format":"standard","meta":{"footnotes":""},"categories":[23],"tags":[],"class_list":["post-496870","post","type-post","status-publish","format-standard","has-post-thumbnail","hentry","category-latinoamerica"],"_links":{"self":[{"href":"https:\/\/diarioelpopular.com\/index.php\/wp-json\/wp\/v2\/posts\/496870","targetHints":{"allow":["GET"]}}],"collection":[{"href":"https:\/\/diarioelpopular.com\/index.php\/wp-json\/wp\/v2\/posts"}],"about":[{"href":"https:\/\/diarioelpopular.com\/index.php\/wp-json\/wp\/v2\/types\/post"}],"author":[{"embeddable":true,"href":"https:\/\/diarioelpopular.com\/index.php\/wp-json\/wp\/v2\/users\/99"}],"replies":[{"embeddable":true,"href":"https:\/\/diarioelpopular.com\/index.php\/wp-json\/wp\/v2\/comments?post=496870"}],"version-history":[{"count":1,"href":"https:\/\/diarioelpopular.com\/index.php\/wp-json\/wp\/v2\/posts\/496870\/revisions"}],"predecessor-version":[{"id":496872,"href":"https:\/\/diarioelpopular.com\/index.php\/wp-json\/wp\/v2\/posts\/496870\/revisions\/496872"}],"wp:featuredmedia":[{"embeddable":true,"href":"https:\/\/diarioelpopular.com\/index.php\/wp-json\/wp\/v2\/media\/496871"}],"wp:attachment":[{"href":"https:\/\/diarioelpopular.com\/index.php\/wp-json\/wp\/v2\/media?parent=496870"}],"wp:term":[{"taxonomy":"category","embeddable":true,"href":"https:\/\/diarioelpopular.com\/index.php\/wp-json\/wp\/v2\/categories?post=496870"},{"taxonomy":"post_tag","embeddable":true,"href":"https:\/\/diarioelpopular.com\/index.php\/wp-json\/wp\/v2\/tags?post=496870"}],"curies":[{"name":"wp","href":"https:\/\/api.w.org\/{rel}","templated":true}]}}