{"id":496873,"date":"2021-03-28T12:05:04","date_gmt":"2021-03-28T16:05:04","guid":{"rendered":"https:\/\/diarioelpopular.com\/?p=496873"},"modified":"2021-03-28T12:05:04","modified_gmt":"2021-03-28T16:05:04","slug":"mexico-el-pais-de-mas-muertes-por-habitante","status":"publish","type":"post","link":"https:\/\/diarioelpopular.com\/index.php\/2021\/03\/28\/mexico-el-pais-de-mas-muertes-por-habitante\/","title":{"rendered":"M\u00e9xico, el pa\u00eds de m\u00e1s muertes por habitante"},"content":{"rendered":"<div id=\"attachment_496874\" style=\"width: 160px\" class=\"wp-caption alignnone\"><img loading=\"lazy\" decoding=\"async\" aria-describedby=\"caption-attachment-496874\" class=\"size-thumbnail wp-image-496874\" src=\"https:\/\/diarioelpopular.com\/wp-content\/uploads\/2021\/03\/b5a39cbbf4b4003d2e238a2167437271-150x150.jpg\" alt=\"\" width=\"150\" height=\"150\" \/><p id=\"caption-attachment-496874\" class=\"wp-caption-text\"><em>M\u00e9xico, el pa\u00eds con m\u00e1s decesos por Covid-19 en relaci\u00f3n a su poblaci\u00f3n<\/em><\/p><\/div>\n<h4><em>En total, el pa\u00eds latinoamericano suma 321.000 v\u00edctimas<\/em><\/h4>\n<p><strong><em>CIUDAD DE MEXICO, 28 MAR &#8211;<\/em><\/strong> M\u00e9xico, con 321 mil muertes desde el inicio de la pandemia, est\u00e1 en el segundo lugar del ranking de los pa\u00edses m\u00e1s afectados, despu\u00e9s de Estados Unidos, pero primero en la relaci\u00f3n decesos y cantidad de habitantes.<br \/>\nEl n\u00famero de decesos por coronavirus en el pa\u00eds fue corregido al alza por parte del gobierno: hay un 60 por ciento m\u00e1s de lo reportado hasta el momento.<br \/>\nLo report\u00f3 hoy la Universidad Johns Hopkins e indica que el nuevo balance supera al de Brasil, con 310.000 fallecimientos, actualmente en el segundo lugar por cantidad de muertes, despu\u00e9s de Estados Unidos.<br \/>\nPero la poblaci\u00f3n mexicana, de 126 millones de personas, est\u00e1 muy por debajo de la de ambos pa\u00edses. El nuevo informe del gobierno mexicano tambi\u00e9n confirma cu\u00e1n mortal fue la segunda ola de la pandemia en enero.<br \/>\nEn todo 2020, seg\u00fan los datos publicados a fines de diciembre, las estimaciones de exceso de muertes sugirieron un total de alrededor de 220,000 relacionadas con el Covid. Ese balance aument\u00f3 alrededor de 75,000 en solo un mes y medio.<br \/>\nEl &#8220;exceso de muertes&#8221; desde el inicio de la pandemia, determinado &#8220;comparando los decesos en el per\u00edodo con los esperados sobre la base de datos de a\u00f1os anteriores&#8221; fue de aproximadamente 417.000.<br \/>\nUna revisi\u00f3n de los certificados de defunci\u00f3n arroj\u00f3 que en aproximadamente el 70,5% de los casos, el Covid se indic\u00f3 como una causa sospechada o causa del agravamiento de enfermedades preexistentes.<br \/>\nEsto significa que la pandemia tambi\u00e9n contribuy\u00f3 a aumentar la mortalidad por otras enfermedades, reduciendo el acceso al tratamiento, con hospitales repletos.<\/p>\n","protected":false},"excerpt":{"rendered":"<p>En total, el pa\u00eds latinoamericano suma 321.000 v\u00edctimas CIUDAD DE MEXICO, 28 MAR &#8211; M\u00e9xico, con 321 mil muertes desde el inicio de la pandemia,&hellip;<\/p>\n","protected":false},"author":99,"featured_media":496874,"comment_status":"open","ping_status":"open","sticky":false,"template":"","format":"standard","meta":{"footnotes":""},"categories":[23],"tags":[],"class_list":["post-496873","post","type-post","status-publish","format-standard","has-post-thumbnail","hentry","category-latinoamerica"],"_links":{"self":[{"href":"https:\/\/diarioelpopular.com\/index.php\/wp-json\/wp\/v2\/posts\/496873","targetHints":{"allow":["GET"]}}],"collection":[{"href":"https:\/\/diarioelpopular.com\/index.php\/wp-json\/wp\/v2\/posts"}],"about":[{"href":"https:\/\/diarioelpopular.com\/index.php\/wp-json\/wp\/v2\/types\/post"}],"author":[{"embeddable":true,"href":"https:\/\/diarioelpopular.com\/index.php\/wp-json\/wp\/v2\/users\/99"}],"replies":[{"embeddable":true,"href":"https:\/\/diarioelpopular.com\/index.php\/wp-json\/wp\/v2\/comments?post=496873"}],"version-history":[{"count":1,"href":"https:\/\/diarioelpopular.com\/index.php\/wp-json\/wp\/v2\/posts\/496873\/revisions"}],"predecessor-version":[{"id":496875,"href":"https:\/\/diarioelpopular.com\/index.php\/wp-json\/wp\/v2\/posts\/496873\/revisions\/496875"}],"wp:featuredmedia":[{"embeddable":true,"href":"https:\/\/diarioelpopular.com\/index.php\/wp-json\/wp\/v2\/media\/496874"}],"wp:attachment":[{"href":"https:\/\/diarioelpopular.com\/index.php\/wp-json\/wp\/v2\/media?parent=496873"}],"wp:term":[{"taxonomy":"category","embeddable":true,"href":"https:\/\/diarioelpopular.com\/index.php\/wp-json\/wp\/v2\/categories?post=496873"},{"taxonomy":"post_tag","embeddable":true,"href":"https:\/\/diarioelpopular.com\/index.php\/wp-json\/wp\/v2\/tags?post=496873"}],"curies":[{"name":"wp","href":"https:\/\/api.w.org\/{rel}","templated":true}]}}