{"id":496928,"date":"2021-03-31T12:08:43","date_gmt":"2021-03-31T16:08:43","guid":{"rendered":"https:\/\/diarioelpopular.com\/?p=496928"},"modified":"2021-03-31T12:08:43","modified_gmt":"2021-03-31T16:08:43","slug":"este-jueves-gobierno-anunciara-decision-sobre-posible-bloqueo","status":"publish","type":"post","link":"https:\/\/diarioelpopular.com\/index.php\/2021\/03\/31\/este-jueves-gobierno-anunciara-decision-sobre-posible-bloqueo\/","title":{"rendered":"Este jueves gobierno anunciar\u00e1 decisi\u00f3n sobre posible bloqueo"},"content":{"rendered":"<p><img loading=\"lazy\" decoding=\"async\" class=\"alignnone size-custom-full-size wp-image-496929\" src=\"https:\/\/diarioelpopular.com\/wp-content\/uploads\/2021\/03\/marbl-patio-636x328.jpeg\" alt=\"\" width=\"636\" height=\"328\" srcset=\"https:\/\/diarioelpopular.com\/wp-content\/uploads\/2021\/03\/marbl-patio-636x328.jpeg 636w, https:\/\/diarioelpopular.com\/wp-content\/uploads\/2021\/03\/marbl-patio-300x155.jpeg 300w, https:\/\/diarioelpopular.com\/wp-content\/uploads\/2021\/03\/marbl-patio-768x396.jpeg 768w, https:\/\/diarioelpopular.com\/wp-content\/uploads\/2021\/03\/marbl-patio-142x73.jpeg 142w, https:\/\/diarioelpopular.com\/wp-content\/uploads\/2021\/03\/marbl-patio.jpeg 1024w\" sizes=\"auto, (max-width: 636px) 100vw, 636px\" \/><\/p>\n<h4><em><strong>Un d\u00eda despu\u00e9s de que el premier de Ontario admitiera que &#8220;todo est\u00e1 sobre la mesa&#8221; cuando se trata de la posibilidad de otro bloqueo, Doug Ford anunci\u00f3 que se espera una decisi\u00f3n este jueves.<\/strong><\/em><\/h4>\n<p><em><strong>TORONTO.-<\/strong> <\/em>&#8220;Est\u00e9n atentos&#8221;, dijo el premier este mi\u00e9rcoles. &#8220;Escuchar\u00e1n un anuncio ma\u00f1ana&#8221;.<\/p>\n<p>Ford no ha especificado qu\u00e9 nuevas medidas est\u00e1 considerando su gobierno, si es que est\u00e1 considerando alguna, pero dijo que consultar\u00e1 al principal m\u00e9dico de la provincia antes de tomar una decisi\u00f3n, al tiempo que insta a la gente a no reunirse esta Semana Santa.<\/p>\n<p>&#8220;Estoy extremadamente preocupado por la situaci\u00f3n que estamos viendo y los n\u00fameros est\u00e1n aumentando &#8230; Estoy preocupado por el grupo de edad en este momento con personas m\u00e1s j\u00f3venes en la UCI&#8221;, dijo Ford.<\/p>\n<p>\u201cTodo est\u00e1 sobre la mesa. Estar preparado. Estoy diciendo que no hagas planes para la Pascua. No dudar\u00e9 en cerrar las cosas si es necesario. Lo hice antes, lo volver\u00e9 a hacer &#8230; sin la salud de la gente no tendremos econom\u00eda &#8220;.<\/p>\n<p>El pasado 19 de marzo, el gobierno de Ford anunci\u00f3 que los restaurantes que operan en &#8220;Red-Control&#8221; y &#8220;Orange-Restrict&#8221; podr\u00edan abrir con un 50 por ciento de capacidad y un m\u00e1ximo de 50 y 100 personas en el interior.<\/p>\n<p>Desde entonces, se ha permitido que los patios al aire libre en bares y restaurantes para unidades de salud p\u00fablica en &#8220;Gray-Lockdown&#8221;, como Peel y Toronto, funcionen con miembros del mismo hogar.<\/p>\n<p>Desde entonces, la provincia ha planeado relajar a\u00fan m\u00e1s las restricciones bajo &#8220;Gray-Lockdown&#8221; y permitir que los peluqueros y salones de manicura vuelvan a abrir por debajo de su capacidad el 12 de abril.<\/p>\n<p>Ahora tambi\u00e9n se permiten clases de fitness al aire libre.<\/p>\n<p>Esto se produce cuando el presidente de la Asociaci\u00f3n de Hospitales de Ontario (OHA), Anthony Dale, tuite\u00f3 este mi\u00e9rcoles que ahora hay 421 pacientes con COVID en camas de UCI en toda la provincia.<\/p>\n<p>Marca el n\u00famero m\u00e1s alto de pacientes con COVID en cuidados intensivos desde que comenz\u00f3 la pandemia el a\u00f1o pasado.<\/p>\n<p>La Asociaci\u00f3n M\u00e9dica de Ontario (OMA) hace un llamado a todas las regiones de la provincia para que retrocedan una etapa en el marco pand\u00e9mico codificado por colores.<\/p>\n<p>Las tasas de infecci\u00f3n por COVID-19 han estado aumentando durante semanas, impulsadas por la propagaci\u00f3n de variantes m\u00e1s transmisibles del virus.<\/p>\n<p>Dale dijo que 46 pacientes fueron ingresados \u200b\u200ben cuidados intensivos este lunes, el n\u00famero m\u00e1s alto de ingresos en un d\u00eda en la segunda y tercera ola.<\/p>\n<p>Revel\u00f3 que si la tendencia contin\u00faa, las transferencias de pacientes se realizar\u00e1n las 24 horas del d\u00eda, los 7 d\u00edas de la semana para garantizar que reciban atenci\u00f3n que les salve la vida, y se cancelar\u00e1n m\u00e1s cirug\u00edas, lo que se sumar\u00e1 a la acumulaci\u00f3n actual de 250.000 procedimientos.<\/p>\n<p>&#8220;Estoy muy preocupado por el colapso de la cohesi\u00f3n social y la comprensi\u00f3n del riesgo y el sacrificio que todav\u00eda se necesita para que todos salgamos juntos de manera segura y sin muertes y da\u00f1os innecesarios y una mayor interrupci\u00f3n masiva de la atenci\u00f3n hospitalaria&#8221;, dijo Dale.<\/p>\n<p>Tambi\u00e9n se produce a medida que aumentan las infecciones en los habitantes de Ontario de 20 a 39 a\u00f1os.<\/p>\n<p>Seg\u00fan la \u00faltima ronda de datos epidemiol\u00f3gicos de la provincia, la provincia notific\u00f3 816 nuevos casos en personas de ese grupo de edad. Este martes, el n\u00famero era 789 de los 2.336 nuevos casos de Ontario mientras que este\u00a0este mi\u00e9rcoles hubo 2333 nuevos contagios.<\/p>\n<p>El d\u00eda anterior, hubo 731 casos en personas de 20 a 39 a\u00f1os.<\/p>\n<p>\u201cEst\u00e1bamos llegando a menos de 1,000 casos, las cosas se ve\u00edan bien, y segu\u00ed el consejo del Director M\u00e9dico y seguir\u00e9 tomando su [Dr. El consejo de David Williams\u201d, dijo Ford.<\/p>\n<p>&#8220;No dudar\u00e9, cr\u00e9anme, en bloquear las cosas para proteger la capacidad de la UCI en los hospitales&#8221;.<\/p>\n<p>La ministra de Salud, Christine Elliott, defendi\u00f3 el enfoque del gobierno diciendo que esto &#8220;no es lo de siempre&#8221; cuando se refiere a la relajaci\u00f3n de las restricciones anunciada recientemente.<\/p>\n<p>\u201cTenemos el marco en su lugar. Estamos siguiendo las medidas y tenemos el freno de emergencia si necesitamos usarlo \u201d, dijo Elliott.<\/p>\n<p>&#8220;Estamos vigilando muy de cerca la situaci\u00f3n en toda la provincia de Ontario y si necesitamos tomar medidas y poner el freno de emergencia, no dudaremos en hacerlo&#8221;.<\/p>\n<p>&#8220;Ornge&#8221;, el servicio de ambulancia a\u00e9rea de la provincia, dijo que entre el 1 de enero y el 25 de marzo, al menos 601 pacientes fueron trasladados a diferentes hospitales para ayudar a abordar la crisis de capacidad pand\u00e9mica.<\/p>\n<p>Los datos m\u00e1s recientes de un grupo de cient\u00edficos que asesoran a la provincia sobre la pandemia muestran que las personas infectadas con variantes en Ontario tienen m\u00e1s probabilidades de ser hospitalizadas y morir, concluyendo que las variantes supondr\u00e1n una &#8220;carga considerablemente mayor&#8221; para el sistema de atenci\u00f3n de la salud que el segunda ola de infecciones.<\/p>\n<p>&#8220;En este momento en Ontario, la pandemia est\u00e1 completamente fuera de control&#8221;, dijo el Dr. Peter Juni, director cient\u00edfico de la mesa.<\/p>\n<p>El informe del Asesor Cient\u00edfico de COVID-19 de Ontario examin\u00f3 a 26,314 personas que dieron positivo al COVID-19 en Ontario entre el 7 de febrero y el 11 de marzo.<\/p>\n<p>M\u00e1s de 9,000 de ellos estaban infectados con una variante de preocupaci\u00f3n, y el estudio encontr\u00f3 que esos pacientes ten\u00edan un 62 por ciento m\u00e1s de probabilidades de ser hospitalizados, un 114 por ciento m\u00e1s de probabilidades de terminar en una unidad de cuidados intensivos y un 40 por ciento m\u00e1s de probabilidades de morir a causa de la enfermedad. virus.<\/p>\n<p>Esos hallazgos son similares a los estudios sobre variantes y hospitalizaciones de otros pa\u00edses como Reino Unido y Dinamarca.<\/p>\n<p>El informe se\u00f1al\u00f3 que, al 28 de marzo, m\u00e1s variantes infecciosas preocupantes representaban el 67 por ciento de todas las infecciones, y la variante conocida como B.1.1.7 que se detect\u00f3 por primera vez en el Reino Unido representa el 90 por ciento de los casos variantes.<\/p>\n<p>El estudio tambi\u00e9n encontr\u00f3 que el 46 por ciento de las admisiones a cuidados intensivos entre el 15 de marzo y el 21 de marzo fueron personas de 59 a\u00f1os o menos, en comparaci\u00f3n con el 30 por ciento de las admisiones entre el 14 y el 20 de diciembre.<\/p>\n<p>Mientras tanto, la escasez de suministro de vacunas oblig\u00f3 a una unidad de salud p\u00fablica en un punto caliente de COVID-19 a cerrar tres cl\u00ednicas de vacunaci\u00f3n.<\/p>\n<p>La regi\u00f3n de York dijo que las cl\u00ednicas, incluido el sitio Wonderland de Canad\u00e1 que abri\u00f3 el lunes, cerrar\u00edan del 2 al 5 de abril debido a retrasos en los env\u00edos de vacunas Moderna.<\/p>\n<p>El premier Ford culp\u00f3 del problema de la escasez al gobierno federal.<\/p>\n<p>&#8220;Estamos instalando estos centros de vacunaci\u00f3n masiva, un mont\u00f3n de esfuerzo, un mont\u00f3n de recursos, un mont\u00f3n de gente yendo all\u00ed, y de repente, bang, ahora tenemos que cerrarlo de nuevo, en el Pa\u00eds de las Maravillas&#8221;. Ford dijo en la legislatura el martes.<\/p>\n<p>\u201c\u00bfCu\u00e1ndo podemos contar con un volumen constante de vacunas del gobierno federal? A eso se reduce todo &#8220;.<\/p>\n<p>La regi\u00f3n de Halton, otra unidad de salud de GTA, anunci\u00f3 que seguir\u00eda adelante con la oferta de vacunas a personas de 65 a\u00f1os o m\u00e1s a partir del 31 de marzo, antes del calendario provincial.<\/p>\n<p>Ontario inform\u00f3 este mi\u00e9rcoles 2333 nuevos casos de COVID-19 y 15 muertes m\u00e1s por el virus.<\/p>\n<p><em><strong>El aumento en todo Canad\u00e1 no se desacelera<\/strong><\/em><\/p>\n<p>El director de salud p\u00fablica de Canad\u00e1 dice que las variantes de COVID-19 est\u00e1n provocando un aumento de una semana en nuevos casos y hospitalizaciones a medida que contin\u00faa aumentando la tercera ola de la pandemia.<\/p>\n<p>La doctora Theresa Tam dijo que un aumento del 64 por ciento en el n\u00famero de casos de variantes de COVID-19 durante la semana pasada marca el desarrollo &#8220;m\u00e1s preocupante&#8221;.<\/p>\n<p>&#8220;Los nuevos n\u00fameros de casos variantes representan la punta del iceberg&#8221;, dijo Tam.<\/p>\n<p>&#8220;Hay miles de casos m\u00e1s que han dado positivo en pruebas de mutaciones problem\u00e1ticas&#8221;.<\/p>\n<p>Tam agreg\u00f3 que un promedio de m\u00e1s de 2.200 pacientes con COVID-19 estuvieron en el hospital la semana pasada, con m\u00e1s de 660 en cuidados intensivos, lo que representa aumentos semana tras semana del seis y el 14 por ciento, respectivamente.<\/p>\n","protected":false},"excerpt":{"rendered":"<p>Un d\u00eda despu\u00e9s de que el premier de Ontario admitiera que &#8220;todo est\u00e1 sobre la mesa&#8221; cuando se trata de la posibilidad de otro bloqueo,&hellip;<\/p>\n","protected":false},"author":99,"featured_media":496929,"comment_status":"open","ping_status":"open","sticky":false,"template":"","format":"standard","meta":{"footnotes":""},"categories":[21,11191],"tags":[],"class_list":["post-496928","post","type-post","status-publish","format-standard","has-post-thumbnail","hentry","category-canada","category-top-news"],"_links":{"self":[{"href":"https:\/\/diarioelpopular.com\/index.php\/wp-json\/wp\/v2\/posts\/496928","targetHints":{"allow":["GET"]}}],"collection":[{"href":"https:\/\/diarioelpopular.com\/index.php\/wp-json\/wp\/v2\/posts"}],"about":[{"href":"https:\/\/diarioelpopular.com\/index.php\/wp-json\/wp\/v2\/types\/post"}],"author":[{"embeddable":true,"href":"https:\/\/diarioelpopular.com\/index.php\/wp-json\/wp\/v2\/users\/99"}],"replies":[{"embeddable":true,"href":"https:\/\/diarioelpopular.com\/index.php\/wp-json\/wp\/v2\/comments?post=496928"}],"version-history":[{"count":1,"href":"https:\/\/diarioelpopular.com\/index.php\/wp-json\/wp\/v2\/posts\/496928\/revisions"}],"predecessor-version":[{"id":496930,"href":"https:\/\/diarioelpopular.com\/index.php\/wp-json\/wp\/v2\/posts\/496928\/revisions\/496930"}],"wp:featuredmedia":[{"embeddable":true,"href":"https:\/\/diarioelpopular.com\/index.php\/wp-json\/wp\/v2\/media\/496929"}],"wp:attachment":[{"href":"https:\/\/diarioelpopular.com\/index.php\/wp-json\/wp\/v2\/media?parent=496928"}],"wp:term":[{"taxonomy":"category","embeddable":true,"href":"https:\/\/diarioelpopular.com\/index.php\/wp-json\/wp\/v2\/categories?post=496928"},{"taxonomy":"post_tag","embeddable":true,"href":"https:\/\/diarioelpopular.com\/index.php\/wp-json\/wp\/v2\/tags?post=496928"}],"curies":[{"name":"wp","href":"https:\/\/api.w.org\/{rel}","templated":true}]}}