{"id":496979,"date":"2021-04-02T12:58:32","date_gmt":"2021-04-02T16:58:32","guid":{"rendered":"https:\/\/diarioelpopular.com\/?p=496979"},"modified":"2021-04-02T12:58:32","modified_gmt":"2021-04-02T16:58:32","slug":"chile-se-cierra-mas-de-un-millon-de-casos","status":"publish","type":"post","link":"https:\/\/diarioelpopular.com\/index.php\/2021\/04\/02\/chile-se-cierra-mas-de-un-millon-de-casos\/","title":{"rendered":"Chile se cierra, m\u00e1s de un mill\u00f3n de casos"},"content":{"rendered":"<div id=\"attachment_496980\" style=\"width: 160px\" class=\"wp-caption alignnone\"><img loading=\"lazy\" decoding=\"async\" aria-describedby=\"caption-attachment-496980\" class=\"size-thumbnail wp-image-496980\" src=\"https:\/\/diarioelpopular.com\/wp-content\/uploads\/2021\/04\/7b1b231b20597e085e35910cc07adc82-150x150.jpg\" alt=\"\" width=\"150\" height=\"150\" \/><p id=\"caption-attachment-496980\" class=\"wp-caption-text\"><em>Una postal en tiempos de pandemia en Santiago de Chile<\/em><\/p><\/div>\n<h4><em><strong>Hoy se lleg\u00f3 al r\u00e9cord de 7.830 contagios diarios y 193 muertes<\/strong><\/em><\/h4>\n<p><strong><em>SANTIAGO DE CHILE, 02 APR &#8211;<\/em><\/strong> Chile anunci\u00f3 el cierre de fronteras a contar de este lunes pr\u00f3ximo y por todo abril, luego que hoy se superara el mill\u00f3n de contagios por Covid-19 con el r\u00e9cord de 7.830 casos nuevos y 193 personas fallecidas.<br \/>\nDel total de 1.003.406 pacientes desde el inicio de la pandemia, en marzo del a\u00f1o pasado, 42.915 se mantienen activos, es decir con capacidad de esparcir el virus.<br \/>\nEl cierre de fronteras se refiere al \u00fanico punto que permanec\u00eda abierto, el aeropuerto internacional de Santiago, a trav\u00e9s del cual durante este mes no se permitir\u00e1n viajes tanto para extranjeros como chilenos, salvo situaciones extraordinarias, como razones humanitarias o la persona no vuelve, detall\u00f3 la subsecretaria para Prevenci\u00f3n del Delito Karen Martorell.<br \/>\n&#8220;Se restringir\u00e1n los viajes al extranjero por el plazo de 30 d\u00edas, tanto para ciudadanos chilenos como extranjeros residentes. Se permitir\u00e1, a trav\u00e9s de la Comisar\u00eda Virtual, mediante un formulario, solicitar autorizaci\u00f3n extraordinaria para el viaje de personas al exterior, por motivos urgentes y calificados de car\u00e1cter humanitario, tratamientos de salud o gestiones imprescindibles para la marcha adecuada del pa\u00eds&#8221;, precis\u00f3.<br \/>\nA\u00f1adi\u00f3 que &#8220;se prohibir\u00e1, tambi\u00e9n por 30 d\u00edas, el ingreso de extranjeros no residentes en Chile, con excepci\u00f3n de aquellos debidamente autorizados por la autoridad consular chilena en el pa\u00eds de origen, bajo criterios sanitarios fundados emitidos por la autoridad sanitaria, mirando siempre el inter\u00e9s general del pa\u00eds&#8221;.<br \/>\nAl transporte de carga que ingresa por la frontera terrestre se le exigir\u00e1 con 72 horas de anticipaci\u00f3n PCR negativo y se har\u00e1n ex\u00e1menes aleatorios en el cruce lim\u00edtrofe. La persona que d\u00e9 positivo ser\u00e1 llevada a una residencia sanitaria &#8220;y la empresa transportista deber\u00e1 hacerse cargo de la operaci\u00f3n de la carga y del cami\u00f3n&#8221;.<br \/>\nJunto al cierre del aeropuerto de Santiago, Martorell anunci\u00f3 que el toque de queda se adelanta en todo el pa\u00eds desde las 22 horas de la noche a las 21 y hasta las 05 de la ma\u00f1ana.<br \/>\nAsimismo, se restringen los permisos individuales y colectivos, y se recalifica lo que se define como actividades y bienes esenciales con el fin de conseguir la baja de la movilidad que hoy afecta a 16,5 millones de personas que se encuentran en comunas bajo cuarentena.<br \/>\nPrevio al largo fin de semana santa, la autoridad se\u00f1al\u00f3 que se adelantaron los cordones sanitarios desde las 17 a las 13 horas de hoy en la regi\u00f3n Metropolitana, Valpara\u00edso y Los Lagos.<br \/>\nEl balance diario de Covid fue particularmente desalentador al anotarse un nuevo pico de contagios con 7.830 casos nuevos y 193 personas fallecidas, lo que elev\u00f3 el n\u00famero de v\u00edctimas de la epidemia a 23.328. Aunque los jueves, el registro civil recoge muertes que no estaban confirmadas, hace 7 d\u00edas, los decesos sumaron 122.<br \/>\nOtro n\u00famero cr\u00edtico fue el de hospitalizados en Unidades de Cuidado Intensivos (UCI). El subsecretario de Redes Asistenciales, Alberto Dugnac, inform\u00f3 que hay m\u00e1s de 3.600 personas internadas en las UCI, de las cuales, 2.729 es por Covid 19, mientras 2.358 est\u00e1n conectadas a un respirador mec\u00e1nico.<br \/>\nEn las \u00faltimas 24 horas se realizaron 69121 test PCR, lo que arroj\u00f3 una positividad de 11,02% a nivel pa\u00eds y de 11% en la regi\u00f3n Metropolitana.<br \/>\nDurante el balance, el ministro portador de La Moneda, Jaime Bellolio, explic\u00f3 que el endurecimiento de las medidas responde a la presencia de nuevas variantes y al rebrote que no solo se vive en el pa\u00eds sino a nivel mundial. Mencion\u00f3 que se han duplicado los equipos de trazabilidad, el n\u00famero de PCR y se ha llegado a casi 4.000 camas cr\u00edticas, m\u00e1s del triple de lo que hab\u00edan antes dela pandemia. Pidi\u00f3 a la poblaci\u00f3n un esfuerzo adicional &#8220;porque estamos un momento muy cr\u00edtico de la pandemia, necesitamos a todo Chile unido, sino avanzamos juntos, no lo vamos a lograr&#8221;.<br \/>\nAnte las cr\u00edticas que ha recibido el gobierno acus\u00e1ndolo de exceso de triunfalismo por el exitoso proceso de vacunaci\u00f3n que deriv\u00f3 en un aumento de la movilidad con los permisos de vacaciones durante enero, febrero y marzo para luego tener que postergar las elecciones y aplicar casi una cuarentena total, el ministro de Salud, Enrique Paris fue consultado si no hab\u00eda pensado renunciar. La m\u00e1xima autoridad sanitaria respondi\u00f3: &#8220;No he pensado renunciar, no tengo ninguna intenci\u00f3n de renunciar&#8221; al tiempo que record\u00f3 que la salida de su cargo es una potestad que tiene quien no nombr\u00f3, el Presidente de la Rep\u00fablica.<\/p>\n","protected":false},"excerpt":{"rendered":"<p>Hoy se lleg\u00f3 al r\u00e9cord de 7.830 contagios diarios y 193 muertes SANTIAGO DE CHILE, 02 APR &#8211; Chile anunci\u00f3 el cierre de fronteras a&hellip;<\/p>\n","protected":false},"author":99,"featured_media":496980,"comment_status":"open","ping_status":"open","sticky":false,"template":"","format":"standard","meta":{"footnotes":""},"categories":[23],"tags":[],"class_list":["post-496979","post","type-post","status-publish","format-standard","has-post-thumbnail","hentry","category-latinoamerica"],"_links":{"self":[{"href":"https:\/\/diarioelpopular.com\/index.php\/wp-json\/wp\/v2\/posts\/496979","targetHints":{"allow":["GET"]}}],"collection":[{"href":"https:\/\/diarioelpopular.com\/index.php\/wp-json\/wp\/v2\/posts"}],"about":[{"href":"https:\/\/diarioelpopular.com\/index.php\/wp-json\/wp\/v2\/types\/post"}],"author":[{"embeddable":true,"href":"https:\/\/diarioelpopular.com\/index.php\/wp-json\/wp\/v2\/users\/99"}],"replies":[{"embeddable":true,"href":"https:\/\/diarioelpopular.com\/index.php\/wp-json\/wp\/v2\/comments?post=496979"}],"version-history":[{"count":1,"href":"https:\/\/diarioelpopular.com\/index.php\/wp-json\/wp\/v2\/posts\/496979\/revisions"}],"predecessor-version":[{"id":496981,"href":"https:\/\/diarioelpopular.com\/index.php\/wp-json\/wp\/v2\/posts\/496979\/revisions\/496981"}],"wp:featuredmedia":[{"embeddable":true,"href":"https:\/\/diarioelpopular.com\/index.php\/wp-json\/wp\/v2\/media\/496980"}],"wp:attachment":[{"href":"https:\/\/diarioelpopular.com\/index.php\/wp-json\/wp\/v2\/media?parent=496979"}],"wp:term":[{"taxonomy":"category","embeddable":true,"href":"https:\/\/diarioelpopular.com\/index.php\/wp-json\/wp\/v2\/categories?post=496979"},{"taxonomy":"post_tag","embeddable":true,"href":"https:\/\/diarioelpopular.com\/index.php\/wp-json\/wp\/v2\/tags?post=496979"}],"curies":[{"name":"wp","href":"https:\/\/api.w.org\/{rel}","templated":true}]}}