{"id":496986,"date":"2021-04-03T14:17:50","date_gmt":"2021-04-03T18:17:50","guid":{"rendered":"https:\/\/diarioelpopular.com\/?p=496986"},"modified":"2021-04-03T14:17:50","modified_gmt":"2021-04-03T18:17:50","slug":"custodios-de-morales-con-insignia-venezolana","status":"publish","type":"post","link":"https:\/\/diarioelpopular.com\/index.php\/2021\/04\/03\/custodios-de-morales-con-insignia-venezolana\/","title":{"rendered":"Custodios de Morales con insignia venezolana"},"content":{"rendered":"<div id=\"attachment_496987\" style=\"width: 160px\" class=\"wp-caption alignnone\"><img loading=\"lazy\" decoding=\"async\" aria-describedby=\"caption-attachment-496987\" class=\"size-thumbnail wp-image-496987\" src=\"https:\/\/diarioelpopular.com\/wp-content\/uploads\/2021\/04\/9c698afa25351e0651654813bf522a95-150x150.jpg\" alt=\"\" width=\"150\" height=\"150\" \/><p id=\"caption-attachment-496987\" class=\"wp-caption-text\"><em>Evo Morales rodeado de custodios con uniformes similares a los de Venezuela<\/em><\/p><\/div>\n<h4><em><strong>Ante el descubrimiento y pol\u00e9mica creada, ministro de defensa niega que sean fuerzas de Maduro<\/strong><\/em><\/h4>\n<p><em><strong>LA PAZ 3 ABR &#8211;<\/strong><\/em> Tras difundirse que personal que vela por la seguridad del expresidente de Bolivia Evo Morales porta s\u00edmbolos venezolanos, el ministro de Defensa, Eduardo Novillo, tuvo que salir a decir que no se trata de personal enviado por el gobierno de Nicol\u00e1s Maduro y que &#8220;simplemente son j\u00f3venes locales que tienen afinidad con el gobierno de ese pa\u00eds&#8221;.<br \/>\nSon j\u00f3venes voluntarios de &#8220;nuestra sociedad civil&#8221;, que se organizaron para proteger la seguridad del exmandatario y que tienen cercan\u00eda ideol\u00f3gica con el gobierno de Venezuela, aclar\u00f3 Novillo.<br \/>\nEl peri\u00f3dico P\u00e1gina Siete describi\u00f3 que esos custodios de Morales visten con chamarras negras, con bordados en la espalda del escudo del Grupo de Acciones de Comando (GAC) y la palabra &#8220;Comando&#8221;.<br \/>\nTambi\u00e9n portan gorras con las iniciales de ese grupo y la bandera de Venezuela estampada a un costado. Algunos fueron interrogados y se les notaba en su hablar el acento venezolano.<br \/>\nEl Grupo de Acciones de Comando (GAC) de la Guardia Nacional Bolivariana de Venezuela fue creado el 4 de junio de 1985 -antes de la llegada de Hugo Ch\u00e1vez al poder- como un grupo de \u00e9lite, que realiza operaciones de alto riesgo, tanto en \u00e1reas urbanas como rurales.<br \/>\n&#8220;Son j\u00f3venes de nuestra sociedad civil que por afinidad pol\u00edtica y, entiendo, su sentimiento de ellos se han mandado a hacer (las insignias) para trabajar como si fueran escoltas, como si fueran vigilantes para hacer el trabajo de apoyo, particularmente a nuestro expresidente&#8221;, manifest\u00f3 el ministro Novillo consultado por P\u00e1gina Siete.<br \/>\n&#8220;Lo que aclaro es que son algunos j\u00f3venes de la sociedad civil, de las organizaciones, de sectores populares que se han mandado a imprimir ese logo e insignias&#8221;, insisti\u00f3.<br \/>\nAsimismo, detall\u00f3 que la iniciativa de los j\u00f3venes se dio para resguardar la vida del exmandatario debido a que &#8220;algunos opositores se han dado a la tarea de querer interceptarlo (a Morales)&#8221;.<br \/>\nNovillo neg\u00f3 que estas personas lleven banderas de Venezuela en su ropa. Sin embargo, las fotograf\u00edas que circulan en medios de presnsa y redes sociales muestran lo contrario. El lunes pasado en La Paz, durante el \u00faltimo acto por el aniversario del Movimiento al Socialismo (MAS, el partido de Morales y del actual presidente Luis Arce) cuatro personas con uniformes del GAC fueron fotografiados brindando seguridad personal a Morales.<br \/>\nAdem\u00e1s, en varios videos de las concentraciones del MAS se puede observar a personas con estas caracter\u00edsticas brindando seguridad al exmandatario.<br \/>\nPero, tambi\u00e9n el viceministro de Seguridad Ciudadana, Gonzalo Lazcano, dijo que no existe ning\u00fan tipo de convenio vigente con uniformados de otros pa\u00edses.<br \/>\n&#8220;No tenemos ese tipo de acuerdo o de coordinaci\u00f3n, no existe; (Morales) es una persona a la que se debe dar protecci\u00f3n como a cualquiera; si la pide, no es necesario buscar fuerzas especiales para protegerlo&#8221;, dijo Lazcano.<br \/>\nTambi\u00e9n desde el MAS se apresuraron a negar que haya presencia de efectivos de seguridad de Venezuela en Bolivia.<br \/>\n&#8220;Totalmente mentira. Todo eso es un montaje lo que han hecho. Los que estuvimos en el aniversario sabemos que eran juventudes, desde luego la juventud se pone poleras de Che Guevara, se pone a veces gorras de Fidel (Castro) o banderas de Venezuela tambi\u00e9n, pero no son ni militares ni polic\u00edas&#8221; de otros pa\u00edses, replic\u00f3 Gerardo Garc\u00eda, vicepresidente del MAS al diario El Deber.<\/p>\n","protected":false},"excerpt":{"rendered":"<p>Ante el descubrimiento y pol\u00e9mica creada, ministro de defensa niega que sean fuerzas de Maduro LA PAZ 3 ABR &#8211; Tras difundirse que personal que&hellip;<\/p>\n","protected":false},"author":99,"featured_media":496987,"comment_status":"open","ping_status":"open","sticky":false,"template":"","format":"standard","meta":{"footnotes":""},"categories":[23],"tags":[],"class_list":["post-496986","post","type-post","status-publish","format-standard","has-post-thumbnail","hentry","category-latinoamerica"],"_links":{"self":[{"href":"https:\/\/diarioelpopular.com\/index.php\/wp-json\/wp\/v2\/posts\/496986","targetHints":{"allow":["GET"]}}],"collection":[{"href":"https:\/\/diarioelpopular.com\/index.php\/wp-json\/wp\/v2\/posts"}],"about":[{"href":"https:\/\/diarioelpopular.com\/index.php\/wp-json\/wp\/v2\/types\/post"}],"author":[{"embeddable":true,"href":"https:\/\/diarioelpopular.com\/index.php\/wp-json\/wp\/v2\/users\/99"}],"replies":[{"embeddable":true,"href":"https:\/\/diarioelpopular.com\/index.php\/wp-json\/wp\/v2\/comments?post=496986"}],"version-history":[{"count":1,"href":"https:\/\/diarioelpopular.com\/index.php\/wp-json\/wp\/v2\/posts\/496986\/revisions"}],"predecessor-version":[{"id":496988,"href":"https:\/\/diarioelpopular.com\/index.php\/wp-json\/wp\/v2\/posts\/496986\/revisions\/496988"}],"wp:featuredmedia":[{"embeddable":true,"href":"https:\/\/diarioelpopular.com\/index.php\/wp-json\/wp\/v2\/media\/496987"}],"wp:attachment":[{"href":"https:\/\/diarioelpopular.com\/index.php\/wp-json\/wp\/v2\/media?parent=496986"}],"wp:term":[{"taxonomy":"category","embeddable":true,"href":"https:\/\/diarioelpopular.com\/index.php\/wp-json\/wp\/v2\/categories?post=496986"},{"taxonomy":"post_tag","embeddable":true,"href":"https:\/\/diarioelpopular.com\/index.php\/wp-json\/wp\/v2\/tags?post=496986"}],"curies":[{"name":"wp","href":"https:\/\/api.w.org\/{rel}","templated":true}]}}