{"id":497002,"date":"2021-04-05T13:02:20","date_gmt":"2021-04-05T17:02:20","guid":{"rendered":"https:\/\/diarioelpopular.com\/?p=497002"},"modified":"2021-04-05T13:04:06","modified_gmt":"2021-04-05T17:04:06","slug":"bolivia-exministra-huye-y-pide-asilo-politico","status":"publish","type":"post","link":"https:\/\/diarioelpopular.com\/index.php\/2021\/04\/05\/bolivia-exministra-huye-y-pide-asilo-politico\/","title":{"rendered":"Bolivia: Exministra huye y pide asilo pol\u00edtico"},"content":{"rendered":"<div id=\"attachment_497003\" style=\"width: 160px\" class=\"wp-caption alignnone\"><img loading=\"lazy\" decoding=\"async\" aria-describedby=\"caption-attachment-497003\" class=\"size-thumbnail wp-image-497003\" src=\"https:\/\/diarioelpopular.com\/wp-content\/uploads\/2021\/04\/a3c0bf9fc83949bd4594f889c8697116-150x150.jpg\" alt=\"\" width=\"150\" height=\"150\" \/><p id=\"caption-attachment-497003\" class=\"wp-caption-text\">La expresidenta de Bolivia, Jeanine A\u00f1ez, presa acusada de promover un golpe de Estado contra Evo Morales<\/p><\/div>\n<h4><em><strong>Mar\u00eda Elva Pinckert argumenta que el MAS la persigue<\/strong><\/em><\/h4>\n<p><em><strong>LA PAZ 5 ABR &#8211;<\/strong> <\/em>La exministra de Aguas de Bolivia, Mar\u00eda Elva Pinckert, se declar\u00f3 &#8220;en la clandestinidad&#8221;, anunci\u00f3 que &#8220;pidi\u00f3 asilo pol\u00edtico&#8221; y dijo ser una perseguida del Movimiento al Socialismo (MAS), el partido que gobierna el pa\u00eds con Luis Arce como presidente, cercano a Evo Morales.<br \/>\nLa exfuncionaria se suma a Yerko N\u00fa\u00f1ez, Fernando L\u00f3pez y Arturo Murillo, otros exministros del gobierno interino de la presidenta Jeanine A\u00f1ez que huyeron de Bolivia.<br \/>\nPinckert se declar\u00f3 &#8220;perseguida pol\u00edtica del MAS en Bolivia&#8221; y afirm\u00f3 que ya pidi\u00f3 asilo -aunque no indic\u00f3 en qu\u00e9 pa\u00eds-, precis\u00f3 que est\u00e1 a buen recaudo y que volver\u00e1 cuando la justicia &#8220;sea independiente&#8221;, detall\u00f3 en su edici\u00f3n online el diario El Deber.<br \/>\nTambi\u00e9n explic\u00f3 que eligi\u00f3 este camino luego de ver el trato que da el Gobierno a A\u00f1ez, quien se encuentra presa acusada de promover y participar en un golpe de Estado contra Morales en 2019, lo mismo que otros de sus funcionarios.<br \/>\n&#8220;En este \u00faltimo tiempo he sido duramente golpeada, ya que hace menos de dos meses tuve la desgracia de perder al compa\u00f1ero de mi vida durante 40 a\u00f1os mi esposo, la otra mitad de m\u00ed, Tito Paz, quien falleci\u00f3 a causa del Covid&#8221;, narr\u00f3 Pinckert en una carta p\u00fablica.<br \/>\n&#8220;Esta situaci\u00f3n me ha provocado una gran depresi\u00f3n c\u00f3mo le ocurrir\u00eda a cualquier mujer que ha perdido al amor de su vida.<br \/>\nAdem\u00e1s de eso, fui afectada por el Covid y el dengue que ocasionaron mi internaci\u00f3n en un centro m\u00e9dico, agravando mi estado de salud por la depresi\u00f3n en la que me encontraba&#8221;, prosigui\u00f3.<br \/>\nEn medio de esa crisis, cont\u00f3 que se enter\u00f3 de que el gobierno de Arce estaba encaminando dos procesos penales por supuestos delitos que, seg\u00fan ella, nunca cometi\u00f3.<br \/>\nPor eso, dijo est\u00e1 ahora en un lugar donde se respetan sus derechos constitucionales y no se pone en riesgo su salud y su integridad f\u00edsica o psicol\u00f3gica.<br \/>\n&#8220;Estoy dispuesta a presentarme ante la justicia boliviana, cuando esta vuelva a ser imparcial y garantice mis derechos fundamentales dentro de un debido proceso&#8221;, afirm\u00f3 luego al tiempo que expres\u00f3 &#8220;profunda solidaridad&#8221; a A\u00f1ez.<\/p>\n","protected":false},"excerpt":{"rendered":"<p>Mar\u00eda Elva Pinckert argumenta que el MAS la persigue LA PAZ 5 ABR &#8211; La exministra de Aguas de Bolivia, Mar\u00eda Elva Pinckert, se declar\u00f3&hellip;<\/p>\n","protected":false},"author":99,"featured_media":497003,"comment_status":"open","ping_status":"open","sticky":false,"template":"","format":"standard","meta":{"footnotes":""},"categories":[23],"tags":[],"class_list":["post-497002","post","type-post","status-publish","format-standard","has-post-thumbnail","hentry","category-latinoamerica"],"_links":{"self":[{"href":"https:\/\/diarioelpopular.com\/index.php\/wp-json\/wp\/v2\/posts\/497002","targetHints":{"allow":["GET"]}}],"collection":[{"href":"https:\/\/diarioelpopular.com\/index.php\/wp-json\/wp\/v2\/posts"}],"about":[{"href":"https:\/\/diarioelpopular.com\/index.php\/wp-json\/wp\/v2\/types\/post"}],"author":[{"embeddable":true,"href":"https:\/\/diarioelpopular.com\/index.php\/wp-json\/wp\/v2\/users\/99"}],"replies":[{"embeddable":true,"href":"https:\/\/diarioelpopular.com\/index.php\/wp-json\/wp\/v2\/comments?post=497002"}],"version-history":[{"count":1,"href":"https:\/\/diarioelpopular.com\/index.php\/wp-json\/wp\/v2\/posts\/497002\/revisions"}],"predecessor-version":[{"id":497004,"href":"https:\/\/diarioelpopular.com\/index.php\/wp-json\/wp\/v2\/posts\/497002\/revisions\/497004"}],"wp:featuredmedia":[{"embeddable":true,"href":"https:\/\/diarioelpopular.com\/index.php\/wp-json\/wp\/v2\/media\/497003"}],"wp:attachment":[{"href":"https:\/\/diarioelpopular.com\/index.php\/wp-json\/wp\/v2\/media?parent=497002"}],"wp:term":[{"taxonomy":"category","embeddable":true,"href":"https:\/\/diarioelpopular.com\/index.php\/wp-json\/wp\/v2\/categories?post=497002"},{"taxonomy":"post_tag","embeddable":true,"href":"https:\/\/diarioelpopular.com\/index.php\/wp-json\/wp\/v2\/tags?post=497002"}],"curies":[{"name":"wp","href":"https:\/\/api.w.org\/{rel}","templated":true}]}}