{"id":497005,"date":"2021-04-05T13:06:08","date_gmt":"2021-04-05T17:06:08","guid":{"rendered":"https:\/\/diarioelpopular.com\/?p=497005"},"modified":"2021-04-05T13:06:08","modified_gmt":"2021-04-05T17:06:08","slug":"argentina-evalua-volver-a-duras-restricciones","status":"publish","type":"post","link":"https:\/\/diarioelpopular.com\/index.php\/2021\/04\/05\/argentina-evalua-volver-a-duras-restricciones\/","title":{"rendered":"Argentina eval\u00faa volver a duras restricciones"},"content":{"rendered":"<div id=\"attachment_497006\" style=\"width: 310px\" class=\"wp-caption alignnone\"><img loading=\"lazy\" decoding=\"async\" aria-describedby=\"caption-attachment-497006\" class=\"size-medium wp-image-497006\" src=\"https:\/\/diarioelpopular.com\/wp-content\/uploads\/2021\/04\/e80e995e34852f85c40005b1accc81a4-300x204.jpg\" alt=\"\" width=\"300\" height=\"204\" srcset=\"https:\/\/diarioelpopular.com\/wp-content\/uploads\/2021\/04\/e80e995e34852f85c40005b1accc81a4-300x204.jpg 300w, https:\/\/diarioelpopular.com\/wp-content\/uploads\/2021\/04\/e80e995e34852f85c40005b1accc81a4-80x55.jpg 80w, https:\/\/diarioelpopular.com\/wp-content\/uploads\/2021\/04\/e80e995e34852f85c40005b1accc81a4-108x73.jpg 108w, https:\/\/diarioelpopular.com\/wp-content\/uploads\/2021\/04\/e80e995e34852f85c40005b1accc81a4.jpg 476w\" sizes=\"auto, (max-width: 300px) 100vw, 300px\" \/><p id=\"caption-attachment-497006\" class=\"wp-caption-text\"><em>Una terminal de trenes de Buenos Aires vac\u00eda. Argentina eval\u00faa aplicar nuevas restricciones ante el aumento de casos<\/em><\/p><\/div>\n<h4><em><strong>Temores por la cepa brasile\u00f1a de Manaos<\/strong><\/em><\/h4>\n<p><em><strong>BUENOS AIRES 5 ABR &#8211;<\/strong><\/em> El aumento considerable de infecciones de Covid-19 en Argentina, con un 65% de crecimiento en la \u00faltima semana, obligar\u00e1 a tomar medidas de restricci\u00f3n y mayores controles en las pr\u00f3ximas horas, seg\u00fan adelantos de fuentes oficiales citadas por la prensa.<br \/>\nEl Jefe de Gabinete Santiago Cafiero convoc\u00f3 para esta tarde a sus pares de Ciudad, Felipe Miguel, y de provincia de Buenos Aires, Carlos Bianco, a una reuni\u00f3n para analizar posibles medidas para frenar el avance de la segunda ola de coronavirus, report\u00f3 el peri\u00f3dico Ambito Financiero.<br \/>\nEn la cita estar\u00e1 presentes los ministros de Salud Carla Vizzotti (naci\u00f3n), Daniel Goll\u00e1n (provincia de Buenos Aires) y Fern\u00e1n Quiroz (ciudad capital).<br \/>\nVizzotti, adelant\u00f3 el fin de semana que &#8220;se est\u00e1n evaluando algunas recomendaciones y medidas nacionales, en relaci\u00f3n a la disminuci\u00f3n de la circulaci\u00f3n de personas&#8221;, pero advirti\u00f3 que &#8220;cualquier medida debe tener el acatamiento y el compromiso tambi\u00e9n de la sociedad&#8221;.<br \/>\nEn la \u00faltima semana, el promedio de casos positivos de coronavirus en Argentina se increment\u00f3 a m\u00e1s de 12 mil por d\u00eda, lo que representa un 65% m\u00e1s que los siete d\u00edas previos, seg\u00fan datos de un detallado estudio acad\u00e9mico.<br \/>\nUn trabajo del Grupo de Investigaci\u00f3n en Bases de Datos (GIBD) de la Facultad Regional de Concepci\u00f3n del Uruguay, que depende de \u00f1a Universidad Tecnol\u00f3gica Nacional (UTN), muestra adem\u00e1s que el 60% de los nuevos infectados se concentra en la Provincia de Buenos Aires y la Ciudad de Buenos Aires.<br \/>\nEn las \u00faltimas 24 horas, se inform\u00f3 anoche, se detectaron 9.955 nuevos casos de coronavirus en todo el pa\u00eds, de los cuales solo 1.944 se registraron en la ciudad de Buenos Aires, un nuevo r\u00e9cord para la capital argentina, superando al pico que hab\u00eda alcanzado el pasado mi\u00e9rcoles de 1.707 infectados.<br \/>\nAs\u00ed lo inform\u00f3 el \u00faltimo parte del ministerio de Salud de la Naci\u00f3n, seg\u00fan el cual en el \u00faltimo d\u00eda el n\u00famero de muertos fue de 93 y de ellos 76 fueron en la provincia de Buenos Aires.<br \/>\nCon estas cifras, el total de contagios ascendi\u00f3 a 2.393.492 y el de decesos trep\u00f3 a 56.199 desde que comenz\u00f3 la pandemia en el pa\u00eds, el 20 de marzo de 2020.<br \/>\nLas cifras muestran que el virus est\u00e1 teniendo el mismo comportamiento que el a\u00f1o pasado. Se concentra en la Ciudad de Buenos Aires y su periferia, y luego comienza a expandirse.<br \/>\nAs\u00ed lo detall\u00f3 el presidente Alberto Fern\u00e1ndez, actualmente con Covid-19, pero, al estar vacunado, lo cursa con s\u00edntomas leves.<br \/>\nEn tanto, el viceministro de Salud bonaerense, Nicol\u00e1s Kreplak, ya dej\u00f3 en claro la alarma en su distrito por la cepa brasile\u00f1a de Manaos.<br \/>\n&#8220;Si no se toman medidas fuertes hay mucho riesgo de que se sature el sistema de salud&#8221;, dijo y resalt\u00f3 que los n\u00fameros de casos &#8220;son alarmantes&#8221; y que en la provincia ya se detect\u00f3 la cepa de Manaos, una de las m\u00e1s contagiosas y que mayor preocupaci\u00f3n le genera al Gobierno.<br \/>\nEsa variante, estiman los expertos, ingresa por la zona de fronteras con Brasil. De hecho, se han registrado casos en Formosa, en la localidad de Clorinda, en el noreste argentino.<\/p>\n","protected":false},"excerpt":{"rendered":"<p>Temores por la cepa brasile\u00f1a de Manaos BUENOS AIRES 5 ABR &#8211; El aumento considerable de infecciones de Covid-19 en Argentina, con un 65% de&hellip;<\/p>\n","protected":false},"author":99,"featured_media":497006,"comment_status":"open","ping_status":"open","sticky":false,"template":"","format":"standard","meta":{"footnotes":""},"categories":[23],"tags":[],"class_list":["post-497005","post","type-post","status-publish","format-standard","has-post-thumbnail","hentry","category-latinoamerica"],"_links":{"self":[{"href":"https:\/\/diarioelpopular.com\/index.php\/wp-json\/wp\/v2\/posts\/497005","targetHints":{"allow":["GET"]}}],"collection":[{"href":"https:\/\/diarioelpopular.com\/index.php\/wp-json\/wp\/v2\/posts"}],"about":[{"href":"https:\/\/diarioelpopular.com\/index.php\/wp-json\/wp\/v2\/types\/post"}],"author":[{"embeddable":true,"href":"https:\/\/diarioelpopular.com\/index.php\/wp-json\/wp\/v2\/users\/99"}],"replies":[{"embeddable":true,"href":"https:\/\/diarioelpopular.com\/index.php\/wp-json\/wp\/v2\/comments?post=497005"}],"version-history":[{"count":1,"href":"https:\/\/diarioelpopular.com\/index.php\/wp-json\/wp\/v2\/posts\/497005\/revisions"}],"predecessor-version":[{"id":497007,"href":"https:\/\/diarioelpopular.com\/index.php\/wp-json\/wp\/v2\/posts\/497005\/revisions\/497007"}],"wp:featuredmedia":[{"embeddable":true,"href":"https:\/\/diarioelpopular.com\/index.php\/wp-json\/wp\/v2\/media\/497006"}],"wp:attachment":[{"href":"https:\/\/diarioelpopular.com\/index.php\/wp-json\/wp\/v2\/media?parent=497005"}],"wp:term":[{"taxonomy":"category","embeddable":true,"href":"https:\/\/diarioelpopular.com\/index.php\/wp-json\/wp\/v2\/categories?post=497005"},{"taxonomy":"post_tag","embeddable":true,"href":"https:\/\/diarioelpopular.com\/index.php\/wp-json\/wp\/v2\/tags?post=497005"}],"curies":[{"name":"wp","href":"https:\/\/api.w.org\/{rel}","templated":true}]}}