{"id":497012,"date":"2021-04-06T15:37:51","date_gmt":"2021-04-06T19:37:51","guid":{"rendered":"https:\/\/diarioelpopular.com\/?p=497012"},"modified":"2021-04-06T15:37:51","modified_gmt":"2021-04-06T19:37:51","slug":"argentina-aumento-sostenido-y-acelerado-de-casos","status":"publish","type":"post","link":"https:\/\/diarioelpopular.com\/index.php\/2021\/04\/06\/argentina-aumento-sostenido-y-acelerado-de-casos\/","title":{"rendered":"Argentina, aumento &#8220;sostenido y acelerado&#8221; de casos"},"content":{"rendered":"<div id=\"attachment_497013\" style=\"width: 160px\" class=\"wp-caption alignnone\"><img loading=\"lazy\" decoding=\"async\" aria-describedby=\"caption-attachment-497013\" class=\"size-thumbnail wp-image-497013\" src=\"https:\/\/diarioelpopular.com\/wp-content\/uploads\/2021\/04\/d7ec577bf093a80cb14caea3a1a54cc8-150x150.jpg\" alt=\"\" width=\"150\" height=\"150\" \/><p id=\"caption-attachment-497013\" class=\"wp-caption-text\"><em>El lunes hab\u00eda largas filas para testeos en los hospitales de la Ciudad de Buenos Aires<\/em><br \/><em>(foto: ANSA)<\/em><\/p><\/div>\n<h4><em><strong>Ministra de Salud Vizzotti, &#8220;la segunda ola es un hecho&#8221;<\/strong><\/em><\/h4>\n<p><em><strong>BUENOS AIRES, 06 APR &#8211;<\/strong> <\/em>La ministra de Salud argentina, Carla Vizzotti, advirti\u00f3 hoy que hay &#8220;un aumento sostenido y acelerado&#8221; de casos de coronavirus en el pa\u00eds, asegurando que &#8220;la segunda ola ya es un hecho&#8221;.<br \/>\nEn conferencia de prensa en la Casa Rosada, Vizzotti se\u00f1al\u00f3 que &#8220;esta situaci\u00f3n es compatible con el contexto global&#8221;, y agreg\u00f3 que &#8220;hay un aumento significativo en la demanda espont\u00e1nea de asistencia de la ciudadan\u00eda y tensi\u00f3n en algunas regiones del sistema de salud&#8221;.<br \/>\nLa ministra record\u00f3 que Argentina &#8220;inici\u00f3 su programa de vacunaci\u00f3n antes del aumento de casos yd el ingreso de esta segunda ola&#8221; y anunci\u00f3 que el 90% de los trabajadores de la salud en todo el pa\u00eds ya est\u00e1n inmunizados con una dosis.<br \/>\nEl gobierno, prosigui\u00f3, acordar\u00e1 hoy nuevas medidas para contrarrestar esta tendencia al agravamiento.<br \/>\nVizzotti explic\u00f3 que ser\u00e1n &#8220;acciones localizadas y transitorias, sin impacto en actividades productivas, comerciales y recreativas que no se consideren foco de contagio&#8221;, procurando tambi\u00e9n limitar los efectos sobre el sector educativo al m\u00ednimo posible.<br \/>\n&#8220;Las pr\u00f3ximas tres semanas &#8211; concluy\u00f3 Vizzotti &#8211; son fundamentales&#8221; y &#8220;ser\u00e1 necesario bajar la transmisi\u00f3n del virus para vacunar a las personas con mayor riesgo en ese lapso de tiempo&#8221;.<\/p>\n","protected":false},"excerpt":{"rendered":"<p>Ministra de Salud Vizzotti, &#8220;la segunda ola es un hecho&#8221; BUENOS AIRES, 06 APR &#8211; La ministra de Salud argentina, Carla Vizzotti, advirti\u00f3 hoy que&hellip;<\/p>\n","protected":false},"author":99,"featured_media":497013,"comment_status":"open","ping_status":"open","sticky":false,"template":"","format":"standard","meta":{"footnotes":""},"categories":[23],"tags":[],"class_list":["post-497012","post","type-post","status-publish","format-standard","has-post-thumbnail","hentry","category-latinoamerica"],"_links":{"self":[{"href":"https:\/\/diarioelpopular.com\/index.php\/wp-json\/wp\/v2\/posts\/497012","targetHints":{"allow":["GET"]}}],"collection":[{"href":"https:\/\/diarioelpopular.com\/index.php\/wp-json\/wp\/v2\/posts"}],"about":[{"href":"https:\/\/diarioelpopular.com\/index.php\/wp-json\/wp\/v2\/types\/post"}],"author":[{"embeddable":true,"href":"https:\/\/diarioelpopular.com\/index.php\/wp-json\/wp\/v2\/users\/99"}],"replies":[{"embeddable":true,"href":"https:\/\/diarioelpopular.com\/index.php\/wp-json\/wp\/v2\/comments?post=497012"}],"version-history":[{"count":1,"href":"https:\/\/diarioelpopular.com\/index.php\/wp-json\/wp\/v2\/posts\/497012\/revisions"}],"predecessor-version":[{"id":497014,"href":"https:\/\/diarioelpopular.com\/index.php\/wp-json\/wp\/v2\/posts\/497012\/revisions\/497014"}],"wp:featuredmedia":[{"embeddable":true,"href":"https:\/\/diarioelpopular.com\/index.php\/wp-json\/wp\/v2\/media\/497013"}],"wp:attachment":[{"href":"https:\/\/diarioelpopular.com\/index.php\/wp-json\/wp\/v2\/media?parent=497012"}],"wp:term":[{"taxonomy":"category","embeddable":true,"href":"https:\/\/diarioelpopular.com\/index.php\/wp-json\/wp\/v2\/categories?post=497012"},{"taxonomy":"post_tag","embeddable":true,"href":"https:\/\/diarioelpopular.com\/index.php\/wp-json\/wp\/v2\/tags?post=497012"}],"curies":[{"name":"wp","href":"https:\/\/api.w.org\/{rel}","templated":true}]}}