{"id":497015,"date":"2021-04-06T15:40:54","date_gmt":"2021-04-06T19:40:54","guid":{"rendered":"https:\/\/diarioelpopular.com\/?p=497015"},"modified":"2021-04-06T15:40:54","modified_gmt":"2021-04-06T19:40:54","slug":"migracion-sobresale-en-agenda-de-enviado-de-ee-uu-a-centroamerica","status":"publish","type":"post","link":"https:\/\/diarioelpopular.com\/index.php\/2021\/04\/06\/migracion-sobresale-en-agenda-de-enviado-de-ee-uu-a-centroamerica\/","title":{"rendered":"Migraci\u00f3n sobresale en agenda de enviado de EE.UU. a Centroam\u00e9rica"},"content":{"rendered":"<p><img loading=\"lazy\" decoding=\"async\" class=\"alignnone size-custom-full-size wp-image-497016\" src=\"https:\/\/diarioelpopular.com\/wp-content\/uploads\/2021\/04\/Migracio--n-Me--xico-636x358.jpg\" alt=\"\" width=\"636\" height=\"358\" srcset=\"https:\/\/diarioelpopular.com\/wp-content\/uploads\/2021\/04\/Migracio--n-Me--xico-636x358.jpg 636w, https:\/\/diarioelpopular.com\/wp-content\/uploads\/2021\/04\/Migracio--n-Me--xico-300x169.jpg 300w, https:\/\/diarioelpopular.com\/wp-content\/uploads\/2021\/04\/Migracio--n-Me--xico-130x73.jpg 130w, https:\/\/diarioelpopular.com\/wp-content\/uploads\/2021\/04\/Migracio--n-Me--xico.jpg 640w\" sizes=\"auto, (max-width: 636px) 100vw, 636px\" \/><\/p>\n<h4><em><strong>El enviado especial del presidente estadounidense Joe Biden al llamado Tri\u00e1ngulo Norte de Centroam\u00e9rica, Ricardo Z\u00fa\u00f1iga, inici\u00f3 este lunes una gira por Guatemala y El Salvador destinada a abordar el aumento vertiginoso de la migraci\u00f3n, con una reuni\u00f3n con el presidente guatemalteco Alejandro Giammattei.<\/strong><\/em><\/h4>\n<p>El Tri\u00e1ngulo Norte est\u00e1 formado por Honduras, Guatemala y El Salvador y conforma un \u00e1rea que en los \u00faltimos a\u00f1os ha originado la mayor parte de flujos de migrantes hacia a Estados Unidos.<\/p>\n<p>La visita de Z\u00fa\u00f1iga se produce cuando los cruces de migrantes en la frontera entre M\u00e9xico y Estados Unidos marcaron un r\u00e9cord en marzo, lo que agrega urgencia al impulso de Biden para renovar la pol\u00edtica fronteriza de su pa\u00eds y, al mismo tiempo, controlar esos movimientos crecientes de gente.<\/p>\n<p>La reuni\u00f3n de Z\u00fa\u00f1iga con Giammattei es seguida este martes por conversaciones con otros funcionarios guatemaltecos en las que se abordar\u00e1n, m\u00e1s all\u00e1 de la migraci\u00f3n, temas de seguridad y desarrollo econ\u00f3mico, inform\u00f3 el lunes en un comunicado la oficina del presidente centroamericano.<\/p>\n<p>El enviado estadounidense tambi\u00e9n visitar\u00e1 El Salvador m\u00e1s adelante en la semana, seg\u00fan anunci\u00f3 la Casa Blanca el domingo, pero a\u00fan no se han proporcionado los detalles de ese tramo de la gira.<\/p>\n<p>Si bien Z\u00fa\u00f1iga no tiene programado visitar Honduras esta semana, s\u00ed discuti\u00f3 sobre migraci\u00f3n \u201cde manera exhaustiva\u201d con el canciller de esa naci\u00f3n, Lisandro Rosales, el viernes pasado, seg\u00fan un comunicado divulgado el lunes por el ministerio de relaciones exteriores hondure\u00f1o.<\/p>\n<p>Se espera que contin\u00faen las conversaciones adicionales entre funcionarios del pa\u00eds centroamericano y Z\u00fa\u00f1iga el 9 de abril en Washington, agreg\u00f3 el texto.<\/p>\n<p>Las autoridades estadounidenses capturaron a m\u00e1s de 171,000 migrantes a lo largo de su frontera con M\u00e9xico en marzo, un 178% m\u00e1s que en febrero y el total mensual m\u00e1s alto en dos d\u00e9cadas, la \u00faltima se\u00f1al del creciente desaf\u00edo humanitario que enfrenta la administraci\u00f3n Biden, de poco m\u00e1s de dos meses. (Reporte de Sof\u00eda Mench\u00fa \u200b\u200ben Ciudad de Guatemala. Reporte adicional de Gustavo Palencia en Tegucigalpa y Nelson Renter\u00eda en San Salvador.<\/p>\n","protected":false},"excerpt":{"rendered":"<p>El enviado especial del presidente estadounidense Joe Biden al llamado Tri\u00e1ngulo Norte de Centroam\u00e9rica, Ricardo Z\u00fa\u00f1iga, inici\u00f3 este lunes una gira por Guatemala y El&hellip;<\/p>\n","protected":false},"author":99,"featured_media":497016,"comment_status":"open","ping_status":"open","sticky":false,"template":"","format":"standard","meta":{"footnotes":""},"categories":[23],"tags":[],"class_list":["post-497015","post","type-post","status-publish","format-standard","has-post-thumbnail","hentry","category-latinoamerica"],"_links":{"self":[{"href":"https:\/\/diarioelpopular.com\/index.php\/wp-json\/wp\/v2\/posts\/497015","targetHints":{"allow":["GET"]}}],"collection":[{"href":"https:\/\/diarioelpopular.com\/index.php\/wp-json\/wp\/v2\/posts"}],"about":[{"href":"https:\/\/diarioelpopular.com\/index.php\/wp-json\/wp\/v2\/types\/post"}],"author":[{"embeddable":true,"href":"https:\/\/diarioelpopular.com\/index.php\/wp-json\/wp\/v2\/users\/99"}],"replies":[{"embeddable":true,"href":"https:\/\/diarioelpopular.com\/index.php\/wp-json\/wp\/v2\/comments?post=497015"}],"version-history":[{"count":1,"href":"https:\/\/diarioelpopular.com\/index.php\/wp-json\/wp\/v2\/posts\/497015\/revisions"}],"predecessor-version":[{"id":497017,"href":"https:\/\/diarioelpopular.com\/index.php\/wp-json\/wp\/v2\/posts\/497015\/revisions\/497017"}],"wp:featuredmedia":[{"embeddable":true,"href":"https:\/\/diarioelpopular.com\/index.php\/wp-json\/wp\/v2\/media\/497016"}],"wp:attachment":[{"href":"https:\/\/diarioelpopular.com\/index.php\/wp-json\/wp\/v2\/media?parent=497015"}],"wp:term":[{"taxonomy":"category","embeddable":true,"href":"https:\/\/diarioelpopular.com\/index.php\/wp-json\/wp\/v2\/categories?post=497015"},{"taxonomy":"post_tag","embeddable":true,"href":"https:\/\/diarioelpopular.com\/index.php\/wp-json\/wp\/v2\/tags?post=497015"}],"curies":[{"name":"wp","href":"https:\/\/api.w.org\/{rel}","templated":true}]}}