{"id":497027,"date":"2021-04-09T12:19:16","date_gmt":"2021-04-09T16:19:16","guid":{"rendered":"https:\/\/diarioelpopular.com\/?p=497027"},"modified":"2021-04-09T12:19:16","modified_gmt":"2021-04-09T16:19:16","slug":"guatemala-comparte-con-honduras-paraguay-y-trinidad-y-tobago-las-peores-cifras-de-vacunacion-anticovid-19","status":"publish","type":"post","link":"https:\/\/diarioelpopular.com\/index.php\/2021\/04\/09\/guatemala-comparte-con-honduras-paraguay-y-trinidad-y-tobago-las-peores-cifras-de-vacunacion-anticovid-19\/","title":{"rendered":"Guatemala comparte con Honduras, Paraguay, y Trinidad y Tobago las peores cifras de vacunaci\u00f3n antiCOVID-19"},"content":{"rendered":"<h4><img loading=\"lazy\" decoding=\"async\" class=\"alignnone size-custom-full-size wp-image-497028\" src=\"https:\/\/diarioelpopular.com\/wp-content\/uploads\/2021\/04\/peores_cifras-636x424.jpg\" alt=\"\" width=\"636\" height=\"424\" srcset=\"https:\/\/diarioelpopular.com\/wp-content\/uploads\/2021\/04\/peores_cifras-636x424.jpg 636w, https:\/\/diarioelpopular.com\/wp-content\/uploads\/2021\/04\/peores_cifras-300x200.jpg 300w, https:\/\/diarioelpopular.com\/wp-content\/uploads\/2021\/04\/peores_cifras-109x73.jpg 109w, https:\/\/diarioelpopular.com\/wp-content\/uploads\/2021\/04\/peores_cifras.jpg 700w\" sizes=\"auto, (max-width: 636px) 100vw, 636px\" \/><\/h4>\n<h4><em><strong>A seis semanas de haber comenzado a vacunar contra el COVID-19, Guatemala apenas ha cubierto al 1,48 % de personas contempladas en el Plan Nacional de Vacunaci\u00f3n o el 0,75 % del total de habitantes del pa\u00eds centroamericano, equivalente al cuarto peor registro del continente.<\/strong><\/em><\/h4>\n<p>Pese a que el Gobierno prioriz\u00f3 la vacuna para personal de salud, ha habido confusi\u00f3n entre los habitantes y vac\u00edos aprovechados por pol\u00edticos, adultos mayores fuera de tiempo o entidades privadas y organizaciones no gubernamentales que han inscrito a personal que debi\u00f3 aguardar a siguientes fases.<\/p>\n<p>Tras un a\u00f1o y casi un mes de lidiar con la pandemia, Guatemala acumula 6,928 fallecidos y 198,374 contagios de COVID-19, con una tasa de 41,4 decesos por cada 100.000 habitantes y un exceso de mortalidad de 15,000 personas relacionadas con el coronavirus, seg\u00fan estudios basados en informaci\u00f3n oficial.<\/p>\n<p>El Plan Nacional de Vacunaci\u00f3n de Guatemala contempla inyectar a 8,3 millones de personas, la mitad de la poblaci\u00f3n. Son todos los adultos del pa\u00eds, divididos en cuatro fases: personal de salud; mayores de 70 a\u00f1os o de 50 con comorbilidades, polic\u00edas, maestros; militares y adultos en general, con sus respectivas subfases.<\/p>\n<p>Sin embargo, hasta este pasado mi\u00e9rcoles, la cartera sanitaria hab\u00eda cumplido con el 1,48 % del plan.<\/p>\n<p>Es decir, se han aplicado 123,473 dosis de vacunas, en un 98 por ciento correspondientes a la farmac\u00e9utica AstraZeneca y el resto a Moderna.<\/p>\n<p>A la fecha, Guatemala ha recibido 143.300 vacunas (286.600 dosis), 40.800 de ellas conseguidas por medio del mecanismo Covax de la OMS (AstraZeneca), adem\u00e1s de 200.000 donadas por India (tambi\u00e9n de AstraZeneca) y 5.000 obsequiadas por Israel (Moderna).<\/p>\n<p>Si bien Guatemala ha aplicado 123,473 dosis, que en cantidad neta lo ubican como el decimoquinto pa\u00eds con m\u00e1s dosis administradas en Am\u00e9rica -seg\u00fan el tablero de la OMS-, la relaci\u00f3n con el total de la poblaci\u00f3n rebaja aGuatemala a la cuarta peor naci\u00f3n del continente al respecto, con un 0,75 %, por encima de Paraguay (0,61 %), Honduras (0,59) y Trinidad y Tobago (0,08), aunque se desconocen los casos de Venezuela, Cuba y Nicaragua.<\/p>\n<p><em><strong>Desorden en la vacunaci\u00f3n<\/strong><\/em><\/p>\n<p>Durante la Semana Santa, cuando el pa\u00eds descansaba y hay menos personal trabajando, miles de adultos mayores de 70 a\u00f1os acudieron a centros de vacunaci\u00f3n a reclamar la inmunizaci\u00f3n, a\u00fan cuando no les correspond\u00eda seg\u00fan el plan original.<\/p>\n<p>Una cantidad incierta de estos fue vacunada tras esperar m\u00e1s de 8 horas en promedio, bajo el sol, aglomeraciones y las reducidas temperaturas de madrugada.<\/p>\n<p>Los adultos mayores, aparentemente, arribaron al lugar de vacunaci\u00f3n tras recibir informaci\u00f3n falsa en cadenas por redes sociales y por la aplicaci\u00f3n WhatsApp.<\/p>\n<p>Tambi\u00e9n hubo pol\u00e9mica en marzo pasado cuando se hizo p\u00fablico que estudiantes de primer y segundo a\u00f1o de medicina de la Universidad Francisco Marroqu\u00edn (privada), as\u00ed como personal de limpieza y seguridad de la instituci\u00f3n, tambi\u00e9n fueron inscritos y vacunados, a\u00fan cuando no tienen trato hospitalario directo.<\/p>\n<p><em><strong>Falta de transparencia<\/strong><\/em><\/p>\n<p>Apenas el pasado martes, 42 d\u00edas despu\u00e9s de iniciar la vacunaci\u00f3n fue publicado el primer listado preliminar de personas vacunadas, tras presiones de diversos sectores al Ministerio de Salud.<\/p>\n<p>Tambi\u00e9n, expertos y organizaciones no gubernamentales como Laboratorio de Datos, dirigido por la m\u00e9dica y exsecretaria de Planificaci\u00f3n de la Presidencia (2008-2012), Karin Slowing, han se\u00f1alado que hay renglones de los listados de personas vacunadas no expl\u00edcitos, una situaci\u00f3n que da pie a la opacidad.<\/p>\n<p>El propio Ministerio de Salud ha categorizado 18,783 personas en un rengl\u00f3n \u201cotros\u201d, que contempla \u201ctrabajadores vinculados a servicios de salud que no est\u00e1n categorizados dentro de la lista de los puestos m\u00e1s comunes\u201d, y afirma que \u201cen un campo adicional se agrega la descripci\u00f3n del puesto espec\u00edfico\u201d.<\/p>\n<p>Es el caso del alcalde de Villa Canales, en la periferia de la capital guatemalteca, Julio Marroqu\u00edn, investigado por haber sido vacunado en marzo tras haberse registrado como supuesto &#8220;jefe de las Cl\u00ednicas Municipales de Salud&#8221; del municipio que preside, seg\u00fan \u00e9l &#8220;autorizado por el \u00e1rea de Salud correspondiente&#8221;.<\/p>\n<p>La directora de Comunicaci\u00f3n del Ministerio de Salud, Julia Barrera, indic\u00f3 que, &#8220;<em>de acuerdo con el Sistema Gerencial en Salud, los nombres de personas vacunadas al momento corresponden a las que se han registrado y acreditado como de la Fase actual de vacunaci\u00f3n que es la Uno<\/em>&#8220;.<\/p>\n<p>Adem\u00e1s, la cartera <em>\u201cha advertido a todas las instituciones que est\u00e1n registrando personal para que estos cumplan con los criterios establecidos en dicha Fase\u201d<\/em>, indic\u00f3 Barrera.<\/p>\n","protected":false},"excerpt":{"rendered":"<p>A seis semanas de haber comenzado a vacunar contra el COVID-19, Guatemala apenas ha cubierto al 1,48 % de personas contempladas en el Plan Nacional&hellip;<\/p>\n","protected":false},"author":99,"featured_media":497028,"comment_status":"open","ping_status":"open","sticky":false,"template":"","format":"standard","meta":{"footnotes":""},"categories":[23],"tags":[],"class_list":["post-497027","post","type-post","status-publish","format-standard","has-post-thumbnail","hentry","category-latinoamerica"],"_links":{"self":[{"href":"https:\/\/diarioelpopular.com\/index.php\/wp-json\/wp\/v2\/posts\/497027","targetHints":{"allow":["GET"]}}],"collection":[{"href":"https:\/\/diarioelpopular.com\/index.php\/wp-json\/wp\/v2\/posts"}],"about":[{"href":"https:\/\/diarioelpopular.com\/index.php\/wp-json\/wp\/v2\/types\/post"}],"author":[{"embeddable":true,"href":"https:\/\/diarioelpopular.com\/index.php\/wp-json\/wp\/v2\/users\/99"}],"replies":[{"embeddable":true,"href":"https:\/\/diarioelpopular.com\/index.php\/wp-json\/wp\/v2\/comments?post=497027"}],"version-history":[{"count":1,"href":"https:\/\/diarioelpopular.com\/index.php\/wp-json\/wp\/v2\/posts\/497027\/revisions"}],"predecessor-version":[{"id":497029,"href":"https:\/\/diarioelpopular.com\/index.php\/wp-json\/wp\/v2\/posts\/497027\/revisions\/497029"}],"wp:featuredmedia":[{"embeddable":true,"href":"https:\/\/diarioelpopular.com\/index.php\/wp-json\/wp\/v2\/media\/497028"}],"wp:attachment":[{"href":"https:\/\/diarioelpopular.com\/index.php\/wp-json\/wp\/v2\/media?parent=497027"}],"wp:term":[{"taxonomy":"category","embeddable":true,"href":"https:\/\/diarioelpopular.com\/index.php\/wp-json\/wp\/v2\/categories?post=497027"},{"taxonomy":"post_tag","embeddable":true,"href":"https:\/\/diarioelpopular.com\/index.php\/wp-json\/wp\/v2\/tags?post=497027"}],"curies":[{"name":"wp","href":"https:\/\/api.w.org\/{rel}","templated":true}]}}