{"id":497058,"date":"2021-04-10T13:01:08","date_gmt":"2021-04-10T17:01:08","guid":{"rendered":"https:\/\/diarioelpopular.com\/?p=497058"},"modified":"2021-04-10T13:01:08","modified_gmt":"2021-04-10T17:01:08","slug":"la-peste-no-da-tregua-a-chile","status":"publish","type":"post","link":"https:\/\/diarioelpopular.com\/index.php\/2021\/04\/10\/la-peste-no-da-tregua-a-chile\/","title":{"rendered":"La peste no da tregua a Chile"},"content":{"rendered":"<div id=\"attachment_497059\" style=\"width: 310px\" class=\"wp-caption alignnone\"><img loading=\"lazy\" decoding=\"async\" aria-describedby=\"caption-attachment-497059\" class=\"size-medium wp-image-497059\" src=\"https:\/\/diarioelpopular.com\/wp-content\/uploads\/2021\/04\/bcaee692db08a31add70145df6bd8677-300x200.jpg\" alt=\"\" width=\"300\" height=\"200\" srcset=\"https:\/\/diarioelpopular.com\/wp-content\/uploads\/2021\/04\/bcaee692db08a31add70145df6bd8677-300x200.jpg 300w, https:\/\/diarioelpopular.com\/wp-content\/uploads\/2021\/04\/bcaee692db08a31add70145df6bd8677-110x73.jpg 110w, https:\/\/diarioelpopular.com\/wp-content\/uploads\/2021\/04\/bcaee692db08a31add70145df6bd8677.jpg 476w\" sizes=\"auto, (max-width: 300px) 100vw, 300px\" \/><p id=\"caption-attachment-497059\" class=\"wp-caption-text\"><em>Andanada de casos de Covid-19, el sistema sanitario chileno al l\u00edmite<\/em><\/p><\/div>\n<h4><em><strong>Otro r\u00e9cord de contagios diarios con 9.107 infectados. Sistema sanitario al l\u00edmite<\/strong><\/em><\/h4>\n<p><em><strong>SANTIAGO DE CHILE, 10 APR &#8211;<\/strong><\/em> Un nuevo r\u00e9cord de 9.107 casos alcanz\u00f3 este vierners Chile donde la pandemia no da tregua a un sistema sanitario bajo estr\u00e9s, con picos de hospitalizaciones que superan por tercer d\u00eda consecutivo los tres mil pacientes.<br \/>\nTodo en un contexto de vacunaci\u00f3n masiva con 7.284.213 inmunizados contra el Covid-19, de los cuales 4.494.062 personas completaron su esquema de vacunaci\u00f3n.<br \/>\nEl ministro de Salud, Enrique Paris, se\u00f1al\u00f3 ante los 9.171 casos nuevos de Covid-19 reportados hoy que &#8220;es una situaci\u00f3n que nos preocupa mucho, vivimos un momento cr\u00edtico de la pandemia. La palabra clave es prevenir, llamo a la unidad de la naci\u00f3n. Llamo a cuidarse, cuando uno se cuida, cuida a sus seres queridos, cuida a su familia&#8221;.<br \/>\nRecalc\u00f3 que &#8220;es preocupante, pero estamos haciendo todos los esfuerzos posibles para evitar la propagaci\u00f3n del virus y dar la atenci\u00f3n de salud a todos los ciudadanos que lo necesiten&#8221;.<br \/>\nLa autoridad sanitaria insisti\u00f3 en el llamado a mantener las medidas de autocuidado, respetar la cuarentena y reducir la movilidad en este momento cr\u00edtico.<br \/>\n&#8220;Sin bajar los brazos seguiremos en este camino para cuidar la salud de nuestros compatriotas. Es un momento cr\u00edtico y estoy seguro que lo vamos a superar si nos mantenemos unidos&#8221;, enfatiz\u00f3.<br \/>\nHoy se concret\u00f3 el escenario m\u00e1s complejo, calificado de catastr\u00f3fico, que implicaba superar los 9.000 contagios diarios.<br \/>\nPoco antes del mediod\u00eda, Paris se reuni\u00f3 con el presidente Sebasti\u00e1n Pi\u00f1era para analizar la situaci\u00f3n de las unidades de cuidados intensivos, tras lo cual el ministro de Salud reafirm\u00f3 que &#8220;vamos a seguir implementando m\u00e1s camas&#8221;.<br \/>\nConsultado que la cifra de hoy se produce tras dos semanas bajo cuarentenas m\u00e1s estrictas, manifest\u00f3 que &#8220;afortunadamente lo hab\u00edamos previsto, y obviamente que nos estuvimos preparando en este tiempo&#8221;.<br \/>\n&#8220;Esperamos que con el avance de la vacunaci\u00f3n, y con la conciencia que tiene que tener la comunidad podamos ir disminuyendo las cifras. Creo que lo que uno observa o quiere observar son tendencias, no una sola cifra de vez en cuando&#8221;, opin\u00f3.<br \/>\nEl secretario nacional del Colegio M\u00e9dico, Jos\u00e9 Miguel Bernucci, exhort\u00f3 a que &#8220;como sociedad veamos qu\u00e9 no estamos haciendo correctamente&#8221; para prevenir las infecciones.<br \/>\n&#8220;Las medidas de contingencia que estamos tomando, como las cuarentenas, est\u00e1n siendo demasiado laxas y no est\u00e1n logrando controlar los contagios&#8221;, se quej\u00f3.<br \/>\nA\u00f1adi\u00f3 que &#8220;nuestro sistema de salud est\u00e1 totalmente al l\u00edmite y ya con signos de sobrepaso&#8221; y anticip\u00f3 que cerca de un 15% de los nuevos contagios &#8220;se van a transformar en hospitalizaciones entre siete a 14 d\u00edas m\u00e1s&#8221;.<br \/>\nPara prepararse ante el escenario m\u00e1s catastr\u00f3fico, el Minsal aseguraba que se requer\u00edan entre 3.400 y 4.200 camas cr\u00edticas. En la actualidad, la red hospitalaria ha logrado instalar 4.103 camas UCI, y 3.075 est\u00e1n ocupadas por pacientes de coronavirus.<br \/>\nEl m\u00e9dico intensivista del Hospital de la Universidad Cat\u00f3lica, Glenn Hern\u00e1ndez, coment\u00f3 que efectivamente se est\u00e1n haciendo los m\u00e1ximos esfuerzos &#8220;pero m\u00e1s que el Ministerio, los que los hacen son los sanitarios&#8221;.<br \/>\nAgreg\u00f3 en declaraciones a radio Cooperativa que &#8220;ha trascendido que, como la capacidad de los hospitales no da m\u00e1s, est\u00e1n pensando en medidas m\u00e1s extraordinarias, como hacer una gran UCI no s\u00e9 d\u00f3nde&#8221;.<br \/>\nPor \u00faltimo, vio complicado asegurar la atenci\u00f3n de todos los pacientes, como lo hizo Paris: &#8220;uno puede garantizar como una declaraci\u00f3n de intenciones, por supuesto, y \u00e9l tiene que hacerlo, pero no se puede garantizar&#8221;.<br \/>\nEl Minsal report\u00f3 hoy que la cifra total de personas que han sido diagnosticadas con coronavirus en el pa\u00eds alcanza a 1.060.421. De ese total, 44.143 pacientes se encuentran en etapa activa.<br \/>\nEn cuanto a los decesos, de acuerdo a la informaci\u00f3n entregada por el Departamento de Estad\u00edstica e Informaci\u00f3n de Salud (DEIS), en las \u00faltimas 24 horas se registraron 129 fallecidos por causas asociadas al Covid-19. El n\u00famero total de fallecidos asciende a 24.108 en el pa\u00eds.<br \/>\nA la fecha, 3.075 personas se encuentran hospitalizadas en Unidades de Cuidados Intensivos, de las cuales 2.651 est\u00e1n con apoyo de ventilaci\u00f3n mec\u00e1nica.<\/p>\n","protected":false},"excerpt":{"rendered":"<p>Otro r\u00e9cord de contagios diarios con 9.107 infectados. Sistema sanitario al l\u00edmite SANTIAGO DE CHILE, 10 APR &#8211; Un nuevo r\u00e9cord de 9.107 casos alcanz\u00f3&hellip;<\/p>\n","protected":false},"author":99,"featured_media":497059,"comment_status":"open","ping_status":"open","sticky":false,"template":"","format":"standard","meta":{"footnotes":""},"categories":[23],"tags":[],"class_list":["post-497058","post","type-post","status-publish","format-standard","has-post-thumbnail","hentry","category-latinoamerica"],"_links":{"self":[{"href":"https:\/\/diarioelpopular.com\/index.php\/wp-json\/wp\/v2\/posts\/497058","targetHints":{"allow":["GET"]}}],"collection":[{"href":"https:\/\/diarioelpopular.com\/index.php\/wp-json\/wp\/v2\/posts"}],"about":[{"href":"https:\/\/diarioelpopular.com\/index.php\/wp-json\/wp\/v2\/types\/post"}],"author":[{"embeddable":true,"href":"https:\/\/diarioelpopular.com\/index.php\/wp-json\/wp\/v2\/users\/99"}],"replies":[{"embeddable":true,"href":"https:\/\/diarioelpopular.com\/index.php\/wp-json\/wp\/v2\/comments?post=497058"}],"version-history":[{"count":1,"href":"https:\/\/diarioelpopular.com\/index.php\/wp-json\/wp\/v2\/posts\/497058\/revisions"}],"predecessor-version":[{"id":497060,"href":"https:\/\/diarioelpopular.com\/index.php\/wp-json\/wp\/v2\/posts\/497058\/revisions\/497060"}],"wp:featuredmedia":[{"embeddable":true,"href":"https:\/\/diarioelpopular.com\/index.php\/wp-json\/wp\/v2\/media\/497059"}],"wp:attachment":[{"href":"https:\/\/diarioelpopular.com\/index.php\/wp-json\/wp\/v2\/media?parent=497058"}],"wp:term":[{"taxonomy":"category","embeddable":true,"href":"https:\/\/diarioelpopular.com\/index.php\/wp-json\/wp\/v2\/categories?post=497058"},{"taxonomy":"post_tag","embeddable":true,"href":"https:\/\/diarioelpopular.com\/index.php\/wp-json\/wp\/v2\/tags?post=497058"}],"curies":[{"name":"wp","href":"https:\/\/api.w.org\/{rel}","templated":true}]}}