{"id":497073,"date":"2021-04-12T11:49:24","date_gmt":"2021-04-12T15:49:24","guid":{"rendered":"https:\/\/diarioelpopular.com\/?p=497073"},"modified":"2021-04-12T11:49:24","modified_gmt":"2021-04-12T15:49:24","slug":"4-401-casos-de-covid-19-este-lunes-y-otro-registro-de-pacientes-de-uci","status":"publish","type":"post","link":"https:\/\/diarioelpopular.com\/index.php\/2021\/04\/12\/4-401-casos-de-covid-19-este-lunes-y-otro-registro-de-pacientes-de-uci\/","title":{"rendered":"4.401 casos de COVID-19, este lunes y otro registro de pacientes de UCI"},"content":{"rendered":"<p><img loading=\"lazy\" decoding=\"async\" class=\"alignnone size-medium wp-image-497078\" src=\"https:\/\/diarioelpopular.com\/wp-content\/uploads\/2021\/04\/Screen-Shot-2021-04-12-at-11.10.26-AM-300x170.png\" alt=\"\" width=\"300\" height=\"170\" srcset=\"https:\/\/diarioelpopular.com\/wp-content\/uploads\/2021\/04\/Screen-Shot-2021-04-12-at-11.10.26-AM-300x170.png 300w, https:\/\/diarioelpopular.com\/wp-content\/uploads\/2021\/04\/Screen-Shot-2021-04-12-at-11.10.26-AM-768x436.png 768w, https:\/\/diarioelpopular.com\/wp-content\/uploads\/2021\/04\/Screen-Shot-2021-04-12-at-11.10.26-AM-636x361.png 636w, https:\/\/diarioelpopular.com\/wp-content\/uploads\/2021\/04\/Screen-Shot-2021-04-12-at-11.10.26-AM-129x73.png 129w, https:\/\/diarioelpopular.com\/wp-content\/uploads\/2021\/04\/Screen-Shot-2021-04-12-at-11.10.26-AM.png 1024w\" sizes=\"auto, (max-width: 300px) 100vw, 300px\" \/><\/p>\n<p><em>Actualizado lunes 12 de abril de 2021 11:39 a.m.<\/em><\/p>\n<h4><em><strong>&#8211; Ontario report\u00f3 4.401 nuevos casos de COVID-19 este lunes, lo que eleva el total provincial a 391.009.<\/strong><\/em><\/h4>\n<h4><em><strong>&#8211; Quebec informa casi 1,600 nuevos casos de COVID-19 a medida que aumentan las hospitalizaciones<\/strong><\/em><\/h4>\n<h4><em><strong>&#8211; M\u00e1s de la mitad de los canadienses se sienten inc\u00f3modos con la vacuna contra AstraZeneca<\/strong><\/em><\/h4>\n<h4><em><strong>&#8211; Cientos desaf\u00edan las 8 p.m. toque de queda en protesta violenta y destructiva de la medida COVID-19 en Montreal<\/strong><\/em><\/h4>\n<p><em><strong>TORONTO.-<\/strong><\/em> El recuento de casos de este lunes es el segundo aumento m\u00e1s alto en un solo d\u00eda hasta la fecha, solo un poco m\u00e1s bajo que el del domingo, que registr\u00f3 un r\u00e9cord de 4.456 casos nuevos.<\/p>\n<p>Seg\u00fan el informe provincial, se registraron 1.282 casos en Toronto, 772 en la regi\u00f3n de Peel, 564 en la regi\u00f3n de York, 339 en Ottawa, 224 en la regi\u00f3n de Durham y 177 en la regi\u00f3n de Halton.<\/p>\n<p>Todas las dem\u00e1s unidades de salud p\u00fablica locales notificaron menos de 175 casos nuevos en el informe provincial.<\/p>\n<p>El n\u00famero de muertos en la provincia ha aumentado a 7.567, ya que se registraron 15 muertes m\u00e1s.<\/p>\n<p>Mientras tanto, se inform\u00f3 que 348,684 residentes de Ontario se hab\u00edan recuperado del COVID-19, que es aproximadamente el 89 por ciento de los casos conocidos. Los casos resueltos aumentaron en 2.445 respecto al d\u00eda anterior.<\/p>\n<p>Ontario inform\u00f3 que 1.646 personas est\u00e1n hospitalizadas con COVID-19 (un aumento de 133 respecto al d\u00eda anterior) con un m\u00e1ximo hist\u00f3rico de 619 pacientes en unidades de cuidados intensivos (un aumento de 14) y 408 pacientes en UCI con un ventilador (un aumento de 26). .<\/p>\n<p>Los casos activos en Ontario ahora ascienden a 34.758, m\u00e1s que el d\u00eda anterior cuando estaba en 32.817, y m\u00e1s que el 5 de abril cuando estaba en 25.487. En el pico de la oleada de coronavirus de la segunda ola en enero, los casos activos llegaron a poco m\u00e1s de 30.000.<\/p>\n<p>El promedio de siete d\u00edas ahora ha llegado a 3.782, frente a ayer en 3.573, y est\u00e1 por encima de la semana pasada en 2.758. Hace un mes, el promedio de siete d\u00edas era de alrededor de 1.300.<\/p>\n<p>El gobierno dijo que se procesaron 47.929 pruebas en las \u00faltimas 24 horas. Actualmente hay una acumulaci\u00f3n de 24.796 pruebas en espera de resultados. Se han completado un total de 13.196.288 pruebas desde el inicio de la pandemia.<\/p>\n<p>La positividad de la prueba del lunes fue del 9,5 por ciento, la tasa m\u00e1s alta desde la segunda ola en enero. Esa cifra es superior a la del domingo en 7,7 por ciento, y es superior a la semana pasada cuando fue 7,8 por ciento.<\/p>\n<p>A partir de las 8 p.m. el domingo, el gobierno provincial inform\u00f3 haber administrado 3.214.465 dosis totales de la vacuna COVID-19. Eso marca un aumento de 74,722 vacunas en el \u00faltimo d\u00eda. Hay 333,419 personas completamente vacunadas con dos dosis.<\/p>\n<p>Pfizer-BioNTech, Moderna, Oxford-AstraZeneca y Johnson and Johnson son las vacunas aprobadas actualmente en Canad\u00e1. Las primeras tres requieren dos inyecciones administradas con varias semanas de diferencia, mientras que la cuarta requiere solo una. Las vacunas J &amp; J a\u00fan no han llegado a Canad\u00e1.<\/p>\n<p><em><strong>Variantes preocupantes en Ontario<\/strong><\/em><\/p>\n<p>Los funcionarios han enumerado datos desglosados \u200b\u200bpara los nuevos COV (variantes de inter\u00e9s) detectados hasta ahora en la provincia, que consisten en B.1.1.7 (detectado por primera vez en el Reino Unido), B.1.351 (detectado por primera vez en Sud\u00e1frica), P .1 (detectada por primera vez en Brasil), as\u00ed como mutaciones que no tienen un linaje determinado.<\/p>\n<p>El VOC B.1.1.7 es actualmente la cepa conocida dominante con 16,540 casos variantes, que ha aumentado en 2153 desde el d\u00eda anterior, 81 casos con variantes B.1.351 que ha aumentado en tres y 140 casos con variantes P.1 que ha aumentado. a las seis.<\/p>\n<p>Aqu\u00ed hay un desglose del total de casos en Ontario por g\u00e9nero y edad:<\/p>\n<p>193,719 personas son hombres, un aumento de 2,162 casos.<br \/>\n195.032 personas son mujeres, un aumento de 2.036 casos.<br \/>\n58.096 personas tienen 19 a\u00f1os o menos, un aumento de 799 casos.<br \/>\n143.532 personas tienen entre 20 y 39 a\u00f1os, un aumento de 1.599 casos.<br \/>\n112,372 personas tienen entre 40 y 59 a\u00f1os, un aumento de 1,229 casos.<br \/>\n54.696 personas tienen entre 60 y 79 a\u00f1os, un aumento de 542 casos.<br \/>\n22,222 personas tienen 80 a\u00f1os o m\u00e1s, un aumento de 57 casos.<br \/>\nLa provincia se\u00f1ala que no todos los casos tienen una edad o sexo reportados.<br \/>\nAqu\u00ed hay un desglose del total de muertes relacionadas con COVID-19 por edad:<\/p>\n<p>Muertes reportadas en menores de 19 a\u00f1os: 2<br \/>\nMuertes reportadas en edades de 20 a 39: 36<br \/>\nMuertes reportadas en edades de 40 a 59: 329<br \/>\nMuertes reportadas en edades de 60 a 79: 2,166<br \/>\nMuertes reportadas en 80 a\u00f1os o m\u00e1s: 5.033<br \/>\nLa provincia se\u00f1ala que puede haber un retraso en la notificaci\u00f3n de las muertes y que las correcciones o actualizaciones de datos pueden dar lugar a la eliminaci\u00f3n de los registros de defunci\u00f3n.<\/p>\n<p><em><strong>Casos, muertes y brotes en hogares de cuidados a largo plazo de Ontario<\/strong><\/em><\/p>\n<p>Seg\u00fan el Ministerio de Cuidados a Largo Plazo, se han reportado 3.755 muertes entre residentes y pacientes en hogares de cuidados a largo plazo en Ontario, lo que no aument\u00f3 desde ayer. Se han informado 11 muertes relacionadas con virus en total entre el personal.<\/p>\n<p>Hay 41 brotes actuales en los hogares, que no ha cambiado con respecto al d\u00eda anterior.<\/p>\n<p>El ministerio tambi\u00e9n indic\u00f3 que actualmente hay 24 casos activos entre los residentes de cuidados a largo plazo y 120 casos activos entre el personal: un aumento de uno y un aumento de tres, respectivamente, en el \u00faltimo d\u00eda.<\/p>\n<p>&nbsp;<\/p>\n<h4><em><strong>Quebec informa casi 1,600 nuevos casos de COVID-19 a medida que aumentan las hospitalizaciones<\/strong><\/em><\/h4>\n<p><img loading=\"lazy\" decoding=\"async\" class=\"alignnone size-medium wp-image-497077\" src=\"https:\/\/diarioelpopular.com\/wp-content\/uploads\/2021\/04\/Screen-Shot-2021-04-12-at-11.27.54-AM-300x176.png\" alt=\"\" width=\"300\" height=\"176\" srcset=\"https:\/\/diarioelpopular.com\/wp-content\/uploads\/2021\/04\/Screen-Shot-2021-04-12-at-11.27.54-AM-300x176.png 300w, https:\/\/diarioelpopular.com\/wp-content\/uploads\/2021\/04\/Screen-Shot-2021-04-12-at-11.27.54-AM-768x451.png 768w, https:\/\/diarioelpopular.com\/wp-content\/uploads\/2021\/04\/Screen-Shot-2021-04-12-at-11.27.54-AM-636x374.png 636w, https:\/\/diarioelpopular.com\/wp-content\/uploads\/2021\/04\/Screen-Shot-2021-04-12-at-11.27.54-AM-124x73.png 124w, https:\/\/diarioelpopular.com\/wp-content\/uploads\/2021\/04\/Screen-Shot-2021-04-12-at-11.27.54-AM.png 1024w\" sizes=\"auto, (max-width: 300px) 100vw, 300px\" \/><\/p>\n<p><em><strong>MONTREAL.-<\/strong> <\/em>Quebec registr\u00f3 1.599 nuevos casos de COVID-19 y dos muertes m\u00e1s relacionadas con la pandemia este lunes a medida que la tercera ola se profundiza en la provincia.<\/p>\n<p>El n\u00famero de casos, que sigue siendo uno de los m\u00e1s altos del pa\u00eds, asciende a 327.982. Mientras tanto, las recuperaciones han superado las 304.000.<\/p>\n<p>La crisis de salud ha matado a 10.744 quebequenses hasta la fecha. El asombroso n\u00famero de muertos representa casi la mitad de las muertes de Canad\u00e1.<\/p>\n<p>El n\u00famero de hospitalizaciones relacionadas con el nuevo coronavirus aument\u00f3 de 22 a 630. Esto incluye a 142 pacientes en cuidados intensivos, un aumento de tres respecto al d\u00eda anterior.<\/p>\n<p>Los esfuerzos de vacunaci\u00f3n continuaron aumentando durante el fin de semana. La provincia dice que el domingo se administraron 52.705 dosis, con m\u00e1s de 1,9 millones de inyecciones administradas hasta la fecha.<\/p>\n<p>La informaci\u00f3n de detecci\u00f3n m\u00e1s reciente muestra que el s\u00e1bado se llevaron a cabo 27.132 pruebas.<\/p>\n<p><em><strong>Vacunaci\u00f3n abierta a enfermos cr\u00f3nicos en Montreal<\/strong><\/em><\/p>\n<p>Quebec tambi\u00e9n ha ampliado su campa\u00f1a de vacunaci\u00f3n para incluir a las personas con enfermedades cr\u00f3nicas en Montreal a partir del lunes.<\/p>\n<p>Las personas que reciben tratamiento para determinadas enfermedades pueden vacunarse si obtienen el visto bueno de su m\u00e9dico.<\/p>\n<p>Las personas elegibles incluyen aquellas que est\u00e1n hospitalizadas por una afecci\u00f3n como enfermedad card\u00edaca, renal o pulmonar, presi\u00f3n arterial alta, diabetes y algunas formas de inmunosupresi\u00f3n.<\/p>\n<p>Los habitantes de Montreal que reciben tratamiento ambulatorio para di\u00e1lisis, los receptores de donantes de \u00f3rganos y muchos pacientes con c\u00e1ncer tambi\u00e9n pueden recibir una de las vacunas, que en su mayor\u00eda se administran en hospitales.<\/p>\n<p>El ministro de Salud, Christian Dub\u00e9, tambi\u00e9n se dirigi\u00f3 a Twitter el lunes para decir que se mantendr\u00e1n cl\u00ednicas sin cita previa para cualquier persona que tenga 55 a\u00f1os o m\u00e1s para recibir su primera inyecci\u00f3n de la vacuna Oxford-AstraZeneca. La medida se produce en medio de una gran demanda, dijo.<\/p>\n<p>La semana pasada, el gobierno ampli\u00f3 su implementaci\u00f3n de vacunas para incluir a trabajadores esenciales, como maestros y socorristas, en Montreal.<\/p>\n<p>&nbsp;<\/p>\n<h4><em><strong>M\u00e1s de la mitad de los canadienses se sienten inc\u00f3modos con la vacuna contra AstraZeneca<\/strong><\/em><\/h4>\n<p><img loading=\"lazy\" decoding=\"async\" class=\"size-medium wp-image-497074\" src=\"https:\/\/diarioelpopular.com\/wp-content\/uploads\/2021\/04\/AMB114-322_2021_150851-300x200.jpg\" alt=\"\" width=\"300\" height=\"200\" srcset=\"https:\/\/diarioelpopular.com\/wp-content\/uploads\/2021\/04\/AMB114-322_2021_150851-300x200.jpg 300w, https:\/\/diarioelpopular.com\/wp-content\/uploads\/2021\/04\/AMB114-322_2021_150851-768x512.jpg 768w, https:\/\/diarioelpopular.com\/wp-content\/uploads\/2021\/04\/AMB114-322_2021_150851-636x424.jpg 636w, https:\/\/diarioelpopular.com\/wp-content\/uploads\/2021\/04\/AMB114-322_2021_150851-109x73.jpg 109w, https:\/\/diarioelpopular.com\/wp-content\/uploads\/2021\/04\/AMB114-322_2021_150851.jpg 1024w\" sizes=\"auto, (max-width: 300px) 100vw, 300px\" \/><\/p>\n<p><em><strong>OTTAWA.-<\/strong> <\/em>Una nueva encuesta ha encontrado que menos de la mitad de los canadienses que quieren vacunarse contra el COVID-19 se sentir\u00edan c\u00f3modos recibiendo la inyecci\u00f3n de AstraZeneca.<\/p>\n<p>Seg\u00fan la nueva encuesta de Angus Reid, el 41 por ciento de los encuestados dijeron que aceptar\u00edan la inyecci\u00f3n, mientras que el 23 por ciento dijeron que rechazar\u00edan una dosis de AstraZeneca si se les ofreciera.<\/p>\n<p>Los investigadores dicen que el nivel de malestar fue m\u00e1s alto entre las mujeres mayores de 34 a\u00f1os, y dos de cada cinco dijeron que se sienten &#8220;extremadamente inc\u00f3modas&#8221; con la idea de recibir la vacuna AstraZeneca.<\/p>\n<p>Los hallazgos se producen despu\u00e9s de semanas de preguntas, preocupaciones sobre co\u00e1gulos sangu\u00edneos y cambios en la orientaci\u00f3n sobre qui\u00e9n puede recibir AstraZeneca.<\/p>\n<p>A pesar de esto, el deseo de vacunarse contin\u00faa aumentando y la encuesta encontr\u00f3 que el 69 por ciento de los encuestados ha recibido una dosis o le gustar\u00eda vacunarse lo antes posible.<\/p>\n<p>Hasta la fecha, alrededor del 18 por ciento de los canadienses han recibido al menos una dosis de la vacuna COVID-19. La encuesta sugiere que la respuesta a la vacuna ha sido abrumadoramente positiva.<\/p>\n<p>Casi el 90 por ciento de los encuestados dice que vacunarse fue una muy buena experiencia, mientras que el 11 por ciento dice que estuvo bien.<\/p>\n<p>Ontario est\u00e1 duplicando el n\u00famero de farmacias involucradas en el esfuerzo provincial de vacunas.<\/p>\n<p>La provincia dijo que 700 nuevas farmacias en los puntos calientes de COVID-19 comenzar\u00e1n a ofrecer la vacuna Oxford-AstraZeneca tan pronto como la pr\u00f3xima semana, lo que eleva el n\u00famero total a 1.400.<\/p>\n<p>Agreg\u00f3 que la expansi\u00f3n ayudar\u00e1 a vacunar a los mayores de 55 a\u00f1os, que actualmente son los \u00fanicos autorizados para recibir la vacuna AstraZeneca.<\/p>\n<p>La provincia anot\u00f3 que espera agregar otras 100 farmacias al esfuerzo de vacunaci\u00f3n para fin de mes.<\/p>\n<p>El premier de Ontario, Doug Ford, recibi\u00f3 su primera dosis de la inyecci\u00f3n de AstraZeneca el viernes por la ma\u00f1ana en Etobicoke y la ministra de salud, Christine Elliott, recibi\u00f3 su primera dosis hace dos semanas.<\/p>\n<p>Elliott dijo que recibir\u00eda la vacuna p\u00fablicamente para ayudar a combatir las dudas sobre la vacuna y demostrar a los residentes que la vacuna es segura y salva vidas.<\/p>\n<p>El alcalde de Toronto, John Tory, recibi\u00f3 su primera dosis de AstraZeneca el s\u00e1bado en una farmacia en el centro de Toronto.<\/p>\n<p>El fabricante de medicamentos actualiz\u00f3 recientemente los datos de eficacia de su vacuna, diciendo que la inyecci\u00f3n es 76 por ciento efectiva contra los s\u00edntomas leves del virus y 100 por ciento efectiva para prevenir enfermedades graves.<\/p>\n<p>&nbsp;<\/p>\n<h4><em><strong>Cientos desaf\u00edan las 8 p.m. toque de queda en protesta violenta y destructiva de la medida COVID-19 en Montreal<\/strong><\/em><\/h4>\n<p><img loading=\"lazy\" decoding=\"async\" class=\"alignnone size-medium wp-image-497075\" src=\"https:\/\/diarioelpopular.com\/wp-content\/uploads\/2021\/04\/Screen-Shot-2021-04-12-at-11.28.32-AM-300x167.png\" alt=\"\" width=\"300\" height=\"167\" srcset=\"https:\/\/diarioelpopular.com\/wp-content\/uploads\/2021\/04\/Screen-Shot-2021-04-12-at-11.28.32-AM-300x167.png 300w, https:\/\/diarioelpopular.com\/wp-content\/uploads\/2021\/04\/Screen-Shot-2021-04-12-at-11.28.32-AM-768x427.png 768w, https:\/\/diarioelpopular.com\/wp-content\/uploads\/2021\/04\/Screen-Shot-2021-04-12-at-11.28.32-AM-636x353.png 636w, https:\/\/diarioelpopular.com\/wp-content\/uploads\/2021\/04\/Screen-Shot-2021-04-12-at-11.28.32-AM-131x73.png 131w, https:\/\/diarioelpopular.com\/wp-content\/uploads\/2021\/04\/Screen-Shot-2021-04-12-at-11.28.32-AM.png 1024w\" sizes=\"auto, (max-width: 300px) 100vw, 300px\" \/><\/p>\n<p><em><strong>MONTREAL.-<\/strong> <\/em>La polic\u00eda de esta ciudad arrest\u00f3 a siete personas y reparti\u00f3 m\u00e1s de 100 multas a personas que desobedec\u00edan las pautas de salud p\u00fablica del COVID-19 despu\u00e9s de que una protesta contra un toque de queda anterior se convirtiera en vandalismo y violencia.<\/p>\n<p>Cientos de personas se reunieron en el Puerto Viejo de la ciudad este domingo por la noche para manifestarse contra la decisi\u00f3n del gobierno de Quebec de retrasar el toque de queda a las 8 p.m. en Montreal y Laval en medio del aumento de infecciones en la provincia.<\/p>\n<p>La ministra de Seguridad P\u00fablica de Quebec, Genevi\u00e8ve Guilbault, dijo que eventos como los del domingo por la noche en el Viejo Montreal &#8220;no se pueden tolerar&#8221;.<\/p>\n<p>&#8220;Tenemos derecho a expresar nuestro desacuerdo, pero debemos hacerlo con el mayor respeto por las normas de salud vigentes&#8221;, escribi\u00f3 en las redes sociales este lunes por la ma\u00f1ana.<\/p>\n<p>La polic\u00eda dijo que todav\u00eda est\u00e1n investigando posibles incidentes de travesuras, incendio premeditado, allanamiento de morada y obstrucci\u00f3n a la polic\u00eda.<\/p>\n<p>La protesta comenz\u00f3 relativamente tranquila, con una multitud mayoritariamente joven bailando con la m\u00fasica de los altavoces mientras encend\u00edan fuegos artificiales y cantaban. Sin embargo, cuando algunos manifestantes comenzaron a volverse destructivos, la polic\u00eda los recibi\u00f3 con gases lacrim\u00f3genos en un intento por controlar a la multitud.<\/p>\n<p>Los videos compartidos en las redes sociales muestran a personas reunidas en las calles del puerto viejo, en su mayor\u00eda sin m\u00e1scaras ni distanciadas. Las im\u00e1genes en l\u00ednea tambi\u00e9n muestran a personas prendiendo fuego a cosas, da\u00f1ando propiedades y rompiendo ventanas de negocios locales.<\/p>\n<p><img loading=\"lazy\" decoding=\"async\" class=\"alignnone size-medium wp-image-497076\" src=\"https:\/\/diarioelpopular.com\/wp-content\/uploads\/2021\/04\/Screen-Shot-2021-04-12-at-11.32.08-AM-300x226.png\" alt=\"\" width=\"300\" height=\"226\" srcset=\"https:\/\/diarioelpopular.com\/wp-content\/uploads\/2021\/04\/Screen-Shot-2021-04-12-at-11.32.08-AM-300x226.png 300w, https:\/\/diarioelpopular.com\/wp-content\/uploads\/2021\/04\/Screen-Shot-2021-04-12-at-11.32.08-AM-97x73.png 97w, https:\/\/diarioelpopular.com\/wp-content\/uploads\/2021\/04\/Screen-Shot-2021-04-12-at-11.32.08-AM.png 631w\" sizes=\"auto, (max-width: 300px) 100vw, 300px\" \/><\/p>\n<p>Como resultado, los comerciantes est\u00e1n evaluando los da\u00f1os a sus negocios locales el lunes por la ma\u00f1ana.<\/p>\n<p>La alcaldesa de Montreal, Val\u00e9rie Plante, dijo que los equipos de la ciudad est\u00e1n en el lugar para limpiar el desastre que dej\u00f3 la protesta.<\/p>\n<p>\u201cDeploro la destrucci\u00f3n de negocios\u201d, dijo. &#8220;Invito a los habitantes de Montreal a visitar la zona y animo a los comerciantes del Viejo Montreal&#8221;.<\/p>\n<p>La protesta se produjo inmediatamente despu\u00e9s de que el primer ministro Fran\u00e7ois Legault anunciara que se est\u00e1n endureciendo las restricciones en Montreal y Laval con el restablecimiento de las 8 p.m. toque de queda a partir del domingo. Se mantendr\u00e1 hasta nuevo aviso.<\/p>\n<p>El toque de queda se implement\u00f3 por primera vez para Montreal el 9 de enero y originalmente estaba programado para permanecer hasta el 8 de febrero. Luego, el gobierno de Quebec lo extendi\u00f3 continuamente, citando que estaba ayudando a disminuir el n\u00famero de infecciones COVID-19 reportadas diariamente.<\/p>\n<p>Luego, los funcionarios lo extendieron a partir de las 8 p.m. a las 9:30 p.m. a mediados de marzo, y el jueves pasado dijeron que volver\u00edan a retroceder 90 minutos.<\/p>\n<p>Legault dijo que la medida es preventiva en medio del aumento de las infecciones por COVID-19 en toda la provincia, que llegaron a 1.535 el domingo. Los funcionarios de salud dicen que la presencia de variantes de virus m\u00e1s contagiosas hace que Montreal y Laval sean m\u00e1s vulnerables a los brotes debido a su alta poblaci\u00f3n y densidad.<\/p>\n","protected":false},"excerpt":{"rendered":"<p>Actualizado lunes 12 de abril de 2021 11:39 a.m. &#8211; Ontario report\u00f3 4.401 nuevos casos de COVID-19 este lunes, lo que eleva el total provincial&hellip;<\/p>\n","protected":false},"author":99,"featured_media":497078,"comment_status":"open","ping_status":"open","sticky":false,"template":"","format":"standard","meta":{"footnotes":""},"categories":[21,11191],"tags":[],"class_list":["post-497073","post","type-post","status-publish","format-standard","has-post-thumbnail","hentry","category-canada","category-top-news"],"_links":{"self":[{"href":"https:\/\/diarioelpopular.com\/index.php\/wp-json\/wp\/v2\/posts\/497073","targetHints":{"allow":["GET"]}}],"collection":[{"href":"https:\/\/diarioelpopular.com\/index.php\/wp-json\/wp\/v2\/posts"}],"about":[{"href":"https:\/\/diarioelpopular.com\/index.php\/wp-json\/wp\/v2\/types\/post"}],"author":[{"embeddable":true,"href":"https:\/\/diarioelpopular.com\/index.php\/wp-json\/wp\/v2\/users\/99"}],"replies":[{"embeddable":true,"href":"https:\/\/diarioelpopular.com\/index.php\/wp-json\/wp\/v2\/comments?post=497073"}],"version-history":[{"count":1,"href":"https:\/\/diarioelpopular.com\/index.php\/wp-json\/wp\/v2\/posts\/497073\/revisions"}],"predecessor-version":[{"id":497079,"href":"https:\/\/diarioelpopular.com\/index.php\/wp-json\/wp\/v2\/posts\/497073\/revisions\/497079"}],"wp:featuredmedia":[{"embeddable":true,"href":"https:\/\/diarioelpopular.com\/index.php\/wp-json\/wp\/v2\/media\/497078"}],"wp:attachment":[{"href":"https:\/\/diarioelpopular.com\/index.php\/wp-json\/wp\/v2\/media?parent=497073"}],"wp:term":[{"taxonomy":"category","embeddable":true,"href":"https:\/\/diarioelpopular.com\/index.php\/wp-json\/wp\/v2\/categories?post=497073"},{"taxonomy":"post_tag","embeddable":true,"href":"https:\/\/diarioelpopular.com\/index.php\/wp-json\/wp\/v2\/tags?post=497073"}],"curies":[{"name":"wp","href":"https:\/\/api.w.org\/{rel}","templated":true}]}}