{"id":497083,"date":"2021-04-12T11:55:06","date_gmt":"2021-04-12T15:55:06","guid":{"rendered":"https:\/\/diarioelpopular.com\/?p=497083"},"modified":"2021-04-12T11:55:06","modified_gmt":"2021-04-12T15:55:06","slug":"ecuador-el-presidente-electo-lasso-habla-de-unidad","status":"publish","type":"post","link":"https:\/\/diarioelpopular.com\/index.php\/2021\/04\/12\/ecuador-el-presidente-electo-lasso-habla-de-unidad\/","title":{"rendered":"Ecuador: El presidente electo Lasso habla de unidad"},"content":{"rendered":"<div id=\"attachment_497084\" style=\"width: 310px\" class=\"wp-caption alignnone\"><img loading=\"lazy\" decoding=\"async\" aria-describedby=\"caption-attachment-497084\" class=\"size-medium wp-image-497084\" src=\"https:\/\/diarioelpopular.com\/wp-content\/uploads\/2021\/04\/8e917395cdcccaea4f126ebfebfc1981-300x200.jpg\" alt=\"\" width=\"300\" height=\"200\" srcset=\"https:\/\/diarioelpopular.com\/wp-content\/uploads\/2021\/04\/8e917395cdcccaea4f126ebfebfc1981-300x200.jpg 300w, https:\/\/diarioelpopular.com\/wp-content\/uploads\/2021\/04\/8e917395cdcccaea4f126ebfebfc1981-109x73.jpg 109w, https:\/\/diarioelpopular.com\/wp-content\/uploads\/2021\/04\/8e917395cdcccaea4f126ebfebfc1981.jpg 476w\" sizes=\"auto, (max-width: 300px) 100vw, 300px\" \/><p id=\"caption-attachment-497084\" class=\"wp-caption-text\"><em>Guillermo Lasso, el vencedor del balotaje presidencial en Ecuador<\/em><\/p><\/div>\n<h4><em><strong>&#8220;No tengo lista a quienes perseguir y meter en la c\u00e1rcel&#8221;, dijo<\/strong><\/em><\/h4>\n<p><em><strong>QUITO 12 ABR &#8211;<\/strong><\/em> El presidente electo de Ecuador, Guillermo Lasso, prometi\u00f3 trabajar en un proyecto que englobe a todos los ciudadanos, m\u00e1s all\u00e1 de las diferencias, y subray\u00f3 un mensaje de unidad sin las persecuciones a las que est\u00e1 acostumbrado el pa\u00eds sudamericano.<br \/>\nEn sus primeras palabras como presidente electo, este domingo por la noche confi\u00f3 en que se dedicar\u00e1 &#8220;a la construcci\u00f3n de un proyecto nacional que contin\u00fae escuchando a todos porque este proyecto ser\u00e1 de todos los ecuatorianos&#8221;.<br \/>\nAdem\u00e1s, el abanderado del anticorre\u00edsmo, candidato del movimiento conservador CREO y aliado del Partido Social Cristiano, prometi\u00f3 trabajar para &#8220;un pa\u00eds democr\u00e1tico, libre, pr\u00f3spero, un pa\u00eds de libertades, un pa\u00eds donde nadie tiene que tener miedo; hoy de noche todos podemos dormir en paz y en calma&#8221;.<br \/>\n&#8220;Logremos cosas juntos, que nada ni nadie nos vuelva a dividir&#8221;, enfatiz\u00f3.<br \/>\n&#8220;Yo no llego con una lista de a quienes perseguir ni ver en la c\u00e1rcel, yo quiero ver a todos los ecuatorianos libres, que no tengan miedo al Gobierno, que no tengan miedo a disentir con el presidente de la Rep\u00fablica, que expresen sus opiniones con libertad&#8221;, resalt\u00f3 luego en mensaje de unidad Tambi\u00e9n dijo que defender\u00e1 los derechos de las mujeres, se preocupar\u00e1 de los derechos de igualdad laboral y de remuneraciones, de las madres solteras y de adolescentes embarazadas.<br \/>\nAsimismo, se refiri\u00f3 a los compromisos adquiridos con los grupos GLBTI, para &#8220;evitar que sean discriminados, estigmatizado y se\u00f1alados por su manera de ver la vida&#8221;.<br \/>\n&#8220;Este es un d\u00eda hist\u00f3rico en que todos los ecuatorianos han escogido su futuro y el deseo de mejores d\u00edas para todos&#8221;, afirm\u00f3 Lasso, tras confirmarse su victoria en el balotaje con algo m\u00e1s de 52% de respaldos.<br \/>\n&#8220;Es un d\u00eda de celebraci\u00f3n, la democracia ha triunfado. Los ecuatorianos han usado su derecho a elegir y han optado por un nuevo rumbo, muy diferente al de los \u00faltimos 14 a\u00f1os en Ecuador.<br \/>\nDesde el 24 de mayo asumiremos con responsabilidad el desaf\u00edo de cambiar los destinos de nuestra patria y lograr para todos el Ecuador de oportunidades y de prosperidad que todos anhelamos&#8221;, ampli\u00f3.<br \/>\nLasso tambi\u00e9n dijo que su contrincante en el balotaje, Andr\u00e9s Arauz, lo llam\u00f3 para felicitarlo. &#8220;Gracias por ratificar tu compromiso con el fortalecimiento de la democracia en nuestro pa\u00eds&#8221;, le dijo p\u00fablicamente el mandatario electo.<\/p>\n","protected":false},"excerpt":{"rendered":"<p>&#8220;No tengo lista a quienes perseguir y meter en la c\u00e1rcel&#8221;, dijo QUITO 12 ABR &#8211; El presidente electo de Ecuador, Guillermo Lasso, prometi\u00f3 trabajar&hellip;<\/p>\n","protected":false},"author":99,"featured_media":497084,"comment_status":"open","ping_status":"open","sticky":false,"template":"","format":"standard","meta":{"footnotes":""},"categories":[23],"tags":[],"class_list":["post-497083","post","type-post","status-publish","format-standard","has-post-thumbnail","hentry","category-latinoamerica"],"_links":{"self":[{"href":"https:\/\/diarioelpopular.com\/index.php\/wp-json\/wp\/v2\/posts\/497083","targetHints":{"allow":["GET"]}}],"collection":[{"href":"https:\/\/diarioelpopular.com\/index.php\/wp-json\/wp\/v2\/posts"}],"about":[{"href":"https:\/\/diarioelpopular.com\/index.php\/wp-json\/wp\/v2\/types\/post"}],"author":[{"embeddable":true,"href":"https:\/\/diarioelpopular.com\/index.php\/wp-json\/wp\/v2\/users\/99"}],"replies":[{"embeddable":true,"href":"https:\/\/diarioelpopular.com\/index.php\/wp-json\/wp\/v2\/comments?post=497083"}],"version-history":[{"count":1,"href":"https:\/\/diarioelpopular.com\/index.php\/wp-json\/wp\/v2\/posts\/497083\/revisions"}],"predecessor-version":[{"id":497085,"href":"https:\/\/diarioelpopular.com\/index.php\/wp-json\/wp\/v2\/posts\/497083\/revisions\/497085"}],"wp:featuredmedia":[{"embeddable":true,"href":"https:\/\/diarioelpopular.com\/index.php\/wp-json\/wp\/v2\/media\/497084"}],"wp:attachment":[{"href":"https:\/\/diarioelpopular.com\/index.php\/wp-json\/wp\/v2\/media?parent=497083"}],"wp:term":[{"taxonomy":"category","embeddable":true,"href":"https:\/\/diarioelpopular.com\/index.php\/wp-json\/wp\/v2\/categories?post=497083"},{"taxonomy":"post_tag","embeddable":true,"href":"https:\/\/diarioelpopular.com\/index.php\/wp-json\/wp\/v2\/tags?post=497083"}],"curies":[{"name":"wp","href":"https:\/\/api.w.org\/{rel}","templated":true}]}}