{"id":497096,"date":"2021-04-13T12:31:46","date_gmt":"2021-04-13T16:31:46","guid":{"rendered":"https:\/\/diarioelpopular.com\/?p=497096"},"modified":"2021-04-13T12:31:46","modified_gmt":"2021-04-13T16:31:46","slug":"mexico-minimiza-anuncio-eeuu-frontera-sur","status":"publish","type":"post","link":"https:\/\/diarioelpopular.com\/index.php\/2021\/04\/13\/mexico-minimiza-anuncio-eeuu-frontera-sur\/","title":{"rendered":"M\u00e9xico minimiza anuncio EEUU frontera sur"},"content":{"rendered":"<div id=\"attachment_497097\" style=\"width: 310px\" class=\"wp-caption alignnone\"><img loading=\"lazy\" decoding=\"async\" aria-describedby=\"caption-attachment-497097\" class=\"size-medium wp-image-497097\" src=\"https:\/\/diarioelpopular.com\/wp-content\/uploads\/2021\/04\/5af2ee5f1918d0c4a0462dc22e1718c1-300x200.jpg\" alt=\"\" width=\"300\" height=\"200\" srcset=\"https:\/\/diarioelpopular.com\/wp-content\/uploads\/2021\/04\/5af2ee5f1918d0c4a0462dc22e1718c1-300x200.jpg 300w, https:\/\/diarioelpopular.com\/wp-content\/uploads\/2021\/04\/5af2ee5f1918d0c4a0462dc22e1718c1-110x73.jpg 110w, https:\/\/diarioelpopular.com\/wp-content\/uploads\/2021\/04\/5af2ee5f1918d0c4a0462dc22e1718c1.jpg 476w\" sizes=\"auto, (max-width: 300px) 100vw, 300px\" \/><p id=\"caption-attachment-497097\" class=\"wp-caption-text\"><em>Refugio de migrantes en M\u00e9xico<\/em><br \/><em>(foto: EPA)<\/em><\/p><\/div>\n<h4><em><strong>&#8220;Nada nuevo&#8221; en reforzamiento zona lim\u00edtrofe, seg\u00fan Canciller\u00eda<\/strong><\/em><\/h4>\n<p><em><strong>CIUDAD DE MEXICO, 13 APR &#8211;<\/strong> <\/em>El gobierno mexicano rest\u00f3 importancia al anuncio del gobierno estadounidense de un acuerdo para desplegar 10.000 soldados en la frontera sur de M\u00e9xico a fin de frenar la avalancha migratoria en curso hacia el norte. No hay &#8220;nada nuevo&#8221; en el reforzamiento de la vigilancia lim\u00edtrofe en M\u00e9xico, se\u00f1al\u00f3 la Canciller\u00eda mexicana, al indicar que este pa\u00eds &#8220;mantendr\u00e1 el despliegue ya existente de fuerzas federales&#8221; en sus confines con Centroam\u00e9rica.<\/p>\n<p>El objetivo es &#8220;hacer cumplir su propia legislaci\u00f3n migratoria, atender a los migrantes y combatir el tr\u00e1fico de personas&#8221;, explic\u00f3 a trav\u00e9s de Twitter el ministerio de Relaciones Exteriores. La Canciller\u00eda mexicana se limit\u00f3 a indicar que &#8220;los operativos de las fuerzas federales de seguridad en su franja fronteriza sur tienen varias semanas y responden a su propia estrategia para cumplir con la ley de migraci\u00f3n&#8221;. &#8220;El gobierno de M\u00e9xico favorece una migraci\u00f3n ordenada, segura, regular y con apego a los derechos humanos, adem\u00e1s de que sostiene que el desarrollo econ\u00f3mico y social es la \u00fanica soluci\u00f3n de fondo al fen\u00f3meno migratorio&#8221;, se\u00f1al\u00f3.<\/p>\n<p>El pasado 19 de marzo, M\u00e9xico cerr\u00f3 su frontera sur al tr\u00e1nsito terrestre no esencial con el argumento de evitar la propagaci\u00f3n del Covid-19 y ese mismo d\u00eda despleg\u00f3 operativos con elementos de corporaciones de seguridad, como la Guardia Nacional. La decisi\u00f3n desat\u00f3 un coro generalizado de cr\u00edticas y reproches al gobierno mexicano por su obsecuencia como resultado de las presiones de su poderoso vecino. La Canciller\u00eda no hizo ninguna referencia a un convenio espec\u00edfico que incluir\u00e1 mantener 10.000 elementos en la regi\u00f3n sur de M\u00e9xico.<\/p>\n<p>Tras la crisis migratoria, por medio de las llamadas &#8220;caravanas&#8221; procedentes de Honduras, en octubre de 2018, poco antes de la llegada al poder del actual presidente Andr\u00e9s L\u00f3pez Obrador, fueron desplegados m\u00e1s de 25.000 elementos de la Guardia Nacional, es decir, m\u00e1s del doble de la cifra actual. En junio del 2019, el entonces vicepresidente Mike Pence elogi\u00f3 el despliegue de los soldados y la postura de colaboraci\u00f3n del gobierno mexicano y dijo que este hac\u00eda &#8220;m\u00e1s que los dem\u00f3cratas en el Congreso para asegurar nuestra frontera&#8221;.<\/p>\n<p>La colaboraci\u00f3n mexicana se dio a conocer luego que el presidente Donald Trump amenaz\u00f3 con imponer fuertes aranceles a las exportaciones mexicanas. Ahora, sin embargo, existen versiones de que el gobierno mexicano decidi\u00f3 ayudar a Washington frenando la migraci\u00f3n centroamericana a cambio de 2,7 millones de vacunas de la firma anglo-sueca AstraZeneca, aunque la Canciller\u00eda rechaz\u00f3 firmemente la existencia de un &#8220;quid pro quo&#8221;. El director general para Am\u00e9rica del Norte, Roberto Velasco, aclar\u00f3 que el pr\u00e9stamo de biol\u00f3gicos no ten\u00eda relaci\u00f3n alguna con el plan migratorio. &#8220;Se trata de dos temas separados de una agenda bilateral en com\u00fan&#8221;, se\u00f1al\u00f3 el mes pasado, cuando se formaliz\u00f3 el cierre de la frontera sur y comenzaron a llegar las vacunas.<\/p>\n<p>Fuentes de la canciller\u00eda se\u00f1alaron que &#8220;no hay nada nuevo&#8221; en el anuncio hecho el lunes por Jen PSaki, vocera de la Casa Blanca, quien dijo que &#8220;hubo una serie de discusiones bilaterales entre el gobierno estadounidense y los de M\u00e9xico, honduras y Guatemala, que aceptaron aumentar sus tropas en sus fronteras. Por ejemplo, se\u00f1al\u00f3 que Guatemala acord\u00f3 incrementar 1.500 sus militares desplegados y que Honduras movilizar\u00eda a 7.000 polic\u00edas y soldados. &#8220;Eso no solo evitar\u00e1 que los traficantes, los contrabandistas y los c\u00e1rteles se aprovechen de los ni\u00f1os en camino aqu\u00ed, sino tambi\u00e9n proteger\u00e1 a esos ni\u00f1os&#8221;, se\u00f1al\u00f3 Tyler Moran, asesor presidencial sobre migraci\u00f3n. La vicepresidente Kamala Harris habl\u00f3 por tel\u00e9fono con L\u00f3pez Obrador y con el canciller Marcelo Ebrard la semana pasada y acord\u00f3 con ambos &#8220;intensificar el intercambio de inteligencia para combatir a las redes de traficantes&#8221;.<\/p>\n<p>Por su parte, el Alto Comisionado de Naciones Unidas para los Refugiados (Acnur) en M\u00e9xico llam\u00f3 a fortalecer la capacidad de la Comisi\u00f3n Mexicana de Ayuda a Refugiados (Comar) para hacer frente al alud de peticiones de asilo. El oficial de Protecci\u00f3n de Acnur en M\u00e9xico, Josep Herreros, se\u00f1al\u00f3 que desde hace varios a\u00f1os ha ido &#8220;in crescendo&#8221; la petici\u00f3n de asilo pero se ha acelerado en los \u00faltimos meses, ante lo cual este organismo aument\u00f3 35% su capacidad de apoyo.<\/p>\n","protected":false},"excerpt":{"rendered":"<p>&#8220;Nada nuevo&#8221; en reforzamiento zona lim\u00edtrofe, seg\u00fan Canciller\u00eda CIUDAD DE MEXICO, 13 APR &#8211; El gobierno mexicano rest\u00f3 importancia al anuncio del gobierno estadounidense de&hellip;<\/p>\n","protected":false},"author":99,"featured_media":497097,"comment_status":"open","ping_status":"open","sticky":false,"template":"","format":"standard","meta":{"footnotes":""},"categories":[23],"tags":[],"class_list":["post-497096","post","type-post","status-publish","format-standard","has-post-thumbnail","hentry","category-latinoamerica"],"_links":{"self":[{"href":"https:\/\/diarioelpopular.com\/index.php\/wp-json\/wp\/v2\/posts\/497096","targetHints":{"allow":["GET"]}}],"collection":[{"href":"https:\/\/diarioelpopular.com\/index.php\/wp-json\/wp\/v2\/posts"}],"about":[{"href":"https:\/\/diarioelpopular.com\/index.php\/wp-json\/wp\/v2\/types\/post"}],"author":[{"embeddable":true,"href":"https:\/\/diarioelpopular.com\/index.php\/wp-json\/wp\/v2\/users\/99"}],"replies":[{"embeddable":true,"href":"https:\/\/diarioelpopular.com\/index.php\/wp-json\/wp\/v2\/comments?post=497096"}],"version-history":[{"count":1,"href":"https:\/\/diarioelpopular.com\/index.php\/wp-json\/wp\/v2\/posts\/497096\/revisions"}],"predecessor-version":[{"id":497098,"href":"https:\/\/diarioelpopular.com\/index.php\/wp-json\/wp\/v2\/posts\/497096\/revisions\/497098"}],"wp:featuredmedia":[{"embeddable":true,"href":"https:\/\/diarioelpopular.com\/index.php\/wp-json\/wp\/v2\/media\/497097"}],"wp:attachment":[{"href":"https:\/\/diarioelpopular.com\/index.php\/wp-json\/wp\/v2\/media?parent=497096"}],"wp:term":[{"taxonomy":"category","embeddable":true,"href":"https:\/\/diarioelpopular.com\/index.php\/wp-json\/wp\/v2\/categories?post=497096"},{"taxonomy":"post_tag","embeddable":true,"href":"https:\/\/diarioelpopular.com\/index.php\/wp-json\/wp\/v2\/tags?post=497096"}],"curies":[{"name":"wp","href":"https:\/\/api.w.org\/{rel}","templated":true}]}}